{"id":54586,"date":"2025-05-30T14:05:02","date_gmt":"2025-05-30T17:05:02","guid":{"rendered":"https:\/\/radiorevelacionfm.cl\/?p=54586"},"modified":"2025-05-30T14:05:02","modified_gmt":"2025-05-30T17:05:02","slug":"seguimos-impulsando-la-inversion-para-potenciar-el-crecimiento-economico-de-nuestro-pais","status":"publish","type":"post","link":"https:\/\/radiorevelacionfm.cl\/?p=54586","title":{"rendered":"Seguimos impulsando la inversi\u00f3n para potenciar el crecimiento econ\u00f3mico de nuestro Pa\u00eds"},"content":{"rendered":"<div class=\"flex_column av_one_full  flex_column_div av-zero-column-padding first  avia-builder-el-0  el_before_av_one_full  avia-builder-el-first  \" style='border-radius:0px; '><div  class='avia-image-container  av-styling-    avia-builder-el-1  avia-builder-el-no-sibling  avia-align-center '  itemprop=\"image\" itemscope=\"itemscope\" itemtype=\"https:\/\/schema.org\/ImageObject\"  ><div class='avia-image-container-inner'><div class='avia-image-overlay-wrap'><img decoding=\"async\" class='wp-image-52042 avia-img-lazy-loading-not-52042 avia_image' src=\"https:\/\/radiorevelacionfm.cl\/wp-content\/uploads\/2025\/04\/seremis-economia-y-gobierno-1_optimized.jpeg\" alt='' title='seremis-econom\u00eda-y-gobierno-(1)_optimized' height=\"650\" width=\"802\"  itemprop=\"thumbnailUrl\" srcset=\"https:\/\/radiorevelacionfm.cl\/wp-content\/uploads\/2025\/04\/seremis-economia-y-gobierno-1_optimized.jpeg 802w, https:\/\/radiorevelacionfm.cl\/wp-content\/uploads\/2025\/04\/seremis-economia-y-gobierno-1_optimized-300x243.jpeg 300w, https:\/\/radiorevelacionfm.cl\/wp-content\/uploads\/2025\/04\/seremis-economia-y-gobierno-1_optimized-768x622.jpeg 768w, https:\/\/radiorevelacionfm.cl\/wp-content\/uploads\/2025\/04\/seremis-economia-y-gobierno-1_optimized-495x400.jpeg 495w, https:\/\/radiorevelacionfm.cl\/wp-content\/uploads\/2025\/04\/seremis-economia-y-gobierno-1_optimized-705x571.jpeg 705w, https:\/\/radiorevelacionfm.cl\/wp-content\/uploads\/2025\/04\/seremis-economia-y-gobierno-1_optimized-450x365.jpeg 450w, https:\/\/radiorevelacionfm.cl\/wp-content\/uploads\/2025\/04\/seremis-economia-y-gobierno-1_optimized-600x486.jpeg 600w\" sizes=\"(max-width: 802px) 100vw, 802px\" \/><\/div><\/div><\/div><\/div><div class=\"flex_column av_one_full  flex_column_div av-zero-column-padding first  avia-builder-el-2  el_after_av_one_full  el_before_av_one_full  column-top-margin\" style='border-radius:0px; '><section class=\"av_textblock_section \"  itemscope=\"itemscope\" itemtype=\"https:\/\/schema.org\/BlogPosting\" itemprop=\"blogPost\" ><div class='avia_textblock  '   itemprop=\"text\" ><p style=\"text-align: center;\"><span style=\"font-size: 18pt;\"><strong>Seguimos impulsando la inversi\u00f3n para potenciar el crecimiento econ\u00f3mico de nuestro Pa\u00eds<\/strong><\/span><\/p>\n<div id=\"gtx-trans\" style=\"position: absolute; left: -50px; top: 4.31534px;\">\n<div class=\"gtx-trans-icon\"><\/div>\n<\/div>\n<\/div><\/section><\/div><div class=\"flex_column av_one_full  flex_column_div av-zero-column-padding first  avia-builder-el-4  el_after_av_one_full  el_before_av_hr  column-top-margin\" style='border-radius:0px; '><section class=\"av_textblock_section \"  itemscope=\"itemscope\" itemtype=\"https:\/\/schema.org\/BlogPosting\" itemprop=\"blogPost\" ><div class='avia_textblock  '   itemprop=\"text\" ><p style=\"text-align: justify;\">Con una participaci\u00f3n hist\u00f3rica de m\u00e1s de 600 asistentes \u2014400 de ellos inversionistas y representantes internacionales\u2014 se desarroll\u00f3 en la ciudad de Nueva York una nueva edici\u00f3n de <em>Chile Day<\/em>, evento clave que posiciona a nuestro pa\u00eds como un destino confiable y atractivo para la inversi\u00f3n extranjera, con un enfoque en desarrollo sostenible<\/p>\n<p style=\"text-align: justify;\">El evento, que se ha consolidado como una vitrina internacional para promover las fortalezas econ\u00f3micas de Chile, permiti\u00f3 fortalecer v\u00ednculos con sectores clave como la miner\u00eda, la salmonicultura y los fondos de inversi\u00f3n, destacando las oportunidades que ofrece nuestro pa\u00eds en materia de estabilidad, apertura econ\u00f3mica y sostenibilidad.<\/p>\n<p style=\"text-align: justify;\">El Ministro de Hacienda, Mario Marcel, destac\u00f3 que Chile atraviesa actualmente un momento econ\u00f3mico favorable, con menores niveles de incertidumbre, tras haber superado etapas claves como el proceso constitucional y la tramitaci\u00f3n de reformas estructurales. <em>\u201cHoy en d\u00eda hay mucho menos incertidumbre en la econom\u00eda chilena. Estamos reduciendo los tiempos de tramitaci\u00f3n de permisos, impulsando la inversi\u00f3n y promoviendo un crecimiento econ\u00f3mico que beneficie directamente a las familias chilenas\u201d,<\/em> dijo.<\/p>\n<p style=\"text-align: justify;\">El Seremi de Econom\u00eda, Felipe Rojas, se\u00f1al\u00f3 que \u201c<em>En el marco de la visita del Ministro Grau, de Econom\u00eda, junto con otras autoridades nacionales a Nueva York, presentaron el proyecto de ley de permisos sectoriales. Dicho proyecto lo que tiene es que garantiza la oportunidad en la entrega de respuesta para la solicitud de permiso frente a inversiones importantes en el pa\u00eds. Eso significa que se reducen los tiempos entre un 30 y un 70%, con lo cual se hace m\u00e1s efectiva y m\u00e1s directa la inversi\u00f3n en nuestro Pa\u00eds en pos del desarrollo\u201d.<\/em><\/p>\n<p style=\"text-align: justify;\">La Seremi de Gobierno, \u00darsula Mix, destac\u00f3 la relevancia de estas acciones:<br \/>\n<em>\u00abEs importante para los ayseninas y ayseninos conocer lo que se est\u00e1 desarrollando en t\u00e9rminos de pol\u00edtica internacional, en lo econ\u00f3mico, la relaci\u00f3n con otros pa\u00edses como Estados Unidos y pertenecientes a Asia nos permite poder poner nuestros productos en el mercado internacional y as\u00ed poder avanzar hacia el desarrollo.<\/em><\/p>\n<p style=\"text-align: justify;\">La edici\u00f3n 2025 del Chile Day no solo refuerza los lazos econ\u00f3micos con Estados Unidos, sino que tambi\u00e9n consolida a Chile como un pa\u00eds serio, confiable y preparado para enfrentar los desaf\u00edos del futuro, con una econom\u00eda abierta, transparente y comprometida con el desarrollo sostenible.<\/p>\n<\/div><\/section><\/div><div  style='height:50px' class='hr hr-invisible   avia-builder-el-6  el_after_av_one_full  el_before_av_social_share '><span class='hr-inner ' ><span class='hr-inner-style'><\/span><\/span><\/div><\/p>\n<div  class='av-social-sharing-box  avia-builder-el-7  el_after_av_hr  el_before_av_hr  '><div class='av-share-box'><h5 class='av-share-link-description av-no-toc '>Compartir esta noticia<\/h5><ul class='av-share-box-list noLightbox'><li class='av-share-link av-social-link-facebook' ><a target=\"_blank\" aria-label=\"Compartir en Facebook\" href='https:\/\/www.facebook.com\/sharer.php?u=https:\/\/radiorevelacionfm.cl\/?p=54586&#038;t=Seguimos%20impulsando%20la%20inversi%C3%B3n%20para%20potenciar%20el%20crecimiento%20econ%C3%B3mico%20de%20nuestro%20Pa%C3%ADs' aria-hidden='false' data-av_icon='\ue8f3' data-av_iconfont='entypo-fontello' title='' data-avia-related-tooltip='Compartir en Facebook' rel=\"noopener\"><span class='avia_hidden_link_text'>Compartir en Facebook<\/span><\/a><\/li><li class='av-share-link av-social-link-twitter' ><a target=\"_blank\" aria-label=\"Compartir en Twitter\" href='https:\/\/twitter.com\/share?text=Seguimos%20impulsando%20la%20inversi%C3%B3n%20para%20potenciar%20el%20crecimiento%20econ%C3%B3mico%20de%20nuestro%20Pa%C3%ADs&#038;url=https:\/\/radiorevelacionfm.cl\/?p=54586' aria-hidden='false' data-av_icon='\ue8f1' data-av_iconfont='entypo-fontello' title='' data-avia-related-tooltip='Compartir en Twitter' rel=\"noopener\"><span class='avia_hidden_link_text'>Compartir en Twitter<\/span><\/a><\/li><li class='av-share-link av-social-link-whatsapp' ><a target=\"_blank\" aria-label=\"Compartir en Whatsapp\" href='https:\/\/api.whatsapp.com\/send?text=https:\/\/radiorevelacionfm.cl\/?p=54586' aria-hidden='false' data-av_icon='\uf232' data-av_iconfont='entypo-fontello' title='' data-avia-related-tooltip='Compartir en Whatsapp' rel=\"noopener\"><span class='avia_hidden_link_text'>Compartir en Whatsapp<\/span><\/a><\/li><li class='av-share-link av-social-link-linkedin' ><a target=\"_blank\" aria-label=\"Compartir en LinkedIn\" href='https:\/\/linkedin.com\/shareArticle?mini=true&#038;title=Seguimos%20impulsando%20la%20inversi%C3%B3n%20para%20potenciar%20el%20crecimiento%20econ%C3%B3mico%20de%20nuestro%20Pa%C3%ADs&#038;url=https:\/\/radiorevelacionfm.cl\/?p=54586' aria-hidden='false' data-av_icon='\ue8fc' data-av_iconfont='entypo-fontello' title='' data-avia-related-tooltip='Compartir en LinkedIn' rel=\"noopener\"><span class='avia_hidden_link_text'>Compartir en LinkedIn<\/span><\/a><\/li><li class='av-share-link av-social-link-mail' ><a  aria-label=\"Compartir por correo\" href='mailto:?subject=Seguimos%20impulsando%20la%20inversi%C3%B3n%20para%20potenciar%20el%20crecimiento%20econ%C3%B3mico%20de%20nuestro%20Pa%C3%ADs&#038;body=https:\/\/radiorevelacionfm.cl\/?p=54586' aria-hidden='false' data-av_icon='\ue805' data-av_iconfont='entypo-fontello' title='' data-avia-related-tooltip='Compartir por correo'><span class='avia_hidden_link_text'>Compartir por correo<\/span><\/a><\/li><\/ul><\/div><\/div>\n<div  style='height:50px' class='hr hr-invisible   avia-builder-el-8  el_after_av_social_share  el_before_av_comments_list '><span class='hr-inner ' ><span class='hr-inner-style'><\/span><\/span><\/div>\n<div  class='av-buildercomment  av-blog-meta-html-info-disabled av-blog-meta-tag-disabled  '><\/div>\n","protected":false},"excerpt":{"rendered":"","protected":false},"author":1,"featured_media":52042,"comment_status":"closed","ping_status":"closed","sticky":false,"template":"","format":"standard","meta":{"footnotes":""},"categories":[38],"tags":[],"class_list":["post-54586","post","type-post","status-publish","format-standard","has-post-thumbnail","hentry","category-regional"],"jetpack_featured_media_url":"https:\/\/radiorevelacionfm.cl\/wp-content\/uploads\/2025\/04\/seremis-economia-y-gobierno-1_optimized.jpeg","_links":{"self":[{"href":"https:\/\/radiorevelacionfm.cl\/index.php?rest_route=\/wp\/v2\/posts\/54586","targetHints":{"allow":["GET"]}}],"collection":[{"href":"https:\/\/radiorevelacionfm.cl\/index.php?rest_route=\/wp\/v2\/posts"}],"about":[{"href":"https:\/\/radiorevelacionfm.cl\/index.php?rest_route=\/wp\/v2\/types\/post"}],"author":[{"embeddable":true,"href":"https:\/\/radiorevelacionfm.cl\/index.php?rest_route=\/wp\/v2\/users\/1"}],"replies":[{"embeddable":true,"href":"https:\/\/radiorevelacionfm.cl\/index.php?rest_route=%2Fwp%2Fv2%2Fcomments&post=54586"}],"version-history":[{"count":2,"href":"https:\/\/radiorevelacionfm.cl\/index.php?rest_route=\/wp\/v2\/posts\/54586\/revisions"}],"predecessor-version":[{"id":54588,"href":"https:\/\/radiorevelacionfm.cl\/index.php?rest_route=\/wp\/v2\/posts\/54586\/revisions\/54588"}],"wp:featuredmedia":[{"embeddable":true,"href":"https:\/\/radiorevelacionfm.cl\/index.php?rest_route=\/wp\/v2\/media\/52042"}],"wp:attachment":[{"href":"https:\/\/radiorevelacionfm.cl\/index.php?rest_route=%2Fwp%2Fv2%2Fmedia&parent=54586"}],"wp:term":[{"taxonomy":"category","embeddable":true,"href":"https:\/\/radiorevelacionfm.cl\/index.php?rest_route=%2Fwp%2Fv2%2Fcategories&post=54586"},{"taxonomy":"post_tag","embeddable":true,"href":"https:\/\/radiorevelacionfm.cl\/index.php?rest_route=%2Fwp%2Fv2%2Ftags&post=54586"}],"curies":[{"name":"wp","href":"https:\/\/api.w.org\/{rel}","templated":true}]}}