{"id":54575,"date":"2025-05-29T19:50:51","date_gmt":"2025-05-29T22:50:51","guid":{"rendered":"https:\/\/radiorevelacionfm.cl\/?p=54575"},"modified":"2025-05-29T19:50:51","modified_gmt":"2025-05-29T22:50:51","slug":"postulaciones-hasta-el-17-de-junio-sumate-al-fondo-de-innovacion-de-la-educacion-parvularia-2025","status":"publish","type":"post","link":"https:\/\/radiorevelacionfm.cl\/?p=54575","title":{"rendered":"Postulaciones hasta el 17 de junio: S\u00famate al Fondo de Innovaci\u00f3n de la Educaci\u00f3n Parvularia 2025"},"content":{"rendered":"<div class=\"flex_column av_one_full  flex_column_div av-zero-column-padding first  avia-builder-el-0  el_before_av_one_full  avia-builder-el-first  \" style='border-radius:0px; '><div  class='avia-image-container  av-styling-    avia-builder-el-1  avia-builder-el-no-sibling  avia-align-center '  itemprop=\"image\" itemscope=\"itemscope\" itemtype=\"https:\/\/schema.org\/ImageObject\"  ><div class='avia-image-container-inner'><div class='avia-image-overlay-wrap'><img decoding=\"async\" class='wp-image-54576 avia-img-lazy-loading-not-54576 avia_image' src=\"https:\/\/radiorevelacionfm.cl\/wp-content\/uploads\/2025\/05\/5-2025-05-29T175226.545-1-1.jpg\" alt='' title='5 - 2025-05-29T175226.545 (1) (1)' height=\"600\" width=\"900\"  itemprop=\"thumbnailUrl\" srcset=\"https:\/\/radiorevelacionfm.cl\/wp-content\/uploads\/2025\/05\/5-2025-05-29T175226.545-1-1.jpg 900w, https:\/\/radiorevelacionfm.cl\/wp-content\/uploads\/2025\/05\/5-2025-05-29T175226.545-1-1-300x200.jpg 300w, https:\/\/radiorevelacionfm.cl\/wp-content\/uploads\/2025\/05\/5-2025-05-29T175226.545-1-1-768x512.jpg 768w, https:\/\/radiorevelacionfm.cl\/wp-content\/uploads\/2025\/05\/5-2025-05-29T175226.545-1-1-705x470.jpg 705w, https:\/\/radiorevelacionfm.cl\/wp-content\/uploads\/2025\/05\/5-2025-05-29T175226.545-1-1-450x300.jpg 450w, https:\/\/radiorevelacionfm.cl\/wp-content\/uploads\/2025\/05\/5-2025-05-29T175226.545-1-1-600x400.jpg 600w\" sizes=\"(max-width: 900px) 100vw, 900px\" \/><\/div><\/div><\/div><\/div><div class=\"flex_column av_one_full  flex_column_div av-zero-column-padding first  avia-builder-el-2  el_after_av_one_full  el_before_av_one_full  column-top-margin\" style='border-radius:0px; '><section class=\"av_textblock_section \"  itemscope=\"itemscope\" itemtype=\"https:\/\/schema.org\/BlogPosting\" itemprop=\"blogPost\" ><div class='avia_textblock  '   itemprop=\"text\" ><p class=\"v1MsoNormal\" align=\"center\"><span style=\"font-size: 18pt;\"><b><span lang=\"ES-MX\">Postulaciones hasta el 17 de junio: S\u00famate al Fondo de Innovaci\u00f3n de la Educaci\u00f3n Parvularia 2025<\/span><\/b><\/span><\/p>\n<p class=\"v1MsoNormal\"><span lang=\"ES-MX\">\u00a0<\/span><\/p>\n<div id=\"gtx-trans\" style=\"position: absolute; left: -50px; top: 4.31534px;\">\n<div class=\"gtx-trans-icon\"><\/div>\n<\/div>\n<\/div><\/section><\/div><div class=\"flex_column av_one_full  flex_column_div av-zero-column-padding first  avia-builder-el-4  el_after_av_one_full  el_before_av_hr  column-top-margin\" style='border-radius:0px; '><section class=\"av_textblock_section \"  itemscope=\"itemscope\" itemtype=\"https:\/\/schema.org\/BlogPosting\" itemprop=\"blogPost\" ><div class='avia_textblock  '   itemprop=\"text\" ><p class=\"v1MsoNormal\" style=\"text-align: justify;\"><span lang=\"ES-MX\">Junto a la comunidad del jard\u00edn infantil Amul\u00e9n de Estaci\u00f3n Central, se realiz\u00f3 un conversatorio junto a equipos pedag\u00f3gicos y familias sobre la importancia de la innovaci\u00f3n educativa para los procesos de bienestar integral y aprendizaje de las ni\u00f1as y ni\u00f1os. En la instancia, liderada por la Subsecretaria de Educaci\u00f3n Parvularia, Claudia Lagos, se entregaron detalles sobre las postulaciones al Fondo de Innovaci\u00f3n de la Educaci\u00f3n Parvularia, FIEP 2025, proceso que se encuentra abierto para presentar proyectos hasta el 17 de junio.<\/span><\/p>\n<p class=\"v1MsoNormal\" style=\"text-align: justify;\"><span lang=\"ES-MX\">\u00a0<\/span><span lang=\"ES-MX\">La autoridad Mineduc destac\u00f3 la importancia de FIEP como una herramienta para avanzar hacia una educaci\u00f3n parvularia m\u00e1s pertinente e inclusiva: \u201cLa ciudadan\u00eda se expresa desde la sala cuna, y se construye a trav\u00e9s de pr\u00e1cticas pedag\u00f3gicas que promueven el respeto, la libre expresi\u00f3n, la participaci\u00f3n y el protagonismo de la primera infancia con su entorno. Desde una perspectiva de derechos, los proyectos postulantes deben garantizar ambientes que promuevan aprendizajes, y que reconozcan las voces, intereses y necesidades de las guaguas, ni\u00f1as y ni\u00f1os\u201d.<\/span><\/p>\n<p class=\"v1MsoNormal\" style=\"text-align: justify;\"><span lang=\"ES-MX\">\u00a0<\/span><span lang=\"ES-MX\">Continuando la l\u00ednea de potenciar a la Educaci\u00f3n Parvularia como inicio de la trayectoria educativa de ni\u00f1as y ni\u00f1os, en 2025, en su octava versi\u00f3n, FIEP financiar\u00e1 proyectos enfocados en el nivel sala cuna, potenciando as\u00ed la gesti\u00f3n curricular de ni\u00f1as y ni\u00f1os entre 0 y 1 a\u00f1o y 11 meses.\u00a0 Pueden postular todos los establecimientos con niveles Sala Cuna que reciben financiamiento del Estado.<\/span><\/p>\n<p class=\"v1MsoNormal\" style=\"text-align: justify;\"><span lang=\"ES-MX\">\u00a0<\/span><span lang=\"ES-MX\">\u201cAgradecemos haber podido acoger este conversatorio y socializar a las comunidades que est\u00e1 disponible la postulaci\u00f3n a estos fondos, que permiten implementar iniciativas que potencien los aprendizajes y el bienestar integral de ni\u00f1os y ni\u00f1as, poniendo \u00e9nfasis en la promoci\u00f3n del juego y la ciudadan\u00eda\u201d, indic\u00f3 la directora del jard\u00edn infantil Amul\u00e9n, Carolina Leal.<\/span><\/p>\n<p class=\"v1MsoNormal\" style=\"text-align: justify;\"><span lang=\"ES-MX\">\u00a0<\/span><span lang=\"es-419\">En la actividad tambi\u00e9n participaron el director ejecutivo de Fundaci\u00f3n Integra, Carlos Gonz\u00e1lez, la directora de calidad educativa de JUNJI, Denisse Arriagada, adem\u00e1s de equipos educativos, familias y otras autoridades.<\/span><\/p>\n<p class=\"v1MsoNormal\" style=\"text-align: justify;\"><span lang=\"ES-MX\">\u00a0<\/span><span lang=\"ES-MX\">Las postulaciones a FIEP se pueden realizar entre el 19 de mayo y hasta el 17 de junio, en el portal de Fondos P\u00fablicos. Cada proyecto seleccionado tendr\u00e1 un financiamiento de $7.000.000 y toda la informaci\u00f3n para la postulaci\u00f3n se encuentra disponible en la p\u00e1gina de FIEP y tambi\u00e9n en el webinar: \u201cJuego y ciudadan\u00eda en la Sala Cuna\u201d, donde se ofrecen recomendaciones clave para la elaboraci\u00f3n de proyectos.<\/span><\/p>\n<\/div><\/section><\/div><div  style='height:50px' class='hr hr-invisible   avia-builder-el-6  el_after_av_one_full  el_before_av_social_share '><span class='hr-inner ' ><span class='hr-inner-style'><\/span><\/span><\/div><\/p>\n<div  class='av-social-sharing-box  avia-builder-el-7  el_after_av_hr  el_before_av_hr  '><div class='av-share-box'><h5 class='av-share-link-description av-no-toc '>Compartir esta noticia<\/h5><ul class='av-share-box-list noLightbox'><li class='av-share-link av-social-link-facebook' ><a target=\"_blank\" aria-label=\"Compartir en Facebook\" href='https:\/\/www.facebook.com\/sharer.php?u=https:\/\/radiorevelacionfm.cl\/?p=54575&#038;t=Postulaciones%20hasta%20el%2017%20de%20junio%3A%20S%C3%BAmate%20al%20Fondo%20de%20Innovaci%C3%B3n%20de%20la%20Educaci%C3%B3n%20Parvularia%202025' aria-hidden='false' data-av_icon='\ue8f3' data-av_iconfont='entypo-fontello' title='' data-avia-related-tooltip='Compartir en Facebook' rel=\"noopener\"><span class='avia_hidden_link_text'>Compartir en Facebook<\/span><\/a><\/li><li class='av-share-link av-social-link-twitter' ><a target=\"_blank\" aria-label=\"Compartir en Twitter\" href='https:\/\/twitter.com\/share?text=Postulaciones%20hasta%20el%2017%20de%20junio%3A%20S%C3%BAmate%20al%20Fondo%20de%20Innovaci%C3%B3n%20de%20la%20Educaci%C3%B3n%20Parvularia%202025&#038;url=https:\/\/radiorevelacionfm.cl\/?p=54575' aria-hidden='false' data-av_icon='\ue8f1' data-av_iconfont='entypo-fontello' title='' data-avia-related-tooltip='Compartir en Twitter' rel=\"noopener\"><span class='avia_hidden_link_text'>Compartir en Twitter<\/span><\/a><\/li><li class='av-share-link av-social-link-whatsapp' ><a target=\"_blank\" aria-label=\"Compartir en Whatsapp\" href='https:\/\/api.whatsapp.com\/send?text=https:\/\/radiorevelacionfm.cl\/?p=54575' aria-hidden='false' data-av_icon='\uf232' data-av_iconfont='entypo-fontello' title='' data-avia-related-tooltip='Compartir en Whatsapp' rel=\"noopener\"><span class='avia_hidden_link_text'>Compartir en Whatsapp<\/span><\/a><\/li><li class='av-share-link av-social-link-linkedin' ><a target=\"_blank\" aria-label=\"Compartir en LinkedIn\" href='https:\/\/linkedin.com\/shareArticle?mini=true&#038;title=Postulaciones%20hasta%20el%2017%20de%20junio%3A%20S%C3%BAmate%20al%20Fondo%20de%20Innovaci%C3%B3n%20de%20la%20Educaci%C3%B3n%20Parvularia%202025&#038;url=https:\/\/radiorevelacionfm.cl\/?p=54575' aria-hidden='false' data-av_icon='\ue8fc' data-av_iconfont='entypo-fontello' title='' data-avia-related-tooltip='Compartir en LinkedIn' rel=\"noopener\"><span class='avia_hidden_link_text'>Compartir en LinkedIn<\/span><\/a><\/li><li class='av-share-link av-social-link-mail' ><a  aria-label=\"Compartir por correo\" href='mailto:?subject=Postulaciones%20hasta%20el%2017%20de%20junio%3A%20S%C3%BAmate%20al%20Fondo%20de%20Innovaci%C3%B3n%20de%20la%20Educaci%C3%B3n%20Parvularia%202025&#038;body=https:\/\/radiorevelacionfm.cl\/?p=54575' aria-hidden='false' data-av_icon='\ue805' data-av_iconfont='entypo-fontello' title='' data-avia-related-tooltip='Compartir por correo'><span class='avia_hidden_link_text'>Compartir por correo<\/span><\/a><\/li><\/ul><\/div><\/div>\n<div  style='height:50px' class='hr hr-invisible   avia-builder-el-8  el_after_av_social_share  el_before_av_comments_list '><span class='hr-inner ' ><span class='hr-inner-style'><\/span><\/span><\/div>\n<div  class='av-buildercomment  av-blog-meta-html-info-disabled av-blog-meta-tag-disabled  '><\/div>\n","protected":false},"excerpt":{"rendered":"","protected":false},"author":1,"featured_media":54576,"comment_status":"closed","ping_status":"closed","sticky":false,"template":"","format":"standard","meta":{"footnotes":""},"categories":[49],"tags":[],"class_list":["post-54575","post","type-post","status-publish","format-standard","has-post-thumbnail","hentry","category-educacion"],"jetpack_featured_media_url":"https:\/\/radiorevelacionfm.cl\/wp-content\/uploads\/2025\/05\/5-2025-05-29T175226.545-1-1.jpg","_links":{"self":[{"href":"https:\/\/radiorevelacionfm.cl\/index.php?rest_route=\/wp\/v2\/posts\/54575","targetHints":{"allow":["GET"]}}],"collection":[{"href":"https:\/\/radiorevelacionfm.cl\/index.php?rest_route=\/wp\/v2\/posts"}],"about":[{"href":"https:\/\/radiorevelacionfm.cl\/index.php?rest_route=\/wp\/v2\/types\/post"}],"author":[{"embeddable":true,"href":"https:\/\/radiorevelacionfm.cl\/index.php?rest_route=\/wp\/v2\/users\/1"}],"replies":[{"embeddable":true,"href":"https:\/\/radiorevelacionfm.cl\/index.php?rest_route=%2Fwp%2Fv2%2Fcomments&post=54575"}],"version-history":[{"count":2,"href":"https:\/\/radiorevelacionfm.cl\/index.php?rest_route=\/wp\/v2\/posts\/54575\/revisions"}],"predecessor-version":[{"id":54579,"href":"https:\/\/radiorevelacionfm.cl\/index.php?rest_route=\/wp\/v2\/posts\/54575\/revisions\/54579"}],"wp:featuredmedia":[{"embeddable":true,"href":"https:\/\/radiorevelacionfm.cl\/index.php?rest_route=\/wp\/v2\/media\/54576"}],"wp:attachment":[{"href":"https:\/\/radiorevelacionfm.cl\/index.php?rest_route=%2Fwp%2Fv2%2Fmedia&parent=54575"}],"wp:term":[{"taxonomy":"category","embeddable":true,"href":"https:\/\/radiorevelacionfm.cl\/index.php?rest_route=%2Fwp%2Fv2%2Fcategories&post=54575"},{"taxonomy":"post_tag","embeddable":true,"href":"https:\/\/radiorevelacionfm.cl\/index.php?rest_route=%2Fwp%2Fv2%2Ftags&post=54575"}],"curies":[{"name":"wp","href":"https:\/\/api.w.org\/{rel}","templated":true}]}}