{"id":54572,"date":"2025-05-30T13:47:22","date_gmt":"2025-05-30T16:47:22","guid":{"rendered":"https:\/\/radiorevelacionfm.cl\/?p=54572"},"modified":"2025-05-30T13:47:53","modified_gmt":"2025-05-30T16:47:53","slug":"senador-sandoval-y-reparaciones-de-barcaza-pilchero-sorprende-el-enorme-nivel-de-inversiones","status":"publish","type":"post","link":"https:\/\/radiorevelacionfm.cl\/?p=54572","title":{"rendered":"Senador Sandoval y reparaciones de barcaza Pilchero: \u201cSorprende el enorme nivel de inversiones\u201d"},"content":{"rendered":"<div class=\"flex_column av_one_full  flex_column_div av-zero-column-padding first  avia-builder-el-0  el_before_av_one_full  avia-builder-el-first  \" style='border-radius:0px; '><div  class='avia-image-container  av-styling-    avia-builder-el-1  avia-builder-el-no-sibling  avia-align-center '  itemprop=\"image\" itemscope=\"itemscope\" itemtype=\"https:\/\/schema.org\/ImageObject\"  ><div class='avia-image-container-inner'><div class='avia-image-overlay-wrap'><img decoding=\"async\" class='wp-image-54573 avia-img-lazy-loading-not-54573 avia_image' src=\"https:\/\/radiorevelacionfm.cl\/wp-content\/uploads\/2025\/05\/SENADOR-SANDOVAL-15-1-2.jpg\" alt='' title='SENADOR SANDOVAL (15) (1) (2)' height=\"600\" width=\"900\"  itemprop=\"thumbnailUrl\" srcset=\"https:\/\/radiorevelacionfm.cl\/wp-content\/uploads\/2025\/05\/SENADOR-SANDOVAL-15-1-2.jpg 900w, https:\/\/radiorevelacionfm.cl\/wp-content\/uploads\/2025\/05\/SENADOR-SANDOVAL-15-1-2-300x200.jpg 300w, https:\/\/radiorevelacionfm.cl\/wp-content\/uploads\/2025\/05\/SENADOR-SANDOVAL-15-1-2-768x512.jpg 768w, https:\/\/radiorevelacionfm.cl\/wp-content\/uploads\/2025\/05\/SENADOR-SANDOVAL-15-1-2-705x470.jpg 705w, https:\/\/radiorevelacionfm.cl\/wp-content\/uploads\/2025\/05\/SENADOR-SANDOVAL-15-1-2-450x300.jpg 450w, https:\/\/radiorevelacionfm.cl\/wp-content\/uploads\/2025\/05\/SENADOR-SANDOVAL-15-1-2-600x400.jpg 600w\" sizes=\"(max-width: 900px) 100vw, 900px\" \/><\/div><\/div><\/div><\/div>\n<div class=\"flex_column av_one_full  flex_column_div av-zero-column-padding first  avia-builder-el-2  el_after_av_one_full  el_before_av_one_full  column-top-margin\" style='border-radius:0px; '><section class=\"av_textblock_section \"  itemscope=\"itemscope\" itemtype=\"https:\/\/schema.org\/BlogPosting\" itemprop=\"blogPost\" ><div class='avia_textblock  '   itemprop=\"text\" ><p style=\"text-align: center;\"><span style=\"font-size: 18pt;\"><strong>Senador Sandoval y reparaciones de barcaza Pilchero: <\/strong><\/span><span style=\"font-size: 18pt;\"><strong>\u201cSorprende el enorme nivel de inversiones\u201d<\/strong><\/span><\/p>\n<div id=\"gtx-trans\" style=\"position: absolute; left: -50px; top: 4.31534px;\">\n<div class=\"gtx-trans-icon\"><\/div>\n<\/div>\n<\/div><\/section><\/div>\n<div class=\"flex_column av_one_full  flex_column_div av-zero-column-padding first  avia-builder-el-4  el_after_av_one_full  el_before_av_hr  column-top-margin\" style='border-radius:0px; '><section class=\"av_textblock_section \"  itemscope=\"itemscope\" itemtype=\"https:\/\/schema.org\/BlogPosting\" itemprop=\"blogPost\" ><div class='avia_textblock  '   itemprop=\"text\" ><p style=\"text-align: justify;\"><em>El parlamentario recibi\u00f3 informe del MOP Ays\u00e9n con el detalle de las mantenciones y reparaciones a las que se ha sometido y otras que se deben realizar, lo cual a la fecha significa una inversi\u00f3n de poco m\u00e1s de $3 mil millones.<\/em><\/p>\n<p style=\"text-align: justify;\">Su inquietud por la importante cantidad de recursos que se han destinado para la mantenci\u00f3n y reparaci\u00f3n de la barcaza Pilchero, manifest\u00f3 en los \u00faltimos d\u00edas el senador David Sandoval, luego de conocer un informe de la secretar\u00eda regional ministerial de Obras P\u00fablicas con el detalle de las inversiones que se han realizado en a la fecha y las que se contemplan durante este a\u00f1o en la embarcaci\u00f3n.<\/p>\n<p style=\"text-align: justify;\">El parlamentario precis\u00f3 que hasta el momento se han invertido cerca de 750 millones de pesos en realizar diversas reparaciones en esta nave de m\u00e1s de 50 a\u00f1os de existencia, entre ellas, cambios de generadores, cambios de sistema de comunicaci\u00f3n, sistemas radiales, cambios de todo el sistema el\u00e9ctrico antiguo, obras que ya se han ejecutado. \u201cTodos sabemos la relevancia que tiene la barcaza Pilchero para la navegaci\u00f3n en el Lago General Carrera y hemos visto tambi\u00e9n el tiempo que lleva varada en Puerto Ib\u00e1\u00f1ez\u201d, se\u00f1al\u00f3.<\/p>\n<p style=\"text-align: justify;\">Pero lo que m\u00e1s preocupa, indic\u00f3, son los recursos que se deber\u00e1n destinar para la reparaci\u00f3n del casco de la nave, considerando que en la \u00faltima inspecci\u00f3n se detect\u00f3 que \u00e9ste ten\u00eda un problema estructural, trabajos que se licitar\u00e1n este a\u00f1o 2025, y que se calculan en poco m\u00e1s de $2.400 millones de pesos. \u201cO sea, para la reparaci\u00f3n de la barcaza Pilchero, se va a invertir un total cercano a los $3.200 millones. Por eso hemos requerido que la Contralor\u00eda Regional establezca una relaci\u00f3n de costos de lo que ha implicado estas reparaciones, pero tambi\u00e9n la eficiencia y la eficacia del gasto\u201d, puntualiz\u00f3.<\/p>\n<p style=\"text-align: justify;\">Por lo mismo, espera que las inversiones que se han hecho y se har\u00e1n apunten a resolver el problema de fondo, insistiendo en la necesidad de que se haga un an\u00e1lisis sobre la eficiencia del gasto p\u00fablico que se est\u00e1 realizando . \u201cSon millonarias cifras de inversi\u00f3n que habr\u00e1 que analizar desde el punto de vista operativo, pr\u00e1ctico y en qu\u00e9 minuto la barcaza puede estar nuevamente en operaciones para el servicio extraordinario, porque esta nave ya cumpli\u00f3 su vida \u00fatil\u201d, recalc\u00f3.<\/p>\n<p style=\"text-align: justify;\">Con todo, Sandoval dijo: \u201cSorprende el enorme nivel de inversiones y por eso hemos requerido a la Contralor\u00eda Regional un an\u00e1lisis pormenorizado de lo que significan estas inversiones y de los problemas que ha enfrentado para volver a poner al servicio esta importante nave para el Lago General Carrera\u201d.<\/p>\n<\/div><\/section><\/div><div  style='height:50px' class='hr hr-invisible   avia-builder-el-6  el_after_av_one_full  el_before_av_social_share '><span class='hr-inner ' ><span class='hr-inner-style'><\/span><\/span><\/div><\/p>\n<div  class='av-social-sharing-box  avia-builder-el-7  el_after_av_hr  el_before_av_hr  '><div class='av-share-box'><h5 class='av-share-link-description av-no-toc '>Compartir esta noticia<\/h5><ul class='av-share-box-list noLightbox'><li class='av-share-link av-social-link-facebook' ><a target=\"_blank\" aria-label=\"Compartir en Facebook\" href='https:\/\/www.facebook.com\/sharer.php?u=https:\/\/radiorevelacionfm.cl\/?p=54572&#038;t=Senador%20Sandoval%20y%20reparaciones%20de%20barcaza%20Pilchero%3A%20%E2%80%9CSorprende%20el%20enorme%20nivel%20de%20inversiones%E2%80%9D' aria-hidden='false' data-av_icon='\ue8f3' data-av_iconfont='entypo-fontello' title='' data-avia-related-tooltip='Compartir en Facebook' rel=\"noopener\"><span class='avia_hidden_link_text'>Compartir en Facebook<\/span><\/a><\/li><li class='av-share-link av-social-link-twitter' ><a target=\"_blank\" aria-label=\"Compartir en Twitter\" href='https:\/\/twitter.com\/share?text=Senador%20Sandoval%20y%20reparaciones%20de%20barcaza%20Pilchero%3A%20%E2%80%9CSorprende%20el%20enorme%20nivel%20de%20inversiones%E2%80%9D&#038;url=https:\/\/radiorevelacionfm.cl\/?p=54572' aria-hidden='false' data-av_icon='\ue8f1' data-av_iconfont='entypo-fontello' title='' data-avia-related-tooltip='Compartir en Twitter' rel=\"noopener\"><span class='avia_hidden_link_text'>Compartir en Twitter<\/span><\/a><\/li><li class='av-share-link av-social-link-whatsapp' ><a target=\"_blank\" aria-label=\"Compartir en Whatsapp\" href='https:\/\/api.whatsapp.com\/send?text=https:\/\/radiorevelacionfm.cl\/?p=54572' aria-hidden='false' data-av_icon='\uf232' data-av_iconfont='entypo-fontello' title='' data-avia-related-tooltip='Compartir en Whatsapp' rel=\"noopener\"><span class='avia_hidden_link_text'>Compartir en Whatsapp<\/span><\/a><\/li><li class='av-share-link av-social-link-linkedin' ><a target=\"_blank\" aria-label=\"Compartir en LinkedIn\" href='https:\/\/linkedin.com\/shareArticle?mini=true&#038;title=Senador%20Sandoval%20y%20reparaciones%20de%20barcaza%20Pilchero%3A%20%E2%80%9CSorprende%20el%20enorme%20nivel%20de%20inversiones%E2%80%9D&#038;url=https:\/\/radiorevelacionfm.cl\/?p=54572' aria-hidden='false' data-av_icon='\ue8fc' data-av_iconfont='entypo-fontello' title='' data-avia-related-tooltip='Compartir en LinkedIn' rel=\"noopener\"><span class='avia_hidden_link_text'>Compartir en LinkedIn<\/span><\/a><\/li><li class='av-share-link av-social-link-mail' ><a  aria-label=\"Compartir por correo\" href='mailto:?subject=Senador%20Sandoval%20y%20reparaciones%20de%20barcaza%20Pilchero%3A%20%E2%80%9CSorprende%20el%20enorme%20nivel%20de%20inversiones%E2%80%9D&#038;body=https:\/\/radiorevelacionfm.cl\/?p=54572' aria-hidden='false' data-av_icon='\ue805' data-av_iconfont='entypo-fontello' title='' data-avia-related-tooltip='Compartir por correo'><span class='avia_hidden_link_text'>Compartir por correo<\/span><\/a><\/li><\/ul><\/div><\/div>\n<div  style='height:50px' class='hr hr-invisible   avia-builder-el-8  el_after_av_social_share  el_before_av_comments_list '><span class='hr-inner ' ><span class='hr-inner-style'><\/span><\/span><\/div>\n<div  class='av-buildercomment  av-blog-meta-html-info-disabled av-blog-meta-tag-disabled  '><\/div>\n","protected":false},"excerpt":{"rendered":"","protected":false},"author":1,"featured_media":54573,"comment_status":"closed","ping_status":"closed","sticky":false,"template":"","format":"standard","meta":{"footnotes":""},"categories":[38],"tags":[],"class_list":["post-54572","post","type-post","status-publish","format-standard","has-post-thumbnail","hentry","category-regional"],"jetpack_featured_media_url":"https:\/\/radiorevelacionfm.cl\/wp-content\/uploads\/2025\/05\/SENADOR-SANDOVAL-15-1-2.jpg","_links":{"self":[{"href":"https:\/\/radiorevelacionfm.cl\/index.php?rest_route=\/wp\/v2\/posts\/54572","targetHints":{"allow":["GET"]}}],"collection":[{"href":"https:\/\/radiorevelacionfm.cl\/index.php?rest_route=\/wp\/v2\/posts"}],"about":[{"href":"https:\/\/radiorevelacionfm.cl\/index.php?rest_route=\/wp\/v2\/types\/post"}],"author":[{"embeddable":true,"href":"https:\/\/radiorevelacionfm.cl\/index.php?rest_route=\/wp\/v2\/users\/1"}],"replies":[{"embeddable":true,"href":"https:\/\/radiorevelacionfm.cl\/index.php?rest_route=%2Fwp%2Fv2%2Fcomments&post=54572"}],"version-history":[{"count":3,"href":"https:\/\/radiorevelacionfm.cl\/index.php?rest_route=\/wp\/v2\/posts\/54572\/revisions"}],"predecessor-version":[{"id":54585,"href":"https:\/\/radiorevelacionfm.cl\/index.php?rest_route=\/wp\/v2\/posts\/54572\/revisions\/54585"}],"wp:featuredmedia":[{"embeddable":true,"href":"https:\/\/radiorevelacionfm.cl\/index.php?rest_route=\/wp\/v2\/media\/54573"}],"wp:attachment":[{"href":"https:\/\/radiorevelacionfm.cl\/index.php?rest_route=%2Fwp%2Fv2%2Fmedia&parent=54572"}],"wp:term":[{"taxonomy":"category","embeddable":true,"href":"https:\/\/radiorevelacionfm.cl\/index.php?rest_route=%2Fwp%2Fv2%2Fcategories&post=54572"},{"taxonomy":"post_tag","embeddable":true,"href":"https:\/\/radiorevelacionfm.cl\/index.php?rest_route=%2Fwp%2Fv2%2Ftags&post=54572"}],"curies":[{"name":"wp","href":"https:\/\/api.w.org\/{rel}","templated":true}]}}