{"id":5457,"date":"2021-06-18T20:29:22","date_gmt":"2021-06-18T23:29:22","guid":{"rendered":"https:\/\/radiorevelacionfm.cl\/?p=5457"},"modified":"2021-06-18T20:38:26","modified_gmt":"2021-06-18T23:38:26","slug":"calisto-presenta-indicacion-que-busca-eliminar-impuesto-especifico-en-las-zonas-extremas","status":"publish","type":"post","link":"https:\/\/radiorevelacionfm.cl\/?p=5457","title":{"rendered":"Calisto presenta indicaci\u00f3n que busca eliminar impuesto espec\u00edfico en las Zonas Extremas"},"content":{"rendered":"<div class=\"flex_column av_one_full  flex_column_div av-zero-column-padding first  avia-builder-el-0  el_before_av_one_full  avia-builder-el-first  \" style='border-radius:0px; '><div  class='avia-image-container  av-styling-    avia-builder-el-1  avia-builder-el-no-sibling  avia-align-center '  itemprop=\"image\" itemscope=\"itemscope\" itemtype=\"https:\/\/schema.org\/ImageObject\"  ><div class='avia-image-container-inner'><div class='avia-image-overlay-wrap'><img decoding=\"async\" class='wp-image-5458 avia-img-lazy-loading-not-5458 avia_image' src=\"https:\/\/radiorevelacionfm.cl\/wp-content\/uploads\/2021\/06\/CALISTO-Y-DIRIGENTES-DEL-TRANSPORTE-1-1.png\" alt='' title='CALISTO Y DIRIGENTES DEL TRANSPORTE (1) (1)' height=\"600\" width=\"1088\"  itemprop=\"thumbnailUrl\" srcset=\"https:\/\/radiorevelacionfm.cl\/wp-content\/uploads\/2021\/06\/CALISTO-Y-DIRIGENTES-DEL-TRANSPORTE-1-1.png 1088w, https:\/\/radiorevelacionfm.cl\/wp-content\/uploads\/2021\/06\/CALISTO-Y-DIRIGENTES-DEL-TRANSPORTE-1-1-300x165.png 300w, https:\/\/radiorevelacionfm.cl\/wp-content\/uploads\/2021\/06\/CALISTO-Y-DIRIGENTES-DEL-TRANSPORTE-1-1-1030x568.png 1030w, https:\/\/radiorevelacionfm.cl\/wp-content\/uploads\/2021\/06\/CALISTO-Y-DIRIGENTES-DEL-TRANSPORTE-1-1-768x424.png 768w, https:\/\/radiorevelacionfm.cl\/wp-content\/uploads\/2021\/06\/CALISTO-Y-DIRIGENTES-DEL-TRANSPORTE-1-1-705x389.png 705w, https:\/\/radiorevelacionfm.cl\/wp-content\/uploads\/2021\/06\/CALISTO-Y-DIRIGENTES-DEL-TRANSPORTE-1-1-600x331.png 600w\" sizes=\"(max-width: 1088px) 100vw, 1088px\" \/><\/div><\/div><\/div><\/div><div class=\"flex_column av_one_full  flex_column_div av-zero-column-padding first  avia-builder-el-2  el_after_av_one_full  el_before_av_one_full  column-top-margin\" style='border-radius:0px; '><section class=\"av_textblock_section \"  itemscope=\"itemscope\" itemtype=\"https:\/\/schema.org\/BlogPosting\" itemprop=\"blogPost\" ><div class='avia_textblock  '   itemprop=\"text\" ><p style=\"text-align: center;\"><strong><span style=\"font-size: 18pt;\">Calisto presenta indicaci\u00f3n que busca eliminar impuesto espec\u00edfico en las Zonas Extremas<\/span><\/strong><\/p>\n<div id=\"gtx-trans\" style=\"position: absolute; left: -50px; top: 4.31534px;\">\n<div class=\"gtx-trans-icon\"><\/div>\n<\/div>\n<\/div><\/section><\/div><div class=\"flex_column av_one_full  flex_column_div av-zero-column-padding first  avia-builder-el-4  el_after_av_one_full  el_before_av_hr  column-top-margin\" style='border-radius:0px; '><section class=\"av_textblock_section \"  itemscope=\"itemscope\" itemtype=\"https:\/\/schema.org\/BlogPosting\" itemprop=\"blogPost\" ><div class='avia_textblock  '   itemprop=\"text\" ><p style=\"font-weight: 400; text-align: justify;\">En el marco de la discusi\u00f3n del proyecto que establece la disminuci\u00f3n de un 50% del impuesto espec\u00edfico que se est\u00e1 discutiendo en la Comisi\u00f3n de Hacienda de la C\u00e1mara, el Diputado de Ays\u00e9n, Miguel \u00c1ngel Calisto, present\u00f3 una indicaci\u00f3n que busca la eliminaci\u00f3n total de este gravamen en las Zonas Extremas.<\/p>\n<p style=\"font-weight: 400; text-align: justify;\">El legislador, quien ya present\u00f3 hace algunas semanas un proyecto de reforma constitucional donde se establece la eliminaci\u00f3n total de este impuesto mientras dure la pandemia, respald\u00f3 su indicaci\u00f3n argumentando que en la regi\u00f3n de Ays\u00e9n se pagan los m\u00e1s altos precios por litro de combustible, que superan con creces los valores de la zona central.<\/p>\n<p style=\"font-weight: 400; text-align: justify;\">\u201cEn Ays\u00e9n estamos pagando mucho m\u00e1s que en la zona central por litro de combustible. En Cochrane, por ejemplo, la gasolina de 97 octanos bordea los $1100 por litro, lo mismo en Chile Chico y Villa O\u00b4Higgins. No puede ser que por vivir en zonas m\u00e1s aisladas, donde pr\u00e1cticamente estamos haciendo patria, nos cobren un precio tan alto por el combustible. Por estos motivos, no nos sirve tanto la disminuci\u00f3n de este impuesto, necesitamos que se elimine mientras dure la pandemia\u201d.<\/p>\n<p style=\"font-weight: 400; text-align: justify;\">\u201cEn medio de una crisis, donde hay muchas familias que lo est\u00e1n pasando mal, necesitamos flexibilizar ciertas normativas para alivianar un poco el bolsillo de las familias. Por estos motivos, presentamos primero un proyecto que elimina el impuesto espec\u00edfico durante la pandemia en todo Chile y despu\u00e9s, en el marco de la discusi\u00f3n de esta otra iniciativa, una indicaci\u00f3n que lo elimina en las Zonas Extremas\u201d, indic\u00f3 el legislador.<\/p>\n<p style=\"font-weight: 400; text-align: justify;\">La propuesta del parlamentario fue apoyada por dirigentes del transporte Regional, con quienes se reuni\u00f3 en Puerto Ays\u00e9n. Jorge Lara, presidente de la l\u00ednea de taxis colectivos 1B de esa ciudada y vicepresidente de la Confederaci\u00f3n de Transporte Menor de la regi\u00f3n, CONTRAMEN, asegur\u00f3 que \u201cestamos muy agradecidos con el diputado Calisto, porque nace de \u00e9l la iniciativa de podernos reunir en Puerto Ays\u00e9n para abordar este tema del impuesto espec\u00edfico, que es algo que no s\u00f3lo la regi\u00f3n de Ays\u00e9n pelea, sino que es un tema nacional.\u00a0 Nosotros como transporte menor nos vemos muy afectados, porque de seguir las alzas, vamos a tener que ajustar las tarifas, lo que va en desmedro de nuestra comunidad\u201d.<\/p>\n<p style=\"font-weight: 400; text-align: justify;\">\u201cEstablecimos con el diputado una agenda de trabajo, lo que podr\u00eda contemplar tambi\u00e9n en alg\u00fan momento un viaje a Santiago para poder plantear nuestra preocupaci\u00f3n a las autoridades nacionales y ver alg\u00fan beneficio para nuestro gremio en la regi\u00f3n de Ays\u00e9n\u201d, indic\u00f3.<\/p>\n<p style=\"font-weight: 400; text-align: justify;\">Por su parte, Otilio Y\u00e1\u00f1ez, residente de la l\u00ednea de colectivos 3 A de Puerto Ays\u00e9n, asegur\u00f3 que \u201cestamos viendo un tema importante que nos aqueja como locomoci\u00f3n menor, como es el impuesto espec\u00edfico que nos est\u00e1 agobiando como trabajadores esenciales en este tiempo. Hemos visto el alza de los precios y este impuesto espec\u00edfico que nos agobia cada d\u00eda m\u00e1s. Quiero agradecer la disposici\u00f3n del diputado para pelear en la C\u00e1mara para que este proyecto se pueda aprobar, y podamos eliminar o disminuir al menos en un 50% este impuesto\u201d.<\/p>\n<p style=\"font-weight: 400; text-align: justify;\">La Comisi\u00f3n de Hacienda de la C\u00e1mara de Diputados podr\u00eda votar este proyecto y la indicaci\u00f3n del Diputado Miguel \u00c1ngel Calisto este martes. Si se aprueba, la iniciativa pasar\u00e1 a ser discutida en la sala.<\/p>\n<\/div><\/section><\/div><div  style='height:50px' class='hr hr-invisible   avia-builder-el-6  el_after_av_one_full  el_before_av_social_share '><span class='hr-inner ' ><span class='hr-inner-style'><\/span><\/span><\/div><\/p>\n<div  class='av-social-sharing-box  avia-builder-el-7  el_after_av_hr  el_before_av_hr  '><div class='av-share-box'><h5 class='av-share-link-description av-no-toc '>Compartir esta noticia<\/h5><ul class='av-share-box-list noLightbox'><li class='av-share-link av-social-link-facebook' ><a target=\"_blank\" aria-label=\"Compartir en Facebook\" href='https:\/\/www.facebook.com\/sharer.php?u=https:\/\/radiorevelacionfm.cl\/?p=5457&#038;t=Calisto%20presenta%20indicaci%C3%B3n%20que%20busca%20eliminar%20impuesto%20espec%C3%ADfico%20en%20las%20Zonas%20Extremas' aria-hidden='false' data-av_icon='\ue8f3' data-av_iconfont='entypo-fontello' title='' data-avia-related-tooltip='Compartir en Facebook' rel=\"noopener\"><span class='avia_hidden_link_text'>Compartir en Facebook<\/span><\/a><\/li><li class='av-share-link av-social-link-twitter' ><a target=\"_blank\" aria-label=\"Compartir en Twitter\" href='https:\/\/twitter.com\/share?text=Calisto%20presenta%20indicaci%C3%B3n%20que%20busca%20eliminar%20impuesto%20espec%C3%ADfico%20en%20las%20Zonas%20Extremas&#038;url=https:\/\/radiorevelacionfm.cl\/?p=5457' aria-hidden='false' data-av_icon='\ue8f1' data-av_iconfont='entypo-fontello' title='' data-avia-related-tooltip='Compartir en Twitter' rel=\"noopener\"><span class='avia_hidden_link_text'>Compartir en Twitter<\/span><\/a><\/li><li class='av-share-link av-social-link-whatsapp' ><a target=\"_blank\" aria-label=\"Compartir en Whatsapp\" href='https:\/\/api.whatsapp.com\/send?text=https:\/\/radiorevelacionfm.cl\/?p=5457' aria-hidden='false' data-av_icon='\uf232' data-av_iconfont='entypo-fontello' title='' data-avia-related-tooltip='Compartir en Whatsapp' rel=\"noopener\"><span class='avia_hidden_link_text'>Compartir en Whatsapp<\/span><\/a><\/li><li class='av-share-link av-social-link-linkedin' ><a target=\"_blank\" aria-label=\"Compartir en LinkedIn\" href='https:\/\/linkedin.com\/shareArticle?mini=true&#038;title=Calisto%20presenta%20indicaci%C3%B3n%20que%20busca%20eliminar%20impuesto%20espec%C3%ADfico%20en%20las%20Zonas%20Extremas&#038;url=https:\/\/radiorevelacionfm.cl\/?p=5457' aria-hidden='false' data-av_icon='\ue8fc' data-av_iconfont='entypo-fontello' title='' data-avia-related-tooltip='Compartir en LinkedIn' rel=\"noopener\"><span class='avia_hidden_link_text'>Compartir en LinkedIn<\/span><\/a><\/li><li class='av-share-link av-social-link-mail' ><a  aria-label=\"Compartir por correo\" href='mailto:?subject=Calisto%20presenta%20indicaci%C3%B3n%20que%20busca%20eliminar%20impuesto%20espec%C3%ADfico%20en%20las%20Zonas%20Extremas&#038;body=https:\/\/radiorevelacionfm.cl\/?p=5457' aria-hidden='false' data-av_icon='\ue805' data-av_iconfont='entypo-fontello' title='' data-avia-related-tooltip='Compartir por correo'><span class='avia_hidden_link_text'>Compartir por correo<\/span><\/a><\/li><\/ul><\/div><\/div>\n<div  style='height:50px' class='hr hr-invisible   avia-builder-el-8  el_after_av_social_share  el_before_av_comments_list '><span class='hr-inner ' ><span class='hr-inner-style'><\/span><\/span><\/div>\n<div  class='av-buildercomment  av-blog-meta-html-info-disabled av-blog-meta-tag-disabled  '><\/div>\n","protected":false},"excerpt":{"rendered":"","protected":false},"author":1,"featured_media":5463,"comment_status":"open","ping_status":"open","sticky":false,"template":"","format":"standard","meta":{"footnotes":""},"categories":[35],"tags":[],"class_list":["post-5457","post","type-post","status-publish","format-standard","has-post-thumbnail","hentry","category-politica"],"jetpack_featured_media_url":"https:\/\/radiorevelacionfm.cl\/wp-content\/uploads\/2021\/06\/calisto-y-dirigentes-del-transporte2-1_optimized-1.png","_links":{"self":[{"href":"https:\/\/radiorevelacionfm.cl\/index.php?rest_route=\/wp\/v2\/posts\/5457","targetHints":{"allow":["GET"]}}],"collection":[{"href":"https:\/\/radiorevelacionfm.cl\/index.php?rest_route=\/wp\/v2\/posts"}],"about":[{"href":"https:\/\/radiorevelacionfm.cl\/index.php?rest_route=\/wp\/v2\/types\/post"}],"author":[{"embeddable":true,"href":"https:\/\/radiorevelacionfm.cl\/index.php?rest_route=\/wp\/v2\/users\/1"}],"replies":[{"embeddable":true,"href":"https:\/\/radiorevelacionfm.cl\/index.php?rest_route=%2Fwp%2Fv2%2Fcomments&post=5457"}],"version-history":[{"count":1,"href":"https:\/\/radiorevelacionfm.cl\/index.php?rest_route=\/wp\/v2\/posts\/5457\/revisions"}],"predecessor-version":[{"id":5459,"href":"https:\/\/radiorevelacionfm.cl\/index.php?rest_route=\/wp\/v2\/posts\/5457\/revisions\/5459"}],"wp:featuredmedia":[{"embeddable":true,"href":"https:\/\/radiorevelacionfm.cl\/index.php?rest_route=\/wp\/v2\/media\/5463"}],"wp:attachment":[{"href":"https:\/\/radiorevelacionfm.cl\/index.php?rest_route=%2Fwp%2Fv2%2Fmedia&parent=5457"}],"wp:term":[{"taxonomy":"category","embeddable":true,"href":"https:\/\/radiorevelacionfm.cl\/index.php?rest_route=%2Fwp%2Fv2%2Fcategories&post=5457"},{"taxonomy":"post_tag","embeddable":true,"href":"https:\/\/radiorevelacionfm.cl\/index.php?rest_route=%2Fwp%2Fv2%2Ftags&post=5457"}],"curies":[{"name":"wp","href":"https:\/\/api.w.org\/{rel}","templated":true}]}}