{"id":54567,"date":"2025-05-30T13:18:19","date_gmt":"2025-05-30T16:18:19","guid":{"rendered":"https:\/\/radiorevelacionfm.cl\/?p=54567"},"modified":"2025-05-30T13:18:19","modified_gmt":"2025-05-30T16:18:19","slug":"cochrane-se-consolida-como-epicentro-del-deporte-outdoor-con-calendario-2025-2026-de-alto-nivel","status":"publish","type":"post","link":"https:\/\/radiorevelacionfm.cl\/?p=54567","title":{"rendered":"Cochrane se consolida como epicentro del deporte Outdoor con calendario 2025\u20132026 de alto nivel"},"content":{"rendered":"<div class=\"flex_column av_one_full  flex_column_div av-zero-column-padding first  avia-builder-el-0  el_before_av_one_full  avia-builder-el-first  \" style='border-radius:0px; '><div  class='avia-image-container  av-styling-    avia-builder-el-1  avia-builder-el-no-sibling  avia-align-center '  itemprop=\"image\" itemscope=\"itemscope\" itemtype=\"https:\/\/schema.org\/ImageObject\"  ><div class='avia-image-container-inner'><div class='avia-image-overlay-wrap'><img decoding=\"async\" class='wp-image-54568 avia-img-lazy-loading-not-54568 avia_image' src=\"https:\/\/radiorevelacionfm.cl\/wp-content\/uploads\/2025\/05\/cochrane_turismo-1-1_optimized.jpg\" alt='' title='cochrane_turismo-(1)-(1)_optimized' height=\"600\" width=\"900\"  itemprop=\"thumbnailUrl\" srcset=\"https:\/\/radiorevelacionfm.cl\/wp-content\/uploads\/2025\/05\/cochrane_turismo-1-1_optimized.jpg 900w, https:\/\/radiorevelacionfm.cl\/wp-content\/uploads\/2025\/05\/cochrane_turismo-1-1_optimized-300x200.jpg 300w, https:\/\/radiorevelacionfm.cl\/wp-content\/uploads\/2025\/05\/cochrane_turismo-1-1_optimized-768x512.jpg 768w, https:\/\/radiorevelacionfm.cl\/wp-content\/uploads\/2025\/05\/cochrane_turismo-1-1_optimized-705x470.jpg 705w, https:\/\/radiorevelacionfm.cl\/wp-content\/uploads\/2025\/05\/cochrane_turismo-1-1_optimized-450x300.jpg 450w, https:\/\/radiorevelacionfm.cl\/wp-content\/uploads\/2025\/05\/cochrane_turismo-1-1_optimized-600x400.jpg 600w\" sizes=\"(max-width: 900px) 100vw, 900px\" \/><\/div><\/div><\/div><\/div><div class=\"flex_column av_one_full  flex_column_div av-zero-column-padding first  avia-builder-el-2  el_after_av_one_full  el_before_av_one_full  column-top-margin\" style='border-radius:0px; '><section class=\"av_textblock_section \"  itemscope=\"itemscope\" itemtype=\"https:\/\/schema.org\/BlogPosting\" itemprop=\"blogPost\" ><div class='avia_textblock  '   itemprop=\"text\" ><h2 class=\"title\" style=\"text-align: center;\"><span style=\"font-size: 18pt;\"><b>Cochrane se consolida como epicentro del deporte Outdoor con calendario 2025\u20132026 de alto nivel<\/b><\/span><\/h2>\n<div id=\"gtx-trans\" style=\"position: absolute; left: -50px; top: 4.31534px;\">\n<div class=\"gtx-trans-icon\"><\/div>\n<\/div>\n<\/div><\/section><\/div><div class=\"flex_column av_one_full  flex_column_div av-zero-column-padding first  avia-builder-el-4  el_after_av_one_full  el_before_av_hr  column-top-margin\" style='border-radius:0px; '><section class=\"av_textblock_section \"  itemscope=\"itemscope\" itemtype=\"https:\/\/schema.org\/BlogPosting\" itemprop=\"blogPost\" ><div class='avia_textblock  '   itemprop=\"text\" ><div class=\"v1elementToProof\" style=\"text-align: justify;\">Con la intenci\u00f3n de posicionar a Cochrane como un destino clave para el turismo aventura en la regi\u00f3n de Ays\u00e9n, la Municipalidad de Cochrane present\u00f3 de forma anticipada su calendario de actividades deportivas Outdoor para el per\u00edodo 2025\u20132026. La programaci\u00f3n contempla eventos desde julio hasta febrero, incluyendo desaf\u00edos invernales en zonas de monta\u00f1a, carreras de aventura y Trail running en escenarios \u00fanicos en el pa\u00eds.<\/div>\n<div class=\"v1elementToProof\" style=\"text-align: justify;\"><b>El encargado de Turismo Municipal, Javier Mu\u00f1oz Maldonado<\/b>, se\u00f1al\u00f3: \u00abLo que estamos presentando hoy d\u00eda es el calendario de actividades deportivas outdoor para el per\u00edodo invernal y el segundo semestre, que incluye los meses de primavera. Queremos planificar con tiempo porque deseamos que la comunidad regional, y quienes nos visitan desde otras regiones del pa\u00eds o del extranjero, puedan organizarse y venir a participar de estos eventos en la comuna de Cochrane.\u00bb<\/div>\n<div class=\"v1elementToProof\" style=\"text-align: justify;\">Mu\u00f1oz agreg\u00f3 que la cartelera parte el 26 de julio con la Ruta del Huemul Invernal, sigue con el Ascenso Invernal al Cord\u00f3n Esmeralda el 9 de agosto, y luego el Encuentro Invernal del Monte San Lorenzo el 15, 16 y 17 de agosto.<\/div>\n<div class=\"v1elementToProof\" style=\"text-align: justify;\">\u00abSe trata de disciplinas como el esqu\u00ed randone\u00e9 y las raquetas de nieve, que aprovechan las condiciones \u00fanicas de nuestro territorio para hacer actividades en temporada baja. Nuestro objetivo es invitar a la comunidad regional a vivir el invierno en Cochrane\u00bb, explic\u00f3.<\/div>\n<div class=\"v1elementToProof\" style=\"text-align: justify;\">Adem\u00e1s, destac\u00f3 que \u00abtodas estas actividades son organizadas por la Municipalidad de Cochrane, junto a organizaciones como CONAF, agrupaciones de turismo locales, empresas privadas y tambi\u00e9n comunidades como el Club de Monta\u00f1a y la Agrupaci\u00f3n de Gu\u00edas de Turismo de Cochrane, que en algunos casos participan en la organizaci\u00f3n. No es un esfuerzo exclusivo del municipio, sino un trabajo conjunto entre actores p\u00fablicos y privados para potenciar el turismo invernal, y contribuir con la ocupaci\u00f3n de servicios de turismo en temporada baja\u00bb.<\/div>\n<div class=\"v1elementToProof\" style=\"text-align: justify;\">\u00a0<b>Por su parte, el alcalde de Cochrane, Patricio Ulloa Georgia<\/b>, subray\u00f3 el objetivo estrat\u00e9gico del municipio: \u00abLo que queremos hacer ac\u00e1 principalmente es fortalecer el deporte, entregando oportunidades a quienes disfrutan de la naturaleza en lugares muchas veces poco conocidos. Estas actividades, adem\u00e1s de ser deportivas y de competencia, est\u00e1n pensadas para ayudar a reactivar el turismo en una \u00e9poca del a\u00f1o donde tenemos menor afluencia en la regi\u00f3n y en nuestra comuna.\u00bb<\/div>\n<div class=\"v1elementToProof\" style=\"text-align: justify;\">La autoridad detall\u00f3 que el calendario culmina en el verano con el Cochrane Patagonia Trail (29 de noviembre), la Aventura San Lorenzo (6 al 8 de diciembre), y finalmente la Ruta del Huemul Verano (30 de enero y 1 de febrero de 2026).<\/div>\n<div class=\"v1elementToProof\" style=\"text-align: justify;\">\u00abEstamos haciendo este lanzamiento anticipado para que quienes disfrutan de estas actividades al aire libre puedan programarse, hacer reservas y contactarse con operadores tur\u00edsticos de nuestra comuna. Este calendario est\u00e1 al servicio de los cochraninos, de la regi\u00f3n, de Chile y del mundo\u00bb, concluy\u00f3 la autoridad comunal.<\/div>\n<div class=\"v1elementToProof\" style=\"text-align: justify;\">Con este lanzamiento, Cochrane refuerza su posicionamiento como un destino de turismo aventura y naturaleza durante todo el a\u00f1o, abriendo sus puertas a visitantes que buscan desaf\u00edos deportivos en uno de los entornos m\u00e1s pr\u00edstinos del sur de Chile.<\/div>\n<\/div><\/section><\/div><div  style='height:50px' class='hr hr-invisible   avia-builder-el-6  el_after_av_one_full  el_before_av_social_share '><span class='hr-inner ' ><span class='hr-inner-style'><\/span><\/span><\/div><\/p>\n<div  class='av-social-sharing-box  avia-builder-el-7  el_after_av_hr  el_before_av_hr  '><div class='av-share-box'><h5 class='av-share-link-description av-no-toc '>Compartir esta noticia<\/h5><ul class='av-share-box-list noLightbox'><li class='av-share-link av-social-link-facebook' ><a target=\"_blank\" aria-label=\"Compartir en Facebook\" href='https:\/\/www.facebook.com\/sharer.php?u=https:\/\/radiorevelacionfm.cl\/?p=54567&#038;t=Cochrane%20se%20consolida%20como%20epicentro%20del%20deporte%20Outdoor%20con%20calendario%202025%E2%80%932026%20de%20alto%20nivel' aria-hidden='false' data-av_icon='\ue8f3' data-av_iconfont='entypo-fontello' title='' data-avia-related-tooltip='Compartir en Facebook' rel=\"noopener\"><span class='avia_hidden_link_text'>Compartir en Facebook<\/span><\/a><\/li><li class='av-share-link av-social-link-twitter' ><a target=\"_blank\" aria-label=\"Compartir en Twitter\" href='https:\/\/twitter.com\/share?text=Cochrane%20se%20consolida%20como%20epicentro%20del%20deporte%20Outdoor%20con%20calendario%202025%E2%80%932026%20de%20alto%20nivel&#038;url=https:\/\/radiorevelacionfm.cl\/?p=54567' aria-hidden='false' data-av_icon='\ue8f1' data-av_iconfont='entypo-fontello' title='' data-avia-related-tooltip='Compartir en Twitter' rel=\"noopener\"><span class='avia_hidden_link_text'>Compartir en Twitter<\/span><\/a><\/li><li class='av-share-link av-social-link-whatsapp' ><a target=\"_blank\" aria-label=\"Compartir en Whatsapp\" href='https:\/\/api.whatsapp.com\/send?text=https:\/\/radiorevelacionfm.cl\/?p=54567' aria-hidden='false' data-av_icon='\uf232' data-av_iconfont='entypo-fontello' title='' data-avia-related-tooltip='Compartir en Whatsapp' rel=\"noopener\"><span class='avia_hidden_link_text'>Compartir en Whatsapp<\/span><\/a><\/li><li class='av-share-link av-social-link-linkedin' ><a target=\"_blank\" aria-label=\"Compartir en LinkedIn\" href='https:\/\/linkedin.com\/shareArticle?mini=true&#038;title=Cochrane%20se%20consolida%20como%20epicentro%20del%20deporte%20Outdoor%20con%20calendario%202025%E2%80%932026%20de%20alto%20nivel&#038;url=https:\/\/radiorevelacionfm.cl\/?p=54567' aria-hidden='false' data-av_icon='\ue8fc' data-av_iconfont='entypo-fontello' title='' data-avia-related-tooltip='Compartir en LinkedIn' rel=\"noopener\"><span class='avia_hidden_link_text'>Compartir en LinkedIn<\/span><\/a><\/li><li class='av-share-link av-social-link-mail' ><a  aria-label=\"Compartir por correo\" href='mailto:?subject=Cochrane%20se%20consolida%20como%20epicentro%20del%20deporte%20Outdoor%20con%20calendario%202025%E2%80%932026%20de%20alto%20nivel&#038;body=https:\/\/radiorevelacionfm.cl\/?p=54567' aria-hidden='false' data-av_icon='\ue805' data-av_iconfont='entypo-fontello' title='' data-avia-related-tooltip='Compartir por correo'><span class='avia_hidden_link_text'>Compartir por correo<\/span><\/a><\/li><\/ul><\/div><\/div>\n<div  style='height:50px' class='hr hr-invisible   avia-builder-el-8  el_after_av_social_share  el_before_av_comments_list '><span class='hr-inner ' ><span class='hr-inner-style'><\/span><\/span><\/div>\n<div  class='av-buildercomment  av-blog-meta-html-info-disabled av-blog-meta-tag-disabled  '><\/div>\n","protected":false},"excerpt":{"rendered":"","protected":false},"author":1,"featured_media":54568,"comment_status":"closed","ping_status":"closed","sticky":false,"template":"","format":"standard","meta":{"footnotes":""},"categories":[54],"tags":[],"class_list":["post-54567","post","type-post","status-publish","format-standard","has-post-thumbnail","hentry","category-turismo"],"jetpack_featured_media_url":"https:\/\/radiorevelacionfm.cl\/wp-content\/uploads\/2025\/05\/cochrane_turismo-1-1_optimized.jpg","_links":{"self":[{"href":"https:\/\/radiorevelacionfm.cl\/index.php?rest_route=\/wp\/v2\/posts\/54567","targetHints":{"allow":["GET"]}}],"collection":[{"href":"https:\/\/radiorevelacionfm.cl\/index.php?rest_route=\/wp\/v2\/posts"}],"about":[{"href":"https:\/\/radiorevelacionfm.cl\/index.php?rest_route=\/wp\/v2\/types\/post"}],"author":[{"embeddable":true,"href":"https:\/\/radiorevelacionfm.cl\/index.php?rest_route=\/wp\/v2\/users\/1"}],"replies":[{"embeddable":true,"href":"https:\/\/radiorevelacionfm.cl\/index.php?rest_route=%2Fwp%2Fv2%2Fcomments&post=54567"}],"version-history":[{"count":2,"href":"https:\/\/radiorevelacionfm.cl\/index.php?rest_route=\/wp\/v2\/posts\/54567\/revisions"}],"predecessor-version":[{"id":54582,"href":"https:\/\/radiorevelacionfm.cl\/index.php?rest_route=\/wp\/v2\/posts\/54567\/revisions\/54582"}],"wp:featuredmedia":[{"embeddable":true,"href":"https:\/\/radiorevelacionfm.cl\/index.php?rest_route=\/wp\/v2\/media\/54568"}],"wp:attachment":[{"href":"https:\/\/radiorevelacionfm.cl\/index.php?rest_route=%2Fwp%2Fv2%2Fmedia&parent=54567"}],"wp:term":[{"taxonomy":"category","embeddable":true,"href":"https:\/\/radiorevelacionfm.cl\/index.php?rest_route=%2Fwp%2Fv2%2Fcategories&post=54567"},{"taxonomy":"post_tag","embeddable":true,"href":"https:\/\/radiorevelacionfm.cl\/index.php?rest_route=%2Fwp%2Fv2%2Ftags&post=54567"}],"curies":[{"name":"wp","href":"https:\/\/api.w.org\/{rel}","templated":true}]}}