{"id":54564,"date":"2025-05-30T13:28:30","date_gmt":"2025-05-30T16:28:30","guid":{"rendered":"https:\/\/radiorevelacionfm.cl\/?p=54564"},"modified":"2025-05-30T13:28:30","modified_gmt":"2025-05-30T16:28:30","slug":"mesa-de-regional-de-educacion-para-el-desarrollo-sustentable-invita-a-participar-de-jornada-sobre-cambio-climatico","status":"publish","type":"post","link":"https:\/\/radiorevelacionfm.cl\/?p=54564","title":{"rendered":"Mesa de Regional de Educaci\u00f3n para el Desarrollo Sustentable invita a participar de jornada sobre cambio clim\u00e1tico"},"content":{"rendered":"<div class=\"flex_column av_one_full  flex_column_div av-zero-column-padding first  avia-builder-el-0  el_before_av_one_full  avia-builder-el-first  \" style='border-radius:0px; '><div  class='avia-image-container  av-styling-    avia-builder-el-1  avia-builder-el-no-sibling  avia-align-center '  itemprop=\"image\" itemscope=\"itemscope\" itemtype=\"https:\/\/schema.org\/ImageObject\"  ><div class='avia-image-container-inner'><div class='avia-image-overlay-wrap'><img decoding=\"async\" class='wp-image-54565 avia-img-lazy-loading-not-54565 avia_image' src=\"https:\/\/radiorevelacionfm.cl\/wp-content\/uploads\/2025\/05\/Seminario_Aysen_3-1.jpg\" alt='' title='Seminario_Aysen_3 (1)' height=\"600\" width=\"934\"  itemprop=\"thumbnailUrl\" srcset=\"https:\/\/radiorevelacionfm.cl\/wp-content\/uploads\/2025\/05\/Seminario_Aysen_3-1.jpg 934w, https:\/\/radiorevelacionfm.cl\/wp-content\/uploads\/2025\/05\/Seminario_Aysen_3-1-300x193.jpg 300w, https:\/\/radiorevelacionfm.cl\/wp-content\/uploads\/2025\/05\/Seminario_Aysen_3-1-768x493.jpg 768w, https:\/\/radiorevelacionfm.cl\/wp-content\/uploads\/2025\/05\/Seminario_Aysen_3-1-705x453.jpg 705w, https:\/\/radiorevelacionfm.cl\/wp-content\/uploads\/2025\/05\/Seminario_Aysen_3-1-450x289.jpg 450w, https:\/\/radiorevelacionfm.cl\/wp-content\/uploads\/2025\/05\/Seminario_Aysen_3-1-600x385.jpg 600w\" sizes=\"(max-width: 934px) 100vw, 934px\" \/><\/div><\/div><\/div><\/div><div class=\"flex_column av_one_full  flex_column_div av-zero-column-padding first  avia-builder-el-2  el_after_av_one_full  el_before_av_one_full  column-top-margin\" style='border-radius:0px; '><section class=\"av_textblock_section \"  itemscope=\"itemscope\" itemtype=\"https:\/\/schema.org\/BlogPosting\" itemprop=\"blogPost\" ><div class='avia_textblock  '   itemprop=\"text\" ><p style=\"text-align: center;\"><span style=\"font-size: 18pt;\"><strong>Mesa de Regional de Educaci\u00f3n para el Desarrollo Sustentable invita a participar de jornada sobre cambio clim\u00e1tico<\/strong><\/span><\/p>\n<div id=\"gtx-trans\" style=\"position: absolute; left: -50px; top: 4.31534px;\">\n<div class=\"gtx-trans-icon\"><\/div>\n<\/div>\n<\/div><\/section><\/div><div class=\"flex_column av_one_full  flex_column_div av-zero-column-padding first  avia-builder-el-4  el_after_av_one_full  el_before_av_hr  column-top-margin\" style='border-radius:0px; '><section class=\"av_textblock_section \"  itemscope=\"itemscope\" itemtype=\"https:\/\/schema.org\/BlogPosting\" itemprop=\"blogPost\" ><div class='avia_textblock  '   itemprop=\"text\" ><p style=\"text-align: justify;\">La Mesa Ays\u00e9n de la Pol\u00edtica Nacional de Educaci\u00f3n para el Desarrollo Sustentable, PNEDS, ha organizado para este martes 3 de junio el seminario \u201cAys\u00e9n ante el desaf\u00edo clim\u00e1tico: reflexiones locales para un futuro sostenible.<\/p>\n<p style=\"text-align: justify;\">La iniciativa abierta a todo p\u00fablico espera generar un espacio de di\u00e1logo intersectorial y multi-actoral, que permita el intercambio de conocimientos e iniciativas territoriales que se est\u00e1n desarrollando para hacer frente a la crisis clim\u00e1tica, fortaleciendo la articulaci\u00f3n entre la ciencia, la institucionalidad y ciudadan\u00eda.<\/p>\n<p style=\"text-align: justify;\"><strong>\u201cEs de suma importancia contar con la presencia tanto de entes p\u00fablicos y privados ya que es esta misma alianza la que nos ha permitido poder enfrentar los distintos desaf\u00edos medioambientales, este 2025 es Aguas Patagonia quien encabeza esta mesa y estamos muy comprometidos en poder seguir aportando y contribuyendo en estos desaf\u00edos\u201d<\/strong>, destac\u00f3 la Encargada de relacionamiento comunitario de Aguas Patagonia, Anita Oyarz\u00fan, actual presidencia de la mesa.<\/p>\n<p style=\"text-align: justify;\">Este seminario se enmarca en el plan de trabajo anual de la Mesa Ays\u00e9n de la PNEDS y busca aportar significativamente al cumplimiento de los compromisos regionales en materia de desarrollo sostenible y cambio clim\u00e1tico, cada a\u00f1o la mesa enfoca su gesti\u00f3n en funci\u00f3n de una tem\u00e1tica, en 2025 han decidido enfocar su Trabajo en los Objetivos de Desarrollo Sostenible ODS, por cuanto el evento aportar\u00e1 a consolidar capacidades t\u00e9cnicas y sociales para una acci\u00f3n clim\u00e1tica con pertinencia local, en el marco del ODS 13: Acci\u00f3n por el Clima.<\/p>\n<p style=\"text-align: justify;\"><strong>\u201cLos Objetivos de Desarrollo Sostenible son m\u00e1s que metas globales; son una hoja de ruta que gu\u00eda nuestras acciones locales. En Ays\u00e9n, cada seminario, cada feria y cada taller educativo son pasos concretos hacia una regi\u00f3n m\u00e1s equitativa, resiliente y sustentable especialmente, si las realizamos en instancias como esta mesa, que en sus 20 a\u00f1os de funcionamiento se ha establecido como un puente con la ciudadan\u00eda\u201d<\/strong>, asegur\u00f3 el Encargado de Educaci\u00f3n Ambiental de la Seremi del Medio Ambiente y Secretario Ejecutivo de la Mesa PNEDS, Juan Luis R\u00edos.<\/p>\n<p style=\"text-align: justify;\">La jornada comenzar\u00e1 a las 09:00 hrs. y partir\u00e1 con la exposici\u00f3n del Jefe de la Divisi\u00f3n de Cambio Clim\u00e1tico del Ministerio del Medio Ambiente, Andr\u00e9s Pica quien presentar\u00e1 \u201cImplementando la Ley Marco de Cambio Clim\u00e1tico desde los Territorios: Coordinaci\u00f3n Regional y Di\u00e1logo Sectorial en Ays\u00e9n\u201d, abordando los desaf\u00edos de la implementaci\u00f3n de la ley en regiones, el rol del Plan de Acci\u00f3n Regional de Cambio Clim\u00e1tico (PARCC) y la importancia de la articulaci\u00f3n institucional.<\/p>\n<p style=\"text-align: justify;\">Posteriormente comentar\u00e1n esta exposici\u00f3n el Dr. Carlos Zamorano, acad\u00e9mico de la Universidad de Ays\u00e9n, quien aportar\u00e1 una mirada desde la ciencia y la educaci\u00f3n, y Soledad Alday, profesional del MINVU Ays\u00e9n, quien abordar\u00e1 las oportunidades de acci\u00f3n clim\u00e1tica en planificaci\u00f3n y construcci\u00f3n sustentable.<\/p>\n<p style=\"text-align: justify;\"><strong>\u00a0\u201cUna tremenda instancia para escuchar a dos expositores con basta trayectoria, con distintos focos sobre un problema que nos afecta a todos, esto es algo que se trabaja en conjunto, tanto el mundo p\u00fablico, privado, acad\u00e9mico, y entre todos tenemos que advocar por la sostenibilidad, todos invitados a participar y cranear en conjunto las soluciones para la regi\u00f3n\u201d,<\/strong> valor\u00f3 el representante de Patagonia Sin Residuos, Jan Guzman.<\/p>\n<p style=\"text-align: justify;\">La siguiente exposici\u00f3n estar\u00e1 a cargo de la Decana de la Facultad de Ciencias de la Universidad Austral de Chile, Dra. Leyla C\u00e1rdenas, quien presentar\u00e1 \u00a0\u201cADN Ambiental y Diversidad Gen\u00e9tica: Herramientas Claves para Monitorear el Impacto Clim\u00e1tico en la Biodiversidad de Ays\u00e9n\u201d. La presentaci\u00f3n destacar\u00e1 herramientas cient\u00edficas innovadoras para el monitoreo ambiental, especialmente el uso del ADN ambiental en ecosistemas de la regi\u00f3n. Acompa\u00f1ar\u00e1n esta exposici\u00f3n la Dra. B\u00e1rbara Jacob, investigadora del CIEP, quien aportar\u00e1 una perspectiva desde los ecosistemas dulceacu\u00edcolas, y Miguel Moreno, coordinador regional del Proyecto GEF de Gobernanza Marino Costera, con una visi\u00f3n desde la gesti\u00f3n de \u00e1reas marinas.<\/p>\n<p style=\"text-align: justify;\">La Mesa Regional Ays\u00e9n de la Pol\u00edtica Nacional de Educaci\u00f3n para el Desarrollo Sustentable (PNEDS) es una instancia de coordinaci\u00f3n intersectorial que articula la implementaci\u00f3n territorial de la pol\u00edtica en la Regi\u00f3n de Ays\u00e9n. Constituida oficialmente el a\u00f1o 2005, esta mesa ha sido un espacio de trabajo colaborativo entre actores del sector p\u00fablico, privado, acad\u00e9mico y de la sociedad civil, comprometidos con la promoci\u00f3n de una educaci\u00f3n transformadora, basada en los principios del desarrollo sustentable, actualmente integran la mesa las SEREMIS de Medio Ambiente,\u00a0 Salud, Energ\u00eda, Corporaci\u00f3n Nacional Forestal, Gobierno Regional , municipalidades \u00a0de Coyhaique y Ays\u00e9n, Servicio Local de Educaci\u00f3n P\u00fablica, Direcci\u00f3n Provincial de Educaci\u00f3n, PAR Explora UACh, Aguas Patagonia, Aqua Chile, Corporaci\u00f3n Patagonia Viva, Patagonia Sostenible, Patagonia Sin Residuos y Comunidades Portal.<\/p>\n<\/div><\/section><\/div><div  style='height:50px' class='hr hr-invisible   avia-builder-el-6  el_after_av_one_full  el_before_av_social_share '><span class='hr-inner ' ><span class='hr-inner-style'><\/span><\/span><\/div><\/p>\n<div  class='av-social-sharing-box  avia-builder-el-7  el_after_av_hr  el_before_av_hr  '><div class='av-share-box'><h5 class='av-share-link-description av-no-toc '>Compartir esta noticia<\/h5><ul class='av-share-box-list noLightbox'><li class='av-share-link av-social-link-facebook' ><a target=\"_blank\" aria-label=\"Compartir en Facebook\" href='https:\/\/www.facebook.com\/sharer.php?u=https:\/\/radiorevelacionfm.cl\/?p=54564&#038;t=Mesa%20de%20Regional%20de%20Educaci%C3%B3n%20para%20el%20Desarrollo%20Sustentable%20invita%20a%20participar%20de%20jornada%20sobre%20cambio%20clim%C3%A1tico' aria-hidden='false' data-av_icon='\ue8f3' data-av_iconfont='entypo-fontello' title='' data-avia-related-tooltip='Compartir en Facebook' rel=\"noopener\"><span class='avia_hidden_link_text'>Compartir en Facebook<\/span><\/a><\/li><li class='av-share-link av-social-link-twitter' ><a target=\"_blank\" aria-label=\"Compartir en Twitter\" href='https:\/\/twitter.com\/share?text=Mesa%20de%20Regional%20de%20Educaci%C3%B3n%20para%20el%20Desarrollo%20Sustentable%20invita%20a%20participar%20de%20jornada%20sobre%20cambio%20clim%C3%A1tico&#038;url=https:\/\/radiorevelacionfm.cl\/?p=54564' aria-hidden='false' data-av_icon='\ue8f1' data-av_iconfont='entypo-fontello' title='' data-avia-related-tooltip='Compartir en Twitter' rel=\"noopener\"><span class='avia_hidden_link_text'>Compartir en Twitter<\/span><\/a><\/li><li class='av-share-link av-social-link-whatsapp' ><a target=\"_blank\" aria-label=\"Compartir en Whatsapp\" href='https:\/\/api.whatsapp.com\/send?text=https:\/\/radiorevelacionfm.cl\/?p=54564' aria-hidden='false' data-av_icon='\uf232' data-av_iconfont='entypo-fontello' title='' data-avia-related-tooltip='Compartir en Whatsapp' rel=\"noopener\"><span class='avia_hidden_link_text'>Compartir en Whatsapp<\/span><\/a><\/li><li class='av-share-link av-social-link-linkedin' ><a target=\"_blank\" aria-label=\"Compartir en LinkedIn\" href='https:\/\/linkedin.com\/shareArticle?mini=true&#038;title=Mesa%20de%20Regional%20de%20Educaci%C3%B3n%20para%20el%20Desarrollo%20Sustentable%20invita%20a%20participar%20de%20jornada%20sobre%20cambio%20clim%C3%A1tico&#038;url=https:\/\/radiorevelacionfm.cl\/?p=54564' aria-hidden='false' data-av_icon='\ue8fc' data-av_iconfont='entypo-fontello' title='' data-avia-related-tooltip='Compartir en LinkedIn' rel=\"noopener\"><span class='avia_hidden_link_text'>Compartir en LinkedIn<\/span><\/a><\/li><li class='av-share-link av-social-link-mail' ><a  aria-label=\"Compartir por correo\" href='mailto:?subject=Mesa%20de%20Regional%20de%20Educaci%C3%B3n%20para%20el%20Desarrollo%20Sustentable%20invita%20a%20participar%20de%20jornada%20sobre%20cambio%20clim%C3%A1tico&#038;body=https:\/\/radiorevelacionfm.cl\/?p=54564' aria-hidden='false' data-av_icon='\ue805' data-av_iconfont='entypo-fontello' title='' data-avia-related-tooltip='Compartir por correo'><span class='avia_hidden_link_text'>Compartir por correo<\/span><\/a><\/li><\/ul><\/div><\/div>\n<div  style='height:50px' class='hr hr-invisible   avia-builder-el-8  el_after_av_social_share  el_before_av_comments_list '><span class='hr-inner ' ><span class='hr-inner-style'><\/span><\/span><\/div>\n<div  class='av-buildercomment  av-blog-meta-html-info-disabled av-blog-meta-tag-disabled  '><\/div>\n","protected":false},"excerpt":{"rendered":"","protected":false},"author":1,"featured_media":54565,"comment_status":"closed","ping_status":"closed","sticky":false,"template":"","format":"standard","meta":{"footnotes":""},"categories":[39],"tags":[],"class_list":["post-54564","post","type-post","status-publish","format-standard","has-post-thumbnail","hentry","category-medio-ambiente"],"jetpack_featured_media_url":"https:\/\/radiorevelacionfm.cl\/wp-content\/uploads\/2025\/05\/Seminario_Aysen_3-1.jpg","_links":{"self":[{"href":"https:\/\/radiorevelacionfm.cl\/index.php?rest_route=\/wp\/v2\/posts\/54564","targetHints":{"allow":["GET"]}}],"collection":[{"href":"https:\/\/radiorevelacionfm.cl\/index.php?rest_route=\/wp\/v2\/posts"}],"about":[{"href":"https:\/\/radiorevelacionfm.cl\/index.php?rest_route=\/wp\/v2\/types\/post"}],"author":[{"embeddable":true,"href":"https:\/\/radiorevelacionfm.cl\/index.php?rest_route=\/wp\/v2\/users\/1"}],"replies":[{"embeddable":true,"href":"https:\/\/radiorevelacionfm.cl\/index.php?rest_route=%2Fwp%2Fv2%2Fcomments&post=54564"}],"version-history":[{"count":2,"href":"https:\/\/radiorevelacionfm.cl\/index.php?rest_route=\/wp\/v2\/posts\/54564\/revisions"}],"predecessor-version":[{"id":54583,"href":"https:\/\/radiorevelacionfm.cl\/index.php?rest_route=\/wp\/v2\/posts\/54564\/revisions\/54583"}],"wp:featuredmedia":[{"embeddable":true,"href":"https:\/\/radiorevelacionfm.cl\/index.php?rest_route=\/wp\/v2\/media\/54565"}],"wp:attachment":[{"href":"https:\/\/radiorevelacionfm.cl\/index.php?rest_route=%2Fwp%2Fv2%2Fmedia&parent=54564"}],"wp:term":[{"taxonomy":"category","embeddable":true,"href":"https:\/\/radiorevelacionfm.cl\/index.php?rest_route=%2Fwp%2Fv2%2Fcategories&post=54564"},{"taxonomy":"post_tag","embeddable":true,"href":"https:\/\/radiorevelacionfm.cl\/index.php?rest_route=%2Fwp%2Fv2%2Ftags&post=54564"}],"curies":[{"name":"wp","href":"https:\/\/api.w.org\/{rel}","templated":true}]}}