{"id":54560,"date":"2025-05-29T19:25:11","date_gmt":"2025-05-29T22:25:11","guid":{"rendered":"https:\/\/radiorevelacionfm.cl\/?p=54560"},"modified":"2025-05-29T19:25:11","modified_gmt":"2025-05-29T22:25:11","slug":"corafam-pdi-e-inacap-coyhaique-se-unen-para-fortalecer-el-desarrollo-profesional-de-funcionarios-de-la-pdi","status":"publish","type":"post","link":"https:\/\/radiorevelacionfm.cl\/?p=54560","title":{"rendered":"CORAFAM PDI e INACAP Coyhaique se unen para fortalecer el desarrollo profesional de funcionarios de la PDI"},"content":{"rendered":"<div class=\"flex_column av_one_full  flex_column_div av-zero-column-padding first  avia-builder-el-0  el_before_av_one_full  avia-builder-el-first  \" style='border-radius:0px; '><div  class='avia-image-container  av-styling-    avia-builder-el-1  avia-builder-el-no-sibling  avia-align-center '  itemprop=\"image\" itemscope=\"itemscope\" itemtype=\"https:\/\/schema.org\/ImageObject\"  ><div class='avia-image-container-inner'><div class='avia-image-overlay-wrap'><img decoding=\"async\" class='wp-image-54561 avia-img-lazy-loading-not-54561 avia_image' src=\"https:\/\/radiorevelacionfm.cl\/wp-content\/uploads\/2025\/05\/500950729_18306153529208251_1428724768979158677_n-1-1.jpg\" alt='' title='500950729_18306153529208251_1428724768979158677_n (1) (1)' height=\"600\" width=\"1026\"  itemprop=\"thumbnailUrl\" srcset=\"https:\/\/radiorevelacionfm.cl\/wp-content\/uploads\/2025\/05\/500950729_18306153529208251_1428724768979158677_n-1-1.jpg 1026w, https:\/\/radiorevelacionfm.cl\/wp-content\/uploads\/2025\/05\/500950729_18306153529208251_1428724768979158677_n-1-1-300x175.jpg 300w, https:\/\/radiorevelacionfm.cl\/wp-content\/uploads\/2025\/05\/500950729_18306153529208251_1428724768979158677_n-1-1-768x449.jpg 768w, https:\/\/radiorevelacionfm.cl\/wp-content\/uploads\/2025\/05\/500950729_18306153529208251_1428724768979158677_n-1-1-705x412.jpg 705w, https:\/\/radiorevelacionfm.cl\/wp-content\/uploads\/2025\/05\/500950729_18306153529208251_1428724768979158677_n-1-1-450x263.jpg 450w, https:\/\/radiorevelacionfm.cl\/wp-content\/uploads\/2025\/05\/500950729_18306153529208251_1428724768979158677_n-1-1-600x351.jpg 600w\" sizes=\"(max-width: 1026px) 100vw, 1026px\" \/><\/div><\/div><\/div><\/div><div class=\"flex_column av_one_full  flex_column_div av-zero-column-padding first  avia-builder-el-2  el_after_av_one_full  el_before_av_one_full  column-top-margin\" style='border-radius:0px; '><section class=\"av_textblock_section \"  itemscope=\"itemscope\" itemtype=\"https:\/\/schema.org\/BlogPosting\" itemprop=\"blogPost\" ><div class='avia_textblock  '   itemprop=\"text\" ><p style=\"text-align: center;\"><span style=\"font-size: 18pt;\"><strong>CORAFAM PDI e INACAP Coyhaique se unen para fortalecer el desarrollo profesional de funcionarios de la PDI<\/strong><\/span><\/p>\n<div id=\"gtx-trans\" style=\"position: absolute; left: -50px; top: 4.31534px;\">\n<div class=\"gtx-trans-icon\"><\/div>\n<\/div>\n<\/div><\/section><\/div><div class=\"flex_column av_one_full  flex_column_div av-zero-column-padding first  avia-builder-el-4  el_after_av_one_full  el_before_av_hr  column-top-margin\" style='border-radius:0px; '><section class=\"av_textblock_section \"  itemscope=\"itemscope\" itemtype=\"https:\/\/schema.org\/BlogPosting\" itemprop=\"blogPost\" ><div class='avia_textblock  '   itemprop=\"text\" ><p style=\"text-align: justify;\">En el marco del 92\u00b0 aniversario de la Polic\u00eda de Investigaciones de Chile, la <strong>Corporaci\u00f3n de Apoyo a la Familia PDI (CORAFAM)<\/strong> en Coyhaique y <strong>INACAP Sede Coyhaique<\/strong> han iniciado un ciclo de <strong>mentor\u00edas personalizadas<\/strong>, como parte de una alianza estrat\u00e9gica orientada al fortalecimiento profesional de los funcionarios de la instituci\u00f3n.<\/p>\n<p style=\"text-align: justify;\">Las actividades se desarrollan en el espacio <strong>CreaEmpresa<\/strong> de INACAP Coyhaique, un entorno abierto a la comunidad que busca entregar herramientas pr\u00e1cticas a emprendedores, trabajadores p\u00fablicos y actores del ecosistema local.<\/p>\n<p style=\"text-align: justify;\">En la <strong>primera jornada<\/strong>, los asistentes profundizaron en temas de <strong>financiamiento p\u00fablico<\/strong>, guiados por el docente <strong>Juan Paulo Z\u00fa\u00f1iga Arbalti<\/strong>, experto en la materia. En la <strong>segunda jornada<\/strong>, el docente <strong>Juan Gabriel Guerrero Ruiz<\/strong>, contador auditor y especialista en tributaci\u00f3n, abord\u00f3 los aspectos m\u00e1s relevantes del <strong>r\u00e9gimen tributario<\/strong>, con un enfoque claro y aplicable a proyectos personales, familiares y laborales.<\/p>\n<p style=\"text-align: justify;\">Desde CORAFAM, su directora regional <strong>Macarena Mecco<\/strong> valor\u00f3 esta alianza se\u00f1alando:<\/p>\n<p style=\"text-align: justify;\"><em>\u201cEsta colaboraci\u00f3n con INACAP reafirma nuestro compromiso con el desarrollo integral de las y los trabajadores del servicio p\u00fablico. Estamos convencidos de que, a trav\u00e9s de estas mentor\u00edas, contribuimos a construir una comunidad m\u00e1s informada y empoderada.\u201d<\/em><\/p>\n<p style=\"text-align: justify;\"><strong>Loreta Germani<\/strong>, asistente administrativa de la PDI Coyhaique y emprendedora en productos de skincare y maquillaje, tambi\u00e9n comparti\u00f3 su experiencia:<\/p>\n<p style=\"text-align: justify;\"><em>\u201cComo emprendedora y parte del equipo de la PDI, valoro profundamente estas instancias. La mentor\u00eda me permiti\u00f3 resolver dudas concretas sobre financiamiento y tributos, lo que sin duda me ayudar\u00e1 a seguir creciendo con mi negocio. Fue una experiencia muy enriquecedora y cercana.\u201d<\/em><\/p>\n<p style=\"text-align: justify;\">Por su parte, el Vicerrector de INACAP Sede Coyhaique, <strong>Patrice van de Maele Silva<\/strong>, destac\u00f3:<\/p>\n<p style=\"text-align: justify;\"><em>\u201cEstamos muy felices de colaborar con CORAFAM y la PDI. Estos espacios est\u00e1n pensados para la comunidad y buscan entregar herramientas concretas a quienes emprenden o desean desarrollar nuevos proyectos en la regi\u00f3n. Aprovecharlos es clave para impulsar el crecimiento local con sentido y responsabilidad.\u201d<\/em><\/p>\n<p style=\"text-align: justify;\">Este ciclo de mentor\u00edas marca el inicio de una colaboraci\u00f3n que se proyecta en el tiempo. Desde INACAP y CORAFAM PDI se espera seguir impulsando este tipo de espacios formativos, que permiten fortalecer competencias clave y entregar herramientas pr\u00e1cticas a los funcionarios, emprendedores y miembros de la comunidad regional.<\/p>\n<\/div><\/section><\/div><div  style='height:50px' class='hr hr-invisible   avia-builder-el-6  el_after_av_one_full  el_before_av_social_share '><span class='hr-inner ' ><span class='hr-inner-style'><\/span><\/span><\/div><\/p>\n<div  class='av-social-sharing-box  avia-builder-el-7  el_after_av_hr  el_before_av_hr  '><div class='av-share-box'><h5 class='av-share-link-description av-no-toc '>Compartir esta noticia<\/h5><ul class='av-share-box-list noLightbox'><li class='av-share-link av-social-link-facebook' ><a target=\"_blank\" aria-label=\"Compartir en Facebook\" href='https:\/\/www.facebook.com\/sharer.php?u=https:\/\/radiorevelacionfm.cl\/?p=54560&#038;t=CORAFAM%20PDI%20e%20INACAP%20Coyhaique%20se%20unen%20para%20fortalecer%20el%20desarrollo%20profesional%20de%20funcionarios%20de%20la%20PDI' aria-hidden='false' data-av_icon='\ue8f3' data-av_iconfont='entypo-fontello' title='' data-avia-related-tooltip='Compartir en Facebook' rel=\"noopener\"><span class='avia_hidden_link_text'>Compartir en Facebook<\/span><\/a><\/li><li class='av-share-link av-social-link-twitter' ><a target=\"_blank\" aria-label=\"Compartir en Twitter\" href='https:\/\/twitter.com\/share?text=CORAFAM%20PDI%20e%20INACAP%20Coyhaique%20se%20unen%20para%20fortalecer%20el%20desarrollo%20profesional%20de%20funcionarios%20de%20la%20PDI&#038;url=https:\/\/radiorevelacionfm.cl\/?p=54560' aria-hidden='false' data-av_icon='\ue8f1' data-av_iconfont='entypo-fontello' title='' data-avia-related-tooltip='Compartir en Twitter' rel=\"noopener\"><span class='avia_hidden_link_text'>Compartir en Twitter<\/span><\/a><\/li><li class='av-share-link av-social-link-whatsapp' ><a target=\"_blank\" aria-label=\"Compartir en Whatsapp\" href='https:\/\/api.whatsapp.com\/send?text=https:\/\/radiorevelacionfm.cl\/?p=54560' aria-hidden='false' data-av_icon='\uf232' data-av_iconfont='entypo-fontello' title='' data-avia-related-tooltip='Compartir en Whatsapp' rel=\"noopener\"><span class='avia_hidden_link_text'>Compartir en Whatsapp<\/span><\/a><\/li><li class='av-share-link av-social-link-linkedin' ><a target=\"_blank\" aria-label=\"Compartir en LinkedIn\" href='https:\/\/linkedin.com\/shareArticle?mini=true&#038;title=CORAFAM%20PDI%20e%20INACAP%20Coyhaique%20se%20unen%20para%20fortalecer%20el%20desarrollo%20profesional%20de%20funcionarios%20de%20la%20PDI&#038;url=https:\/\/radiorevelacionfm.cl\/?p=54560' aria-hidden='false' data-av_icon='\ue8fc' data-av_iconfont='entypo-fontello' title='' data-avia-related-tooltip='Compartir en LinkedIn' rel=\"noopener\"><span class='avia_hidden_link_text'>Compartir en LinkedIn<\/span><\/a><\/li><li class='av-share-link av-social-link-mail' ><a  aria-label=\"Compartir por correo\" href='mailto:?subject=CORAFAM%20PDI%20e%20INACAP%20Coyhaique%20se%20unen%20para%20fortalecer%20el%20desarrollo%20profesional%20de%20funcionarios%20de%20la%20PDI&#038;body=https:\/\/radiorevelacionfm.cl\/?p=54560' aria-hidden='false' data-av_icon='\ue805' data-av_iconfont='entypo-fontello' title='' data-avia-related-tooltip='Compartir por correo'><span class='avia_hidden_link_text'>Compartir por correo<\/span><\/a><\/li><\/ul><\/div><\/div>\n<div  style='height:50px' class='hr hr-invisible   avia-builder-el-8  el_after_av_social_share  el_before_av_comments_list '><span class='hr-inner ' ><span class='hr-inner-style'><\/span><\/span><\/div>\n<div  class='av-buildercomment  av-blog-meta-html-info-disabled av-blog-meta-tag-disabled  '><\/div>\n","protected":false},"excerpt":{"rendered":"","protected":false},"author":1,"featured_media":54561,"comment_status":"closed","ping_status":"closed","sticky":false,"template":"","format":"standard","meta":{"footnotes":""},"categories":[36],"tags":[],"class_list":["post-54560","post","type-post","status-publish","format-standard","has-post-thumbnail","hentry","category-policial"],"jetpack_featured_media_url":"https:\/\/radiorevelacionfm.cl\/wp-content\/uploads\/2025\/05\/500950729_18306153529208251_1428724768979158677_n-1-1.jpg","_links":{"self":[{"href":"https:\/\/radiorevelacionfm.cl\/index.php?rest_route=\/wp\/v2\/posts\/54560","targetHints":{"allow":["GET"]}}],"collection":[{"href":"https:\/\/radiorevelacionfm.cl\/index.php?rest_route=\/wp\/v2\/posts"}],"about":[{"href":"https:\/\/radiorevelacionfm.cl\/index.php?rest_route=\/wp\/v2\/types\/post"}],"author":[{"embeddable":true,"href":"https:\/\/radiorevelacionfm.cl\/index.php?rest_route=\/wp\/v2\/users\/1"}],"replies":[{"embeddable":true,"href":"https:\/\/radiorevelacionfm.cl\/index.php?rest_route=%2Fwp%2Fv2%2Fcomments&post=54560"}],"version-history":[{"count":2,"href":"https:\/\/radiorevelacionfm.cl\/index.php?rest_route=\/wp\/v2\/posts\/54560\/revisions"}],"predecessor-version":[{"id":54578,"href":"https:\/\/radiorevelacionfm.cl\/index.php?rest_route=\/wp\/v2\/posts\/54560\/revisions\/54578"}],"wp:featuredmedia":[{"embeddable":true,"href":"https:\/\/radiorevelacionfm.cl\/index.php?rest_route=\/wp\/v2\/media\/54561"}],"wp:attachment":[{"href":"https:\/\/radiorevelacionfm.cl\/index.php?rest_route=%2Fwp%2Fv2%2Fmedia&parent=54560"}],"wp:term":[{"taxonomy":"category","embeddable":true,"href":"https:\/\/radiorevelacionfm.cl\/index.php?rest_route=%2Fwp%2Fv2%2Fcategories&post=54560"},{"taxonomy":"post_tag","embeddable":true,"href":"https:\/\/radiorevelacionfm.cl\/index.php?rest_route=%2Fwp%2Fv2%2Ftags&post=54560"}],"curies":[{"name":"wp","href":"https:\/\/api.w.org\/{rel}","templated":true}]}}