{"id":54557,"date":"2025-05-29T17:24:10","date_gmt":"2025-05-29T20:24:10","guid":{"rendered":"https:\/\/radiorevelacionfm.cl\/?p=54557"},"modified":"2025-05-29T17:24:10","modified_gmt":"2025-05-29T20:24:10","slug":"fiscalia-y-pdi-sostienen-reunion-de-trabajo-para-dar-a-conocer-la-nueva-politica-de-persecucion-penal-y-el-plan-estrategico-institucional-del-ministerio-publico","status":"publish","type":"post","link":"https:\/\/radiorevelacionfm.cl\/?p=54557","title":{"rendered":"Fiscal\u00eda y PDI sostienen reuni\u00f3n de trabajo para dar a conocer la nueva Pol\u00edtica de Persecuci\u00f3n Penal y el Plan Estrat\u00e9gico institucional del Ministerio P\u00fablico"},"content":{"rendered":"<div class=\"flex_column av_one_full  flex_column_div av-zero-column-padding first  avia-builder-el-0  el_before_av_one_full  avia-builder-el-first  \" style='border-radius:0px; '><div  class='avia-image-container  av-styling-    avia-builder-el-1  avia-builder-el-no-sibling  avia-align-center '  itemprop=\"image\" itemscope=\"itemscope\" itemtype=\"https:\/\/schema.org\/ImageObject\"  ><div class='avia-image-container-inner'><div class='avia-image-overlay-wrap'><img decoding=\"async\" class='wp-image-54558 avia-img-lazy-loading-not-54558 avia_image' src=\"https:\/\/radiorevelacionfm.cl\/wp-content\/uploads\/2025\/05\/1-100-1-1.jpeg\" alt='' title='1 (100) (1) (1)' height=\"600\" width=\"800\"  itemprop=\"thumbnailUrl\" srcset=\"https:\/\/radiorevelacionfm.cl\/wp-content\/uploads\/2025\/05\/1-100-1-1.jpeg 800w, https:\/\/radiorevelacionfm.cl\/wp-content\/uploads\/2025\/05\/1-100-1-1-300x225.jpeg 300w, https:\/\/radiorevelacionfm.cl\/wp-content\/uploads\/2025\/05\/1-100-1-1-768x576.jpeg 768w, https:\/\/radiorevelacionfm.cl\/wp-content\/uploads\/2025\/05\/1-100-1-1-705x529.jpeg 705w, https:\/\/radiorevelacionfm.cl\/wp-content\/uploads\/2025\/05\/1-100-1-1-450x338.jpeg 450w, https:\/\/radiorevelacionfm.cl\/wp-content\/uploads\/2025\/05\/1-100-1-1-600x450.jpeg 600w\" sizes=\"(max-width: 800px) 100vw, 800px\" \/><\/div><\/div><\/div><\/div><div class=\"flex_column av_one_full  flex_column_div av-zero-column-padding first  avia-builder-el-2  el_after_av_one_full  el_before_av_one_full  column-top-margin\" style='border-radius:0px; '><section class=\"av_textblock_section \"  itemscope=\"itemscope\" itemtype=\"https:\/\/schema.org\/BlogPosting\" itemprop=\"blogPost\" ><div class='avia_textblock  '   itemprop=\"text\" ><h2 class=\"title\" style=\"text-align: center;\"><span style=\"font-size: 18pt;\"><b>Fiscal\u00eda y PDI sostienen reuni\u00f3n de trabajo para dar a conocer la nueva Pol\u00edtica de Persecuci\u00f3n Penal y el Plan Estrat\u00e9gico institucional del Ministerio P\u00fablico<\/b><\/span><\/h2>\n<div id=\"gtx-trans\" style=\"position: absolute; left: -50px; top: 4.31534px;\">\n<div class=\"gtx-trans-icon\"><\/div>\n<\/div>\n<\/div><\/section><\/div><div class=\"flex_column av_one_full  flex_column_div av-zero-column-padding first  avia-builder-el-4  el_after_av_one_full  el_before_av_hr  column-top-margin\" style='border-radius:0px; '><section class=\"av_textblock_section \"  itemscope=\"itemscope\" itemtype=\"https:\/\/schema.org\/BlogPosting\" itemprop=\"blogPost\" ><div class='avia_textblock  '   itemprop=\"text\" ><p style=\"font-weight: 400; text-align: justify;\">Una reuni\u00f3n de trabajo a fin de explicar la nueva Pol\u00edtica de Persecuci\u00f3n Penal de la Fiscal\u00eda, la cual establece 214 delitos focalizados y el Plan Estrat\u00e9gico de la instituci\u00f3n, sostuvo el Fiscal Regional (s), Jos\u00e9 Moris, con jefes de las diversas Brigadas de la Regi\u00f3n Policial Ays\u00e9n de la PDI, encabezados por el Prefecto Inspector, Javier Valenzuela. La actividad se efectu\u00f3 en el cuartel policial de la PDI en calle 2 de Coyhaique y a ella tambi\u00e9n concurri\u00f3 el jefe de la Unidad de Asesor\u00eda Jur\u00eddica de la Fiscal\u00eda, abogado \u00c1lvaro P\u00e9rez.<\/p>\n<p style=\"font-weight: 400; text-align: justify;\">Seg\u00fan explic\u00f3 el Fiscal Regional (s), Jos\u00e9 Moris, \u201cla Fiscal\u00eda en la regi\u00f3n de Ays\u00e9n tiene los mejores resultados del pa\u00eds gracias al excelente trabajo realizado por la Polic\u00eda, Investigaciones, Carabineros, Armada y Gendarmer\u00eda\u201d. En ese sentido, dijo, \u201cmantener los canales de comunicaci\u00f3n fluidos y poder expresar a las distintas polic\u00edas cu\u00e1les son los lineamientos que la Fiscal\u00eda tiene desde el nivel nacional, son un tema prioritario porque naturalmente nuestro sistema de trabajo, nuestros intereses y el foco que se le va a dar a la persecuci\u00f3n tiene que verse reflejado no solo desde el punto de vista del trabajo interno de la Fiscal\u00eda, sino que tambi\u00e9n del trabajo con las polic\u00edas\u201d.<\/p>\n<p style=\"font-weight: 400; text-align: justify;\">Moris a\u00f1adi\u00f3 que \u201cen esta regi\u00f3n siempre hemos tenido una relaci\u00f3n sumamente fluida con ambas polic\u00edas lo que permite, precisamente, llegar a los buenos resultados que tenemos\u201d.<\/p>\n<p style=\"font-weight: 400; text-align: justify;\">TRABAJO OPERATIVO<\/p>\n<p style=\"font-weight: 400; text-align: justify;\">En relaci\u00f3n a la din\u00e1mica de la reuni\u00f3n, el Fiscal Regional (s), expres\u00f3 que \u201ctodas las preguntas que se hicieron dicen relaci\u00f3n con el trabajo operativo 100% y naturalmente la idea es ese trabajo operativo, poder pulirlo y que se haga de la mejor manera posible\u201d.<\/p>\n<p style=\"font-weight: 400; text-align: justify;\">Sabemos que hay algunos aspectos en que pareciera que se puede dar una respuesta m\u00e1s sencilla, manifest\u00f3 Moris, \u201csin embargo ello, la entidad de los delitos no permite hacerlo y si se debe recurrir a una investigaci\u00f3n m\u00e1s tradicional. Por otro lado, como Fiscal\u00eda ya estamos trabajando en mecanismos de desestimaci\u00f3n de causas que son de menor complejidad para poder desatochar la labor investigativa de las polic\u00edas y que efectivamente nos enfoquemos en investigaciones que tengan futuro, por un lado, y que puedan obtener el mejor resultado posible\u201d.<\/p>\n<p style=\"font-weight: 400; text-align: justify;\">PDI<\/p>\n<p style=\"font-weight: 400; text-align: justify;\">Por su parte el Jefe de la Regi\u00f3n Policial Ays\u00e9n, prefecto inspector, Javier Valenzuela, agradeci\u00f3 \u201cal Fiscal Regional y su buena disposici\u00f3n y claramente el que los funcionarios policiales que investigan est\u00e9n al tanto de las nuevas directrices del Ministerio P\u00fablico en cuanto a persecuci\u00f3n penal es prioritario para nosotros\u201d.<\/p>\n<p style=\"font-weight: 400; text-align: justify;\">El prefecto inspector Javier Valenzuela, agreg\u00f3 que \u201choy d\u00eda hay una vor\u00e1gine, un aumento de carpetas investigativas en la Fiscal\u00eda, estamos hablando de que en 2006 ten\u00edamos 600.000 ingresos de causa, el a\u00f1o pasado tuvimos m\u00e1s de 1.500.000 y los recursos claramente hay que priorizarlos en ciertos focos o \u00e1mbitos delictuales. Y esta pol\u00edtica viene a definir eso claramente y esa informaci\u00f3n tiene que permear al universo de oficiales investigadores que tenemos ac\u00e1 en la regi\u00f3n y eso estamos haciendo precisamente hoy en d\u00eda\u201d.<\/p>\n<\/div><\/section><\/div><div  style='height:50px' class='hr hr-invisible   avia-builder-el-6  el_after_av_one_full  el_before_av_social_share '><span class='hr-inner ' ><span class='hr-inner-style'><\/span><\/span><\/div><\/p>\n<div  class='av-social-sharing-box  avia-builder-el-7  el_after_av_hr  el_before_av_hr  '><div class='av-share-box'><h5 class='av-share-link-description av-no-toc '>Compartir esta noticia<\/h5><ul class='av-share-box-list noLightbox'><li class='av-share-link av-social-link-facebook' ><a target=\"_blank\" aria-label=\"Compartir en Facebook\" href='https:\/\/www.facebook.com\/sharer.php?u=https:\/\/radiorevelacionfm.cl\/?p=54557&#038;t=Fiscal%C3%ADa%20y%20PDI%20sostienen%20reuni%C3%B3n%20de%20trabajo%20para%20dar%20a%20conocer%20la%20nueva%20Pol%C3%ADtica%20de%20Persecuci%C3%B3n%20Penal%20y%20el%20Plan%20Estrat%C3%A9gico%20institucional%20del%20Ministerio%20P%C3%BAblico' aria-hidden='false' data-av_icon='\ue8f3' data-av_iconfont='entypo-fontello' title='' data-avia-related-tooltip='Compartir en Facebook' rel=\"noopener\"><span class='avia_hidden_link_text'>Compartir en Facebook<\/span><\/a><\/li><li class='av-share-link av-social-link-twitter' ><a target=\"_blank\" aria-label=\"Compartir en Twitter\" href='https:\/\/twitter.com\/share?text=Fiscal%C3%ADa%20y%20PDI%20sostienen%20reuni%C3%B3n%20de%20trabajo%20para%20dar%20a%20conocer%20la%20nueva%20Pol%C3%ADtica%20de%20Persecuci%C3%B3n%20Penal%20y%20el%20Plan%20Estrat%C3%A9gico%20institucional%20del%20Ministerio%20P%C3%BAblico&#038;url=https:\/\/radiorevelacionfm.cl\/?p=54557' aria-hidden='false' data-av_icon='\ue8f1' data-av_iconfont='entypo-fontello' title='' data-avia-related-tooltip='Compartir en Twitter' rel=\"noopener\"><span class='avia_hidden_link_text'>Compartir en Twitter<\/span><\/a><\/li><li class='av-share-link av-social-link-whatsapp' ><a target=\"_blank\" aria-label=\"Compartir en Whatsapp\" href='https:\/\/api.whatsapp.com\/send?text=https:\/\/radiorevelacionfm.cl\/?p=54557' aria-hidden='false' data-av_icon='\uf232' data-av_iconfont='entypo-fontello' title='' data-avia-related-tooltip='Compartir en Whatsapp' rel=\"noopener\"><span class='avia_hidden_link_text'>Compartir en Whatsapp<\/span><\/a><\/li><li class='av-share-link av-social-link-linkedin' ><a target=\"_blank\" aria-label=\"Compartir en LinkedIn\" href='https:\/\/linkedin.com\/shareArticle?mini=true&#038;title=Fiscal%C3%ADa%20y%20PDI%20sostienen%20reuni%C3%B3n%20de%20trabajo%20para%20dar%20a%20conocer%20la%20nueva%20Pol%C3%ADtica%20de%20Persecuci%C3%B3n%20Penal%20y%20el%20Plan%20Estrat%C3%A9gico%20institucional%20del%20Ministerio%20P%C3%BAblico&#038;url=https:\/\/radiorevelacionfm.cl\/?p=54557' aria-hidden='false' data-av_icon='\ue8fc' data-av_iconfont='entypo-fontello' title='' data-avia-related-tooltip='Compartir en LinkedIn' rel=\"noopener\"><span class='avia_hidden_link_text'>Compartir en LinkedIn<\/span><\/a><\/li><li class='av-share-link av-social-link-mail' ><a  aria-label=\"Compartir por correo\" href='mailto:?subject=Fiscal%C3%ADa%20y%20PDI%20sostienen%20reuni%C3%B3n%20de%20trabajo%20para%20dar%20a%20conocer%20la%20nueva%20Pol%C3%ADtica%20de%20Persecuci%C3%B3n%20Penal%20y%20el%20Plan%20Estrat%C3%A9gico%20institucional%20del%20Ministerio%20P%C3%BAblico&#038;body=https:\/\/radiorevelacionfm.cl\/?p=54557' aria-hidden='false' data-av_icon='\ue805' data-av_iconfont='entypo-fontello' title='' data-avia-related-tooltip='Compartir por correo'><span class='avia_hidden_link_text'>Compartir por correo<\/span><\/a><\/li><\/ul><\/div><\/div>\n<div  style='height:50px' class='hr hr-invisible   avia-builder-el-8  el_after_av_social_share  el_before_av_comments_list '><span class='hr-inner ' ><span class='hr-inner-style'><\/span><\/span><\/div>\n<div  class='av-buildercomment  av-blog-meta-html-info-disabled av-blog-meta-tag-disabled  '><\/div>\n","protected":false},"excerpt":{"rendered":"","protected":false},"author":1,"featured_media":54558,"comment_status":"closed","ping_status":"closed","sticky":false,"template":"","format":"standard","meta":{"footnotes":""},"categories":[36],"tags":[],"class_list":["post-54557","post","type-post","status-publish","format-standard","has-post-thumbnail","hentry","category-policial"],"jetpack_featured_media_url":"https:\/\/radiorevelacionfm.cl\/wp-content\/uploads\/2025\/05\/1-100-1-1.jpeg","_links":{"self":[{"href":"https:\/\/radiorevelacionfm.cl\/index.php?rest_route=\/wp\/v2\/posts\/54557","targetHints":{"allow":["GET"]}}],"collection":[{"href":"https:\/\/radiorevelacionfm.cl\/index.php?rest_route=\/wp\/v2\/posts"}],"about":[{"href":"https:\/\/radiorevelacionfm.cl\/index.php?rest_route=\/wp\/v2\/types\/post"}],"author":[{"embeddable":true,"href":"https:\/\/radiorevelacionfm.cl\/index.php?rest_route=\/wp\/v2\/users\/1"}],"replies":[{"embeddable":true,"href":"https:\/\/radiorevelacionfm.cl\/index.php?rest_route=%2Fwp%2Fv2%2Fcomments&post=54557"}],"version-history":[{"count":2,"href":"https:\/\/radiorevelacionfm.cl\/index.php?rest_route=\/wp\/v2\/posts\/54557\/revisions"}],"predecessor-version":[{"id":54571,"href":"https:\/\/radiorevelacionfm.cl\/index.php?rest_route=\/wp\/v2\/posts\/54557\/revisions\/54571"}],"wp:featuredmedia":[{"embeddable":true,"href":"https:\/\/radiorevelacionfm.cl\/index.php?rest_route=\/wp\/v2\/media\/54558"}],"wp:attachment":[{"href":"https:\/\/radiorevelacionfm.cl\/index.php?rest_route=%2Fwp%2Fv2%2Fmedia&parent=54557"}],"wp:term":[{"taxonomy":"category","embeddable":true,"href":"https:\/\/radiorevelacionfm.cl\/index.php?rest_route=%2Fwp%2Fv2%2Fcategories&post=54557"},{"taxonomy":"post_tag","embeddable":true,"href":"https:\/\/radiorevelacionfm.cl\/index.php?rest_route=%2Fwp%2Fv2%2Ftags&post=54557"}],"curies":[{"name":"wp","href":"https:\/\/api.w.org\/{rel}","templated":true}]}}