{"id":54554,"date":"2025-05-29T16:37:45","date_gmt":"2025-05-29T19:37:45","guid":{"rendered":"https:\/\/radiorevelacionfm.cl\/?p=54554"},"modified":"2025-05-29T16:37:45","modified_gmt":"2025-05-29T19:37:45","slug":"sernatur-aysen-pone-en-marcha-la-mesa-regional-de-capital-humano-para-fortalecer-el-turismo-en-aysen-patagonia","status":"publish","type":"post","link":"https:\/\/radiorevelacionfm.cl\/?p=54554","title":{"rendered":"Sernatur Ays\u00e9n pone en marcha la Mesa Regional de Capital Humano para fortalecer el turismo en Ays\u00e9n Patagonia"},"content":{"rendered":"<div class=\"flex_column av_one_full  flex_column_div av-zero-column-padding first  avia-builder-el-0  el_before_av_one_full  avia-builder-el-first  \" style='border-radius:0px; '><div  class='avia-image-container  av-styling-    avia-builder-el-1  avia-builder-el-no-sibling  avia-align-center '  itemprop=\"image\" itemscope=\"itemscope\" itemtype=\"https:\/\/schema.org\/ImageObject\"  ><div class='avia-image-container-inner'><div class='avia-image-overlay-wrap'><img decoding=\"async\" class='wp-image-54555 avia-img-lazy-loading-not-54555 avia_image' src=\"https:\/\/radiorevelacionfm.cl\/wp-content\/uploads\/2025\/05\/Foto-Mesa-Capital-Humano-1-1.jpeg\" alt='' title='Foto Mesa Capital Humano (1) (1)' height=\"600\" width=\"898\"  itemprop=\"thumbnailUrl\" srcset=\"https:\/\/radiorevelacionfm.cl\/wp-content\/uploads\/2025\/05\/Foto-Mesa-Capital-Humano-1-1.jpeg 898w, https:\/\/radiorevelacionfm.cl\/wp-content\/uploads\/2025\/05\/Foto-Mesa-Capital-Humano-1-1-300x200.jpeg 300w, https:\/\/radiorevelacionfm.cl\/wp-content\/uploads\/2025\/05\/Foto-Mesa-Capital-Humano-1-1-768x513.jpeg 768w, https:\/\/radiorevelacionfm.cl\/wp-content\/uploads\/2025\/05\/Foto-Mesa-Capital-Humano-1-1-705x471.jpeg 705w, https:\/\/radiorevelacionfm.cl\/wp-content\/uploads\/2025\/05\/Foto-Mesa-Capital-Humano-1-1-450x301.jpeg 450w, https:\/\/radiorevelacionfm.cl\/wp-content\/uploads\/2025\/05\/Foto-Mesa-Capital-Humano-1-1-600x401.jpeg 600w\" sizes=\"(max-width: 898px) 100vw, 898px\" \/><\/div><\/div><\/div><\/div><div class=\"flex_column av_one_full  flex_column_div av-zero-column-padding first  avia-builder-el-2  el_after_av_one_full  el_before_av_one_full  column-top-margin\" style='border-radius:0px; '><section class=\"av_textblock_section \"  itemscope=\"itemscope\" itemtype=\"https:\/\/schema.org\/BlogPosting\" itemprop=\"blogPost\" ><div class='avia_textblock  '   itemprop=\"text\" ><p style=\"text-align: center;\"><span style=\"font-size: 18pt;\"><strong>Sernatur Ays\u00e9n pone en marcha la Mesa Regional de Capital Humano para fortalecer el turismo en Ays\u00e9n Patagonia<\/strong><\/span><\/p>\n<div id=\"gtx-trans\" style=\"position: absolute; left: -50px; top: 4.31534px;\">\n<div class=\"gtx-trans-icon\"><\/div>\n<\/div>\n<\/div><\/section><\/div><div class=\"flex_column av_one_full  flex_column_div av-zero-column-padding first  avia-builder-el-4  el_after_av_one_full  el_before_av_hr  column-top-margin\" style='border-radius:0px; '><section class=\"av_textblock_section \"  itemscope=\"itemscope\" itemtype=\"https:\/\/schema.org\/BlogPosting\" itemprop=\"blogPost\" ><div class='avia_textblock  '   itemprop=\"text\" ><p><em>La mesa definir\u00e1 su estructura de gobernanza y plan de trabajo para el fortalecimiento del capital humano de turismo de la regi\u00f3n de Ays\u00e9n.<\/em><\/p>\n<p><em>Con la participaci\u00f3n de autoridades, gremios e instituciones educativas, se busca aumentar la competitividad del destino Ays\u00e9n Patagonia.<\/em><\/p>\n<p style=\"text-align: justify;\">Sernatur Ays\u00e9n conform\u00f3 en Coyhaique la Mesa Regional de Capital Humano en Turismo de Ays\u00e9n, un espacio multisectorial cuyo objetivo inmediato es definir su gobernanza y dise\u00f1ar una hoja de ruta que guiar\u00e1 las acciones para el fortalecimiento del capital humano en los pr\u00f3ximos a\u00f1os. Esta iniciativa persigue elevar la competitividad del sector y consolidar a Ays\u00e9n Patagonia como un destino tur\u00edstico de clase mundial.<\/p>\n<p style=\"text-align: justify;\">Claudio Montecinos, Director Regional de sernatur Ays\u00e9n, relev\u00f3 la importancia de constituir esta mesa para fortalecer la oferta tur\u00edstica del sector. \u201cEs un hito muy importante para Sernatur ya que nos va a permitir abordar los desaf\u00edos que tenemos en materia de fortalecimiento de la competitividad del destino y particularmente, de nuestro capital humano, necesitamos abordar las brechas que tenemos como destino. Estamos aumentando de manera importante la demanda de nuestro destino, pero por otro lado, eso nos pone en un escenario desafiante para abordar los desaf\u00edos que tenemos en materia de oferta y uno de ellos tiene que ver con el fortalecimiento de nuestro capital humano\u201d, indic\u00f3 el director regional de Sernatur.<\/p>\n<p style=\"text-align: justify;\">La jornada convoc\u00f3 a representantes del Gobierno Regional de Ays\u00e9n, gremios y asociaciones de turismo, junto a las principales instituciones de educaci\u00f3n superior (INACAP, CFT Estatal y Universidad Austral de Chile) y agencias de apoyo al emprendimiento y la innovaci\u00f3n (Sercotec, Sernameg, SENCE y Corfo), as\u00ed como representantes de la Municipalidad de Coyhaique. Durante el encuentro se acord\u00f3 iniciar un di\u00e1logo sectorial que incorpore diversas perspectivas y promueva metodolog\u00edas colaborativas.<\/p>\n<p style=\"text-align: justify;\">El trabajo fue liderado por Sernatur Ays\u00e9n y Cristian Encina, encargado nacional de capital humano de Sernatur. En esta instancia, los participantes desarrollaron un levantamiento de informaci\u00f3n sobre el empleo, la asociatividad y la formaci\u00f3n, que servir\u00e1 de insumo para el plan de acci\u00f3n regional.<\/p>\n<p style=\"text-align: justify;\">En el mes de julio se realizar\u00e1 una segunda sesi\u00f3n para elaborar la propuesta final del plan, la cual ser\u00e1 validada por todos los actores p\u00fablicos y privados que integran esta gobernanza. Para la pr\u00f3xima reuni\u00f3n se espera que se incorporen a la mesa de capital humano de turismo los representantes del Consejo Regional de Ays\u00e9n y de la Asociaci\u00f3n Regional de Municipalidades.<\/p>\n<p style=\"text-align: justify;\">Desde la\u00a0 C\u00e1mara de Turismo de Coyhaique, Gast\u00f3n Urrejola valor\u00f3 la conformaci\u00f3n de esta mesa de capital humano para abordar las brechas que existen en el sector. \u201cEl capital humano para nosotros en el \u00e1mbito tur\u00edstico es fundamental, digamos, es muy importante, as\u00ed que esperemos que saquemos cosas en limpio, que vamos a seguir avanzando y que esta mesa funcione para ir mejorando los problemas que tenemos como rubro\u201d, indic\u00f3 Urrejola.<\/p>\n<p style=\"text-align: justify;\">Por su parte, Paulina Tapia, coordinadora de la carrera t\u00e9cnico profesional en servicios de turismo\u00a0 del Liceo Bicentenario Rural Cerro Castillo,\u00a0 agradeci\u00f3 la posibilidad de integrarse a esta mesa que visualizan como una oportunidad para el establecimiento educacional.\u00a0 \u201cEstamos s\u00faper agradecidos primero por la invitaci\u00f3n, esta propuesta nos lleg\u00f3, decidimos asistir y para nosotros es s\u00faper importante porque es la vinculaci\u00f3n que tenemos m\u00e1s directa con el \u00e1rea de turismo, para poder generar esta vinculaci\u00f3n con el \u00e1rea y generar aprendizaje con nuestros estudiantes y que se vea reflejado en un buen desempe\u00f1o\u201d, indic\u00f3 la coordinadora t\u00e9cnica de la carrera.<\/p>\n<p style=\"text-align: justify;\">De esta manera, se espera que a trav\u00e9s de esta instancia se puedan abordar las brechas de capital humano del sector turismo de la regi\u00f3n, promoviendo la asociatividad p\u00fablico privada para mejorar la competitividad en el ecosistema tur\u00edstico regional, fortaleciendo las competencias t\u00e9cnicas a trav\u00e9s de la implementaci\u00f3n de distintos programas de formaci\u00f3n, capacitaci\u00f3n y certificaciones requeridas, y por otro lado, fomentar la investigaci\u00f3n en materia de capital humano que permita apoyar el desarrollo de las distintas iniciativas que ser\u00e1n priorizadas en el plan de acci\u00f3n que ser\u00e1 elaborado por esta mesa.<\/p>\n<\/div><\/section><\/div><div  style='height:50px' class='hr hr-invisible   avia-builder-el-6  el_after_av_one_full  el_before_av_social_share '><span class='hr-inner ' ><span class='hr-inner-style'><\/span><\/span><\/div><\/p>\n<div  class='av-social-sharing-box  avia-builder-el-7  el_after_av_hr  el_before_av_hr  '><div class='av-share-box'><h5 class='av-share-link-description av-no-toc '>Compartir esta noticia<\/h5><ul class='av-share-box-list noLightbox'><li class='av-share-link av-social-link-facebook' ><a target=\"_blank\" aria-label=\"Compartir en Facebook\" href='https:\/\/www.facebook.com\/sharer.php?u=https:\/\/radiorevelacionfm.cl\/?p=54554&#038;t=Sernatur%20Ays%C3%A9n%20pone%20en%20marcha%20la%20Mesa%20Regional%20de%20Capital%20Humano%20para%20fortalecer%20el%20turismo%20en%20Ays%C3%A9n%20Patagonia' aria-hidden='false' data-av_icon='\ue8f3' data-av_iconfont='entypo-fontello' title='' data-avia-related-tooltip='Compartir en Facebook' rel=\"noopener\"><span class='avia_hidden_link_text'>Compartir en Facebook<\/span><\/a><\/li><li class='av-share-link av-social-link-twitter' ><a target=\"_blank\" aria-label=\"Compartir en Twitter\" href='https:\/\/twitter.com\/share?text=Sernatur%20Ays%C3%A9n%20pone%20en%20marcha%20la%20Mesa%20Regional%20de%20Capital%20Humano%20para%20fortalecer%20el%20turismo%20en%20Ays%C3%A9n%20Patagonia&#038;url=https:\/\/radiorevelacionfm.cl\/?p=54554' aria-hidden='false' data-av_icon='\ue8f1' data-av_iconfont='entypo-fontello' title='' data-avia-related-tooltip='Compartir en Twitter' rel=\"noopener\"><span class='avia_hidden_link_text'>Compartir en Twitter<\/span><\/a><\/li><li class='av-share-link av-social-link-whatsapp' ><a target=\"_blank\" aria-label=\"Compartir en Whatsapp\" href='https:\/\/api.whatsapp.com\/send?text=https:\/\/radiorevelacionfm.cl\/?p=54554' aria-hidden='false' data-av_icon='\uf232' data-av_iconfont='entypo-fontello' title='' data-avia-related-tooltip='Compartir en Whatsapp' rel=\"noopener\"><span class='avia_hidden_link_text'>Compartir en Whatsapp<\/span><\/a><\/li><li class='av-share-link av-social-link-linkedin' ><a target=\"_blank\" aria-label=\"Compartir en LinkedIn\" href='https:\/\/linkedin.com\/shareArticle?mini=true&#038;title=Sernatur%20Ays%C3%A9n%20pone%20en%20marcha%20la%20Mesa%20Regional%20de%20Capital%20Humano%20para%20fortalecer%20el%20turismo%20en%20Ays%C3%A9n%20Patagonia&#038;url=https:\/\/radiorevelacionfm.cl\/?p=54554' aria-hidden='false' data-av_icon='\ue8fc' data-av_iconfont='entypo-fontello' title='' data-avia-related-tooltip='Compartir en LinkedIn' rel=\"noopener\"><span class='avia_hidden_link_text'>Compartir en LinkedIn<\/span><\/a><\/li><li class='av-share-link av-social-link-mail' ><a  aria-label=\"Compartir por correo\" href='mailto:?subject=Sernatur%20Ays%C3%A9n%20pone%20en%20marcha%20la%20Mesa%20Regional%20de%20Capital%20Humano%20para%20fortalecer%20el%20turismo%20en%20Ays%C3%A9n%20Patagonia&#038;body=https:\/\/radiorevelacionfm.cl\/?p=54554' aria-hidden='false' data-av_icon='\ue805' data-av_iconfont='entypo-fontello' title='' data-avia-related-tooltip='Compartir por correo'><span class='avia_hidden_link_text'>Compartir por correo<\/span><\/a><\/li><\/ul><\/div><\/div>\n<div  style='height:50px' class='hr hr-invisible   avia-builder-el-8  el_after_av_social_share  el_before_av_comments_list '><span class='hr-inner ' ><span class='hr-inner-style'><\/span><\/span><\/div>\n<div  class='av-buildercomment  av-blog-meta-html-info-disabled av-blog-meta-tag-disabled  '><\/div>\n","protected":false},"excerpt":{"rendered":"","protected":false},"author":1,"featured_media":54555,"comment_status":"closed","ping_status":"closed","sticky":false,"template":"","format":"standard","meta":{"footnotes":""},"categories":[54],"tags":[],"class_list":["post-54554","post","type-post","status-publish","format-standard","has-post-thumbnail","hentry","category-turismo"],"jetpack_featured_media_url":"https:\/\/radiorevelacionfm.cl\/wp-content\/uploads\/2025\/05\/Foto-Mesa-Capital-Humano-1-1.jpeg","_links":{"self":[{"href":"https:\/\/radiorevelacionfm.cl\/index.php?rest_route=\/wp\/v2\/posts\/54554","targetHints":{"allow":["GET"]}}],"collection":[{"href":"https:\/\/radiorevelacionfm.cl\/index.php?rest_route=\/wp\/v2\/posts"}],"about":[{"href":"https:\/\/radiorevelacionfm.cl\/index.php?rest_route=\/wp\/v2\/types\/post"}],"author":[{"embeddable":true,"href":"https:\/\/radiorevelacionfm.cl\/index.php?rest_route=\/wp\/v2\/users\/1"}],"replies":[{"embeddable":true,"href":"https:\/\/radiorevelacionfm.cl\/index.php?rest_route=%2Fwp%2Fv2%2Fcomments&post=54554"}],"version-history":[{"count":2,"href":"https:\/\/radiorevelacionfm.cl\/index.php?rest_route=\/wp\/v2\/posts\/54554\/revisions"}],"predecessor-version":[{"id":54570,"href":"https:\/\/radiorevelacionfm.cl\/index.php?rest_route=\/wp\/v2\/posts\/54554\/revisions\/54570"}],"wp:featuredmedia":[{"embeddable":true,"href":"https:\/\/radiorevelacionfm.cl\/index.php?rest_route=\/wp\/v2\/media\/54555"}],"wp:attachment":[{"href":"https:\/\/radiorevelacionfm.cl\/index.php?rest_route=%2Fwp%2Fv2%2Fmedia&parent=54554"}],"wp:term":[{"taxonomy":"category","embeddable":true,"href":"https:\/\/radiorevelacionfm.cl\/index.php?rest_route=%2Fwp%2Fv2%2Fcategories&post=54554"},{"taxonomy":"post_tag","embeddable":true,"href":"https:\/\/radiorevelacionfm.cl\/index.php?rest_route=%2Fwp%2Fv2%2Ftags&post=54554"}],"curies":[{"name":"wp","href":"https:\/\/api.w.org\/{rel}","templated":true}]}}