{"id":54547,"date":"2025-05-29T15:34:11","date_gmt":"2025-05-29T18:34:11","guid":{"rendered":"https:\/\/radiorevelacionfm.cl\/?p=54547"},"modified":"2025-05-29T15:34:11","modified_gmt":"2025-05-29T18:34:11","slug":"pascua-del-padre-victorino-bertocco","status":"publish","type":"post","link":"https:\/\/radiorevelacionfm.cl\/?p=54547","title":{"rendered":"Pascua del padre Victorino Bertocco"},"content":{"rendered":"<div class=\"flex_column av_one_full  flex_column_div av-zero-column-padding first  avia-builder-el-0  el_before_av_one_full  avia-builder-el-first  \" style='border-radius:0px; '><div  class='avia-image-container  av-styling-    avia-builder-el-1  avia-builder-el-no-sibling  avia-align-center '  itemprop=\"image\" itemscope=\"itemscope\" itemtype=\"https:\/\/schema.org\/ImageObject\"  ><div class='avia-image-container-inner'><div class='avia-image-overlay-wrap'><img decoding=\"async\" class='wp-image-54548 avia-img-lazy-loading-not-54548 avia_image' src=\"https:\/\/radiorevelacionfm.cl\/wp-content\/uploads\/2025\/05\/Padre-Victorino-4-1-1.jpg\" alt='' title='Padre Victorino 4 (1) (1)' height=\"600\" width=\"662\"  itemprop=\"thumbnailUrl\" srcset=\"https:\/\/radiorevelacionfm.cl\/wp-content\/uploads\/2025\/05\/Padre-Victorino-4-1-1.jpg 662w, https:\/\/radiorevelacionfm.cl\/wp-content\/uploads\/2025\/05\/Padre-Victorino-4-1-1-300x272.jpg 300w, https:\/\/radiorevelacionfm.cl\/wp-content\/uploads\/2025\/05\/Padre-Victorino-4-1-1-450x408.jpg 450w, https:\/\/radiorevelacionfm.cl\/wp-content\/uploads\/2025\/05\/Padre-Victorino-4-1-1-600x544.jpg 600w\" sizes=\"(max-width: 662px) 100vw, 662px\" \/><\/div><\/div><\/div><\/div><div class=\"flex_column av_one_full  flex_column_div av-zero-column-padding first  avia-builder-el-2  el_after_av_one_full  el_before_av_one_full  column-top-margin\" style='border-radius:0px; '><section class=\"av_textblock_section \"  itemscope=\"itemscope\" itemtype=\"https:\/\/schema.org\/BlogPosting\" itemprop=\"blogPost\" ><div class='avia_textblock  '   itemprop=\"text\" ><h2 class=\"title\" style=\"text-align: center;\"><span style=\"font-size: 18pt;\"><b>Pascua del padre Victorino Bertocco<\/b><\/span><\/h2>\n<div id=\"gtx-trans\" style=\"position: absolute; left: -50px; top: 4.31534px;\">\n<div class=\"gtx-trans-icon\"><\/div>\n<\/div>\n<\/div><\/section><\/div><div class=\"flex_column av_one_full  flex_column_div av-zero-column-padding first  avia-builder-el-4  el_after_av_one_full  el_before_av_hr  column-top-margin\" style='border-radius:0px; '><section class=\"av_textblock_section \"  itemscope=\"itemscope\" itemtype=\"https:\/\/schema.org\/BlogPosting\" itemprop=\"blogPost\" ><div class='avia_textblock  '   itemprop=\"text\" ><div style=\"text-align: justify;\"><i>Esta madrugada, en Santiago, ha partido a la \u201cCasa del Padre\u201d a los 97 a\u00f1os el religioso y sacerdote Siervo de Mar\u00eda, padre Victorino Bertocco, quien ejerci\u00f3 su ministerio por muchos a\u00f1os en la regi\u00f3n de Ays\u00e9n.<\/i><\/div>\n<div style=\"text-align: justify;\"><i>\u00a0<\/i><\/div>\n<div style=\"text-align: justify;\">La noticia la comunic\u00f3 oficialmente el padre Obispo Luis esta ma\u00f1ana lamentando la partida de este querido religioso y sacerdote.<\/div>\n<div style=\"text-align: justify;\">\u201cMuchos lo recordamos con sabidur\u00eda \u2014dijo el obispo. \u00c9l fue profesor de filosof\u00eda, matem\u00e1tica y religi\u00f3n. A m\u00ed, por supuesto me hizo clases y est\u00e1 en mi memoria como un gran misionero. Durante el a\u00f1o, como muchos de los Siervos de Mar\u00eda, hac\u00eda clases, y en verano se iba a misionar. En el diario \u201cEl Farell\u00f3n\u201d de los a\u00f1os 60 se public\u00f3 una nota que daba cuenta que el padre Victorino hizo 800 kil\u00f3metros a caballo misionando por el sector de Ma\u00f1ihuales hasta Lago Verde. As\u00ed se era misionero en aquel tiempo\u201d.<\/div>\n<div style=\"text-align: justify;\">\u201cYo, ciertamente \u2014comparti\u00f3 el Pastor de Ays\u00e9n\u2014 si he llegado a Ays\u00e9n ha sido por el entusiasmo que \u00e9l infundi\u00f3 en m\u00ed. Llegu\u00e9 a Chile el 11 de agosto de 1973. Arribamos en barco a Valpara\u00edso con el padre Victorino y el padre Nico Sartor\u00ed. Y vine a este pa\u00eds por el padre Victorino estuvo aqu\u00ed muchos a\u00f1os anteriormente. \u00c9l me anim\u00f3 a venir ac\u00e1\u201d, afirm\u00f3.<\/div>\n<div style=\"text-align: justify;\">Esta tarde, a las 19:00 horas, en la catedral de Coyhaique, se celebrar\u00e1 una misa de \u201cmemoria agradecida\u201d por el padre Victorino Bertocco que ser\u00e1 presidida por el padre Obispo Luis Infanti junto a la animaci\u00f3n de la comunidad del liceo San Felipe Benicio.<\/div>\n<div style=\"text-align: justify;\"><\/div>\n<div style=\"text-align: justify;\"><b>Su paso por Ays\u00e9n<\/b><\/div>\n<div style=\"text-align: justify;\">El padre arrib\u00f3 Victorino a Chile en 1955 y al a\u00f1o siguiente asumi\u00f3 como ec\u00f3nomo de la provincia. En 1957 lleg\u00f3 a la regi\u00f3n y es destinado a Puerto Ays\u00e9n donde sirve como vicario ec\u00f3nomo, prior, p\u00e1rroco y consejero vice provincial de los Siervos de Mar\u00eda en Ays\u00e9n OSM.<\/div>\n<div style=\"text-align: justify;\">En 1964 se traslad\u00f3 Coyhaique donde es nombrado prior de la comunidad y contin\u00faa como vice consejero provincial. En esos a\u00f1os sirvi\u00f3 como profesor en el Liceo San Felipe Benicio impartiendo las asignaturas de matem\u00e1ticas y filosof\u00eda.<\/div>\n<div style=\"text-align: justify;\">En 1970 fue elegido Consejero Provincial en Italia (Udine) cargo que ejerci\u00f3 hasta agosto de 1973 en que regres\u00f3 a Coyhaique.<\/div>\n<div style=\"text-align: justify;\">En 1974 asumi\u00f3 nuevamente como prior de la comunidad de los Siervos de Mar\u00eda y fue nombrado rector del Liceo San Felipe Benicio en la capital regional de Ays\u00e9n.<\/div>\n<div style=\"text-align: justify;\">En 1978 fue destinado a Santiago y se incorpor\u00f3 a la comunidad Santa Teresita. Dos a\u00f1os despu\u00e9s viaj\u00f3 a Bolivia, a la ciudad de Oruro, donde sirvi\u00f3 como prior de la comunidad de los Siervos de Mar\u00eda. En 1983 ejerci\u00f3 el mismo cargo en la comunidad de Cochabanba.<\/div>\n<div style=\"text-align: justify;\">En 1986 regres\u00f3 a Chile y asumi\u00f3 nuevamente como prior en Puerto Ays\u00e9n, y posteriormente en 1992 cumpli\u00f3 el mismo rol en Coyhaique. Entre febrero de 1988 y agosto de 1989 se desempe\u00f1\u00f3 como Pro vicario de Ays\u00e9n.<\/div>\n<div style=\"text-align: justify;\">En 1995 viaj\u00f3 nuevamente a Bolivia y asumi\u00f3 como prior de la comunidad de Cochabamba.<\/div>\n<div style=\"text-align: justify;\">Entre 1998 y 1990 acompa\u00f1\u00f3 el post-noviciado en ese pa\u00eds. En marzo de 2001 dej\u00f3 la regi\u00f3n de Ays\u00e9n.<\/div>\n<\/div><\/section><\/div><div  style='height:50px' class='hr hr-invisible   avia-builder-el-6  el_after_av_one_full  el_before_av_social_share '><span class='hr-inner ' ><span class='hr-inner-style'><\/span><\/span><\/div><\/p>\n<div  class='av-social-sharing-box  avia-builder-el-7  el_after_av_hr  el_before_av_hr  '><div class='av-share-box'><h5 class='av-share-link-description av-no-toc '>Compartir esta noticia<\/h5><ul class='av-share-box-list noLightbox'><li class='av-share-link av-social-link-facebook' ><a target=\"_blank\" aria-label=\"Compartir en Facebook\" href='https:\/\/www.facebook.com\/sharer.php?u=https:\/\/radiorevelacionfm.cl\/?p=54547&#038;t=Pascua%20del%20padre%20Victorino%20Bertocco' aria-hidden='false' data-av_icon='\ue8f3' data-av_iconfont='entypo-fontello' title='' data-avia-related-tooltip='Compartir en Facebook' rel=\"noopener\"><span class='avia_hidden_link_text'>Compartir en Facebook<\/span><\/a><\/li><li class='av-share-link av-social-link-twitter' ><a target=\"_blank\" aria-label=\"Compartir en Twitter\" href='https:\/\/twitter.com\/share?text=Pascua%20del%20padre%20Victorino%20Bertocco&#038;url=https:\/\/radiorevelacionfm.cl\/?p=54547' aria-hidden='false' data-av_icon='\ue8f1' data-av_iconfont='entypo-fontello' title='' data-avia-related-tooltip='Compartir en Twitter' rel=\"noopener\"><span class='avia_hidden_link_text'>Compartir en Twitter<\/span><\/a><\/li><li class='av-share-link av-social-link-whatsapp' ><a target=\"_blank\" aria-label=\"Compartir en Whatsapp\" href='https:\/\/api.whatsapp.com\/send?text=https:\/\/radiorevelacionfm.cl\/?p=54547' aria-hidden='false' data-av_icon='\uf232' data-av_iconfont='entypo-fontello' title='' data-avia-related-tooltip='Compartir en Whatsapp' rel=\"noopener\"><span class='avia_hidden_link_text'>Compartir en Whatsapp<\/span><\/a><\/li><li class='av-share-link av-social-link-linkedin' ><a target=\"_blank\" aria-label=\"Compartir en LinkedIn\" href='https:\/\/linkedin.com\/shareArticle?mini=true&#038;title=Pascua%20del%20padre%20Victorino%20Bertocco&#038;url=https:\/\/radiorevelacionfm.cl\/?p=54547' aria-hidden='false' data-av_icon='\ue8fc' data-av_iconfont='entypo-fontello' title='' data-avia-related-tooltip='Compartir en LinkedIn' rel=\"noopener\"><span class='avia_hidden_link_text'>Compartir en LinkedIn<\/span><\/a><\/li><li class='av-share-link av-social-link-mail' ><a  aria-label=\"Compartir por correo\" href='mailto:?subject=Pascua%20del%20padre%20Victorino%20Bertocco&#038;body=https:\/\/radiorevelacionfm.cl\/?p=54547' aria-hidden='false' data-av_icon='\ue805' data-av_iconfont='entypo-fontello' title='' data-avia-related-tooltip='Compartir por correo'><span class='avia_hidden_link_text'>Compartir por correo<\/span><\/a><\/li><\/ul><\/div><\/div>\n<div  style='height:50px' class='hr hr-invisible   avia-builder-el-8  el_after_av_social_share  el_before_av_comments_list '><span class='hr-inner ' ><span class='hr-inner-style'><\/span><\/span><\/div>\n<div  class='av-buildercomment  av-blog-meta-html-info-disabled av-blog-meta-tag-disabled  '><\/div>\n","protected":false},"excerpt":{"rendered":"","protected":false},"author":1,"featured_media":54548,"comment_status":"closed","ping_status":"closed","sticky":false,"template":"","format":"standard","meta":{"footnotes":""},"categories":[38],"tags":[],"class_list":["post-54547","post","type-post","status-publish","format-standard","has-post-thumbnail","hentry","category-regional"],"jetpack_featured_media_url":"https:\/\/radiorevelacionfm.cl\/wp-content\/uploads\/2025\/05\/Padre-Victorino-4-1-1.jpg","_links":{"self":[{"href":"https:\/\/radiorevelacionfm.cl\/index.php?rest_route=\/wp\/v2\/posts\/54547","targetHints":{"allow":["GET"]}}],"collection":[{"href":"https:\/\/radiorevelacionfm.cl\/index.php?rest_route=\/wp\/v2\/posts"}],"about":[{"href":"https:\/\/radiorevelacionfm.cl\/index.php?rest_route=\/wp\/v2\/types\/post"}],"author":[{"embeddable":true,"href":"https:\/\/radiorevelacionfm.cl\/index.php?rest_route=\/wp\/v2\/users\/1"}],"replies":[{"embeddable":true,"href":"https:\/\/radiorevelacionfm.cl\/index.php?rest_route=%2Fwp%2Fv2%2Fcomments&post=54547"}],"version-history":[{"count":2,"href":"https:\/\/radiorevelacionfm.cl\/index.php?rest_route=\/wp\/v2\/posts\/54547\/revisions"}],"predecessor-version":[{"id":54550,"href":"https:\/\/radiorevelacionfm.cl\/index.php?rest_route=\/wp\/v2\/posts\/54547\/revisions\/54550"}],"wp:featuredmedia":[{"embeddable":true,"href":"https:\/\/radiorevelacionfm.cl\/index.php?rest_route=\/wp\/v2\/media\/54548"}],"wp:attachment":[{"href":"https:\/\/radiorevelacionfm.cl\/index.php?rest_route=%2Fwp%2Fv2%2Fmedia&parent=54547"}],"wp:term":[{"taxonomy":"category","embeddable":true,"href":"https:\/\/radiorevelacionfm.cl\/index.php?rest_route=%2Fwp%2Fv2%2Fcategories&post=54547"},{"taxonomy":"post_tag","embeddable":true,"href":"https:\/\/radiorevelacionfm.cl\/index.php?rest_route=%2Fwp%2Fv2%2Ftags&post=54547"}],"curies":[{"name":"wp","href":"https:\/\/api.w.org\/{rel}","templated":true}]}}