{"id":54541,"date":"2025-05-29T10:43:46","date_gmt":"2025-05-29T13:43:46","guid":{"rendered":"https:\/\/radiorevelacionfm.cl\/?p=54541"},"modified":"2025-05-29T10:43:46","modified_gmt":"2025-05-29T13:43:46","slug":"edelaysen-realiza-visitas-preventivas-a-vecinos-en-condicion-de-electrodependientes-en-la-region","status":"publish","type":"post","link":"https:\/\/radiorevelacionfm.cl\/?p=54541","title":{"rendered":"Edelaysen realiza visitas preventivas a vecinos en condici\u00f3n de electrodependientes en la regi\u00f3n"},"content":{"rendered":"<p>&nbsp;<\/p>\n<div class=\"flex_column av_one_full  flex_column_div av-zero-column-padding first  avia-builder-el-0  el_before_av_one_full  avia-builder-el-first  \" style='border-radius:0px; '><section class=\"av_textblock_section \"  itemscope=\"itemscope\" itemtype=\"https:\/\/schema.org\/BlogPosting\" itemprop=\"blogPost\" ><div class='avia_textblock  '   itemprop=\"text\" ><p style=\"text-align: center;\"><span style=\"font-size: 18pt;\"><strong>Edelaysen realiza visitas preventivas a vecinos en condici\u00f3n de electrodependientes en la regi\u00f3n<\/strong><\/span><\/p>\n<div id=\"gtx-trans\" style=\"position: absolute; left: -50px; top: 4.31534px;\">\n<div class=\"gtx-trans-icon\"><\/div>\n<\/div>\n<\/div><\/section><\/div><div class=\"flex_column av_one_full  flex_column_div av-zero-column-padding first  \" style='border-radius:0px; '><section class=\"av_textblock_section \"  itemscope=\"itemscope\" itemtype=\"https:\/\/schema.org\/BlogPosting\" itemprop=\"blogPost\" ><div class='avia_textblock  '   itemprop=\"text\" ><p><em>La el\u00e9ctrica refuerza su plan de apoyo con chequeos domiciliarios a generadores de respaldo en hogares con pacientes electrodependientes.<\/em><\/p>\n<p style=\"text-align: justify;\">Conscientes de los desaf\u00edos que implica el invierno en la Regi\u00f3n de Ays\u00e9n y del impacto que una interrupci\u00f3n el\u00e9ctrica puede tener en las familias con pacientes electrodependientes, Edelaysen est\u00e1 reforzando su programa de visitas domiciliarias preventivas, orientadas a asegurar el correcto funcionamiento de los equipos de respaldo en estos hogares.<\/p>\n<p style=\"text-align: justify;\">De acuerdo a lo se\u00f1alado por la el\u00e9ctrica, las visitas consisten en verificar que el generador est\u00e9 operativo, encendi\u00e9ndolo por unos minutos, comprobar que cuente con combustible y revisar que los equipos necesarios est\u00e9n en buenas condiciones. Estas acciones permiten enfrentar de mejor forma cortes imprevistos causados por eventos clim\u00e1ticos extremos, cada vez m\u00e1s frecuentes en esta \u00e9poca del a\u00f1o.<\/p>\n<p style=\"text-align: justify;\">Juan Sep\u00falveda, paciente electrodependiente de la comuna de Cochrane destac\u00f3: \u201cEl generador ha sido de gran ayuda, no pensaba contar con uno. Tengo problemas al pulm\u00f3n por lo que debo usar m\u00e1quinas del hospital y conectarme frecuentemente a ella. Afortunadamente no he tenido que usar el generador pero saber que est\u00e1 disponible es una gran tranquilidad, adem\u00e1s que me es f\u00e1cil prenderlo y manipularlo\u201d.<\/p>\n<p style=\"text-align: justify;\">Manuel Subiabre, ejecutivo de Edelaysen coment\u00f3 que: \u201cSabemos lo importante que es para los vecinos electrodependientes y sus familias contar con energ\u00eda continua, y por eso trabajamos con anticipaci\u00f3n para que, ante cualquier contingencia, el suministro de respaldo funcione correctamente. Estas visitas se programan en conjunto con cada usuario, ya sea de forma mensual o bimensual\u201d.<\/p>\n<p style=\"text-align: justify;\">As\u00ed mismo indic\u00f3 que,\u00a0las personas en condici\u00f3n de electrodependientes que requieren un equipo generador, deben solicitar el certificado a su m\u00e9dico tratante y completar antecedentes como n\u00famero de cliente, domicilio, tutor del paciente. Este registro se puede hacer presencialmente en oficinas de la SEC o Edelaysen y tambi\u00e9n v\u00eda internet en\u00a0<a href=\"https:\/\/nam10.safelinks.protection.outlook.com\/?url=https%3A%2F%2Fwww.sec.cl%2Fpacientes-electrodependientes%2F&amp;data=05%7C02%7Cmaria.marchant%40saesa.cl%7C1edba90822a1455f9b7e08dd9e3840ed%7C136d6ab55b55496f97cb2424247715ed%7C0%7C0%7C638840686691482098%7CUnknown%7CTWFpbGZsb3d8eyJFbXB0eU1hcGkiOnRydWUsIlYiOiIwLjAuMDAwMCIsIlAiOiJXaW4zMiIsIkFOIjoiTWFpbCIsIldUIjoyfQ%3D%3D%7C0%7C%7C%7C&amp;sdata=azNxNoW%2FHlDQ3zM1RX430%2FSyZ6zvVnOslDbVi2x2IFE%3D&amp;reserved=0\">https:\/\/www.sec.cl\/pacientes-electrodependientes\/<\/a><\/p>\n<p style=\"text-align: justify;\">Cabe destacar que la documentaci\u00f3n debe ser actualizada cada dos a\u00f1os. Los beneficios a los que accede el paciente en esta condici\u00f3n son una atenci\u00f3n preferencial en caso de interrupciones de suministro, entrega de un generador y un descuento mensual equivalente al costo de 50 kwh.<\/p>\n<p style=\"text-align: justify;\">Actualmente la empresa ha distribuido 86 generadores en la regi\u00f3n de Ays\u00e9n y provincia de Palena, distribuidos de la siguiente manera:<\/p>\n<table>\n<tbody>\n<tr>\n<td width=\"150\"><strong>Comuna<\/strong><\/td>\n<td width=\"174\"><strong>Cantidad de clientes <\/strong><\/td>\n<\/tr>\n<tr>\n<td width=\"150\">Ays\u00e9n<\/td>\n<td width=\"174\">18<\/td>\n<\/tr>\n<tr>\n<td width=\"150\">Chait\u00e9n<\/td>\n<td width=\"174\">2<\/td>\n<\/tr>\n<tr>\n<td width=\"150\">Chile Chico<\/td>\n<td width=\"174\">6<\/td>\n<\/tr>\n<tr>\n<td width=\"150\">Cisnes<\/td>\n<td width=\"174\">5<\/td>\n<\/tr>\n<tr>\n<td width=\"150\">Cochrane<\/td>\n<td width=\"174\">3<\/td>\n<\/tr>\n<tr>\n<td width=\"150\">Coyhaique<\/td>\n<td width=\"174\">40<\/td>\n<\/tr>\n<tr>\n<td width=\"150\">Futaleuf\u00fa<\/td>\n<td width=\"174\">5<\/td>\n<\/tr>\n<tr>\n<td width=\"150\">Lago Verde<\/td>\n<td width=\"174\">2<\/td>\n<\/tr>\n<tr>\n<td width=\"150\">O\u2019Higgins<\/td>\n<td width=\"174\">1<\/td>\n<\/tr>\n<tr>\n<td width=\"150\">Palena<\/td>\n<td width=\"174\">2<\/td>\n<\/tr>\n<tr>\n<td width=\"150\">R\u00edo Ib\u00e1\u00f1ez<\/td>\n<td width=\"174\">2<\/td>\n<\/tr>\n<tr>\n<td width=\"150\"><strong>Total<\/strong><\/td>\n<td width=\"174\"><strong>86<\/strong><\/td>\n<\/tr>\n<\/tbody>\n<\/table>\n<\/div><\/section><\/div><div  style='height:50px' class='hr hr-invisible  '><span class='hr-inner ' ><span class='hr-inner-style'><\/span><\/span><\/div><\/p>\n<div  class='av-social-sharing-box  '><div class='av-share-box'><h5 class='av-share-link-description av-no-toc '>Compartir esta noticia<\/h5><ul class='av-share-box-list noLightbox'><li class='av-share-link av-social-link-facebook' ><a target=\"_blank\" aria-label=\"Compartir en Facebook\" href='https:\/\/www.facebook.com\/sharer.php?u=https:\/\/radiorevelacionfm.cl\/?p=54541&#038;t=Edelaysen%20realiza%20visitas%20preventivas%20a%20vecinos%20en%20condici%C3%B3n%20de%20electrodependientes%20en%20la%20regi%C3%B3n' aria-hidden='false' data-av_icon='\ue8f3' data-av_iconfont='entypo-fontello' title='' data-avia-related-tooltip='Compartir en Facebook' rel=\"noopener\"><span class='avia_hidden_link_text'>Compartir en Facebook<\/span><\/a><\/li><li class='av-share-link av-social-link-twitter' ><a target=\"_blank\" aria-label=\"Compartir en Twitter\" href='https:\/\/twitter.com\/share?text=Edelaysen%20realiza%20visitas%20preventivas%20a%20vecinos%20en%20condici%C3%B3n%20de%20electrodependientes%20en%20la%20regi%C3%B3n&#038;url=https:\/\/radiorevelacionfm.cl\/?p=54541' aria-hidden='false' data-av_icon='\ue8f1' data-av_iconfont='entypo-fontello' title='' data-avia-related-tooltip='Compartir en Twitter' rel=\"noopener\"><span class='avia_hidden_link_text'>Compartir en Twitter<\/span><\/a><\/li><li class='av-share-link av-social-link-whatsapp' ><a target=\"_blank\" aria-label=\"Compartir en Whatsapp\" href='https:\/\/api.whatsapp.com\/send?text=https:\/\/radiorevelacionfm.cl\/?p=54541' aria-hidden='false' data-av_icon='\uf232' data-av_iconfont='entypo-fontello' title='' data-avia-related-tooltip='Compartir en Whatsapp' rel=\"noopener\"><span class='avia_hidden_link_text'>Compartir en Whatsapp<\/span><\/a><\/li><li class='av-share-link av-social-link-linkedin' ><a target=\"_blank\" aria-label=\"Compartir en LinkedIn\" href='https:\/\/linkedin.com\/shareArticle?mini=true&#038;title=Edelaysen%20realiza%20visitas%20preventivas%20a%20vecinos%20en%20condici%C3%B3n%20de%20electrodependientes%20en%20la%20regi%C3%B3n&#038;url=https:\/\/radiorevelacionfm.cl\/?p=54541' aria-hidden='false' data-av_icon='\ue8fc' data-av_iconfont='entypo-fontello' title='' data-avia-related-tooltip='Compartir en LinkedIn' rel=\"noopener\"><span class='avia_hidden_link_text'>Compartir en LinkedIn<\/span><\/a><\/li><li class='av-share-link av-social-link-mail' ><a  aria-label=\"Compartir por correo\" href='mailto:?subject=Edelaysen%20realiza%20visitas%20preventivas%20a%20vecinos%20en%20condici%C3%B3n%20de%20electrodependientes%20en%20la%20regi%C3%B3n&#038;body=https:\/\/radiorevelacionfm.cl\/?p=54541' aria-hidden='false' data-av_icon='\ue805' data-av_iconfont='entypo-fontello' title='' data-avia-related-tooltip='Compartir por correo'><span class='avia_hidden_link_text'>Compartir por correo<\/span><\/a><\/li><\/ul><\/div><\/div>\n<div  style='height:50px' class='hr hr-invisible  '><span class='hr-inner ' ><span class='hr-inner-style'><\/span><\/span><\/div>\n<div  class='av-buildercomment  av-blog-meta-html-info-disabled av-blog-meta-tag-disabled  '><\/div>\n","protected":false},"excerpt":{"rendered":"<p>&nbsp;<\/p>\n","protected":false},"author":1,"featured_media":54542,"comment_status":"closed","ping_status":"closed","sticky":false,"template":"","format":"standard","meta":{"footnotes":""},"categories":[38],"tags":[],"class_list":["post-54541","post","type-post","status-publish","format-standard","has-post-thumbnail","hentry","category-regional"],"jetpack_featured_media_url":"https:\/\/radiorevelacionfm.cl\/wp-content\/uploads\/2025\/05\/visita-electro1-1_optimized.jpeg","_links":{"self":[{"href":"https:\/\/radiorevelacionfm.cl\/index.php?rest_route=\/wp\/v2\/posts\/54541","targetHints":{"allow":["GET"]}}],"collection":[{"href":"https:\/\/radiorevelacionfm.cl\/index.php?rest_route=\/wp\/v2\/posts"}],"about":[{"href":"https:\/\/radiorevelacionfm.cl\/index.php?rest_route=\/wp\/v2\/types\/post"}],"author":[{"embeddable":true,"href":"https:\/\/radiorevelacionfm.cl\/index.php?rest_route=\/wp\/v2\/users\/1"}],"replies":[{"embeddable":true,"href":"https:\/\/radiorevelacionfm.cl\/index.php?rest_route=%2Fwp%2Fv2%2Fcomments&post=54541"}],"version-history":[{"count":3,"href":"https:\/\/radiorevelacionfm.cl\/index.php?rest_route=\/wp\/v2\/posts\/54541\/revisions"}],"predecessor-version":[{"id":54545,"href":"https:\/\/radiorevelacionfm.cl\/index.php?rest_route=\/wp\/v2\/posts\/54541\/revisions\/54545"}],"wp:featuredmedia":[{"embeddable":true,"href":"https:\/\/radiorevelacionfm.cl\/index.php?rest_route=\/wp\/v2\/media\/54542"}],"wp:attachment":[{"href":"https:\/\/radiorevelacionfm.cl\/index.php?rest_route=%2Fwp%2Fv2%2Fmedia&parent=54541"}],"wp:term":[{"taxonomy":"category","embeddable":true,"href":"https:\/\/radiorevelacionfm.cl\/index.php?rest_route=%2Fwp%2Fv2%2Fcategories&post=54541"},{"taxonomy":"post_tag","embeddable":true,"href":"https:\/\/radiorevelacionfm.cl\/index.php?rest_route=%2Fwp%2Fv2%2Ftags&post=54541"}],"curies":[{"name":"wp","href":"https:\/\/api.w.org\/{rel}","templated":true}]}}