{"id":54537,"date":"2025-05-31T13:22:29","date_gmt":"2025-05-31T16:22:29","guid":{"rendered":"https:\/\/radiorevelacionfm.cl\/?p=54537"},"modified":"2025-05-31T13:22:29","modified_gmt":"2025-05-31T16:22:29","slug":"31-de-mayo-dia-mundial-sin-tabaco-los-cigarrillos-electronicos-tampoco-son-seguros","status":"publish","type":"post","link":"https:\/\/radiorevelacionfm.cl\/?p=54537","title":{"rendered":"31 de mayo D\u00eda Mundial sin Tabaco : Los cigarrillos electr\u00f3nicos tampoco son seguros"},"content":{"rendered":"<div class=\"flex_column av_one_full  flex_column_div av-zero-column-padding first  avia-builder-el-0  el_before_av_one_full  avia-builder-el-first  \" style='border-radius:0px; '><div  class='avia-image-container  av-styling-    avia-builder-el-1  avia-builder-el-no-sibling  avia-align-center '  itemprop=\"image\" itemscope=\"itemscope\" itemtype=\"https:\/\/schema.org\/ImageObject\"  ><div class='avia-image-container-inner'><div class='avia-image-overlay-wrap'><img decoding=\"async\" class='wp-image-54538 avia-img-lazy-loading-not-54538 avia_image' src=\"https:\/\/radiorevelacionfm.cl\/wp-content\/uploads\/2025\/05\/dia-mundial-sin-tabaco-2020-min-760x501-1.jpg\" alt='' title='dia-mundial-sin-tabaco-2020-min-760x501 (1)' height=\"600\" width=\"910\"  itemprop=\"thumbnailUrl\" srcset=\"https:\/\/radiorevelacionfm.cl\/wp-content\/uploads\/2025\/05\/dia-mundial-sin-tabaco-2020-min-760x501-1.jpg 910w, https:\/\/radiorevelacionfm.cl\/wp-content\/uploads\/2025\/05\/dia-mundial-sin-tabaco-2020-min-760x501-1-300x198.jpg 300w, https:\/\/radiorevelacionfm.cl\/wp-content\/uploads\/2025\/05\/dia-mundial-sin-tabaco-2020-min-760x501-1-768x506.jpg 768w, https:\/\/radiorevelacionfm.cl\/wp-content\/uploads\/2025\/05\/dia-mundial-sin-tabaco-2020-min-760x501-1-705x465.jpg 705w, https:\/\/radiorevelacionfm.cl\/wp-content\/uploads\/2025\/05\/dia-mundial-sin-tabaco-2020-min-760x501-1-450x297.jpg 450w, https:\/\/radiorevelacionfm.cl\/wp-content\/uploads\/2025\/05\/dia-mundial-sin-tabaco-2020-min-760x501-1-600x396.jpg 600w\" sizes=\"(max-width: 910px) 100vw, 910px\" \/><\/div><\/div><\/div><\/div><div class=\"flex_column av_one_full  flex_column_div av-zero-column-padding first  avia-builder-el-2  el_after_av_one_full  el_before_av_one_full  column-top-margin\" style='border-radius:0px; '><section class=\"av_textblock_section \"  itemscope=\"itemscope\" itemtype=\"https:\/\/schema.org\/BlogPosting\" itemprop=\"blogPost\" ><div class='avia_textblock  '   itemprop=\"text\" ><p style=\"text-align: center;\"><strong><span style=\"font-size: 18pt;\">31 de mayo D\u00eda Mundial sin Tabaco: Los cigarrillos electr\u00f3nicos tampoco son seguros <\/span><\/strong><\/p>\n<div id=\"gtx-trans\" style=\"position: absolute; left: -50px; top: 4.31534px;\">\n<div class=\"gtx-trans-icon\"><\/div>\n<\/div>\n<\/div><\/section><\/div><div class=\"flex_column av_one_full  flex_column_div av-zero-column-padding first  avia-builder-el-4  el_after_av_one_full  el_before_av_hr  column-top-margin\" style='border-radius:0px; '><section class=\"av_textblock_section \"  itemscope=\"itemscope\" itemtype=\"https:\/\/schema.org\/BlogPosting\" itemprop=\"blogPost\" ><div class='avia_textblock  '   itemprop=\"text\" ><ul>\n<li style=\"text-align: justify;\"><em>Desconocer sus componentes y calentar ciertas sustancias puede generar graves problemas pulmonares.<\/em><\/li>\n<\/ul>\n<p style=\"text-align: justify;\">El 31 de mayo, la Organizaci\u00f3n Mundial de la Salud (OMS) conmemora el D\u00eda Mundial sin Tabaco, fecha destinada a concientizar a la poblaci\u00f3n sobre los riesgos asociados al consumo de esta sustancia. Seg\u00fan la Sociedad Americana del C\u00e1ncer, se estima que el 80% de las muertes por c\u00e1ncer de pulm\u00f3n est\u00e1n directamente relacionadas con el tabaquismo y, en promedio, las personas fumadoras mueren 10 a\u00f1os antes que quienes nunca han fumado.<\/p>\n<p style=\"text-align: justify;\">En este contexto, el Dr. Cristi\u00e1n Ibarra, broncopulmonar e integrante del Programa Dejar de Fumar de la Cl\u00ednica Universidad de los Andes, advierte que \u201ctanto los cigarrillos tradicionales como varios electr\u00f3nicos contienen nicotina, sustancia que se absorbe r\u00e1pidamente en el torrente sangu\u00edneo y act\u00faa sobre los neurotransmisores del cerebro\u201d.<\/p>\n<p style=\"text-align: justify;\">Al llegar al cerebro, la nicotina genera una sensaci\u00f3n de placer y bienestar, pero su alto poder adictivo lleva a una dependencia que obliga a mantener su consumo. Asimismo, se genera un efecto en el sistema nervioso central, provocando alteraciones del sue\u00f1o, del ritmo circadiano e incluso del sistema inmunol\u00f3gico.<\/p>\n<p style=\"text-align: justify;\">En los \u00faltimos a\u00f1os, se ha observado un aumento en el uso de cigarrillos electr\u00f3nicos o <em>vapers<\/em>, especialmente entre los j\u00f3venes, por tener saborizantes que los hacen m\u00e1s atractivos. Sin embargo, el Dr. Ibarra advierte que, \u201cmuchas veces, los cigarrillos electr\u00f3nicos pueden ser incluso m\u00e1s peligrosos que los convencionales, ya que no siempre se conoce su composici\u00f3n ni cuentan con certificaciones. Adem\u00e1s, suelen venderse en comercios no regulados y sin restricci\u00f3n de edad\u201d.<\/p>\n<p style=\"text-align: justify;\">El uso de <em>vapeadores<\/em> puede inducir una enfermedad pulmonar conocida como neumonitis por hipersensibilidad, que puede causar insuficiencia respiratoria y requerir hospitalizaci\u00f3n, especialmente en personas j\u00f3venes. Estas sustancias tambi\u00e9n pueden inflamar las v\u00edas respiratorias, provocando tos, dificultad para respirar, necesidad de ox\u00edgeno y, a mediano plazo, alteraciones en el tejido pulmonar.<\/p>\n<p style=\"text-align: justify;\">\u201cEl <em>vapear<\/em> no es una alternativa segura al tabaco. No es una opci\u00f3n, ni tampoco es seguro\u201d, concluye el Dr. Ibarra.<\/p>\n<\/div><\/section><\/div><div  style='height:50px' class='hr hr-invisible   avia-builder-el-6  el_after_av_one_full  el_before_av_social_share '><span class='hr-inner ' ><span class='hr-inner-style'><\/span><\/span><\/div><\/p>\n<div  class='av-social-sharing-box  avia-builder-el-7  el_after_av_hr  el_before_av_hr  '><div class='av-share-box'><h5 class='av-share-link-description av-no-toc '>Compartir esta noticia<\/h5><ul class='av-share-box-list noLightbox'><li class='av-share-link av-social-link-facebook' ><a target=\"_blank\" aria-label=\"Compartir en Facebook\" href='https:\/\/www.facebook.com\/sharer.php?u=https:\/\/radiorevelacionfm.cl\/?p=54537&#038;t=31%20de%20mayo%20D%C3%ADa%20Mundial%20sin%20Tabaco%20%3A%20Los%20cigarrillos%20electr%C3%B3nicos%20tampoco%20son%20seguros' aria-hidden='false' data-av_icon='\ue8f3' data-av_iconfont='entypo-fontello' title='' data-avia-related-tooltip='Compartir en Facebook' rel=\"noopener\"><span class='avia_hidden_link_text'>Compartir en Facebook<\/span><\/a><\/li><li class='av-share-link av-social-link-twitter' ><a target=\"_blank\" aria-label=\"Compartir en Twitter\" href='https:\/\/twitter.com\/share?text=31%20de%20mayo%20D%C3%ADa%20Mundial%20sin%20Tabaco%20%3A%20Los%20cigarrillos%20electr%C3%B3nicos%20tampoco%20son%20seguros&#038;url=https:\/\/radiorevelacionfm.cl\/?p=54537' aria-hidden='false' data-av_icon='\ue8f1' data-av_iconfont='entypo-fontello' title='' data-avia-related-tooltip='Compartir en Twitter' rel=\"noopener\"><span class='avia_hidden_link_text'>Compartir en Twitter<\/span><\/a><\/li><li class='av-share-link av-social-link-whatsapp' ><a target=\"_blank\" aria-label=\"Compartir en Whatsapp\" href='https:\/\/api.whatsapp.com\/send?text=https:\/\/radiorevelacionfm.cl\/?p=54537' aria-hidden='false' data-av_icon='\uf232' data-av_iconfont='entypo-fontello' title='' data-avia-related-tooltip='Compartir en Whatsapp' rel=\"noopener\"><span class='avia_hidden_link_text'>Compartir en Whatsapp<\/span><\/a><\/li><li class='av-share-link av-social-link-linkedin' ><a target=\"_blank\" aria-label=\"Compartir en LinkedIn\" href='https:\/\/linkedin.com\/shareArticle?mini=true&#038;title=31%20de%20mayo%20D%C3%ADa%20Mundial%20sin%20Tabaco%20%3A%20Los%20cigarrillos%20electr%C3%B3nicos%20tampoco%20son%20seguros&#038;url=https:\/\/radiorevelacionfm.cl\/?p=54537' aria-hidden='false' data-av_icon='\ue8fc' data-av_iconfont='entypo-fontello' title='' data-avia-related-tooltip='Compartir en LinkedIn' rel=\"noopener\"><span class='avia_hidden_link_text'>Compartir en LinkedIn<\/span><\/a><\/li><li class='av-share-link av-social-link-mail' ><a  aria-label=\"Compartir por correo\" href='mailto:?subject=31%20de%20mayo%20D%C3%ADa%20Mundial%20sin%20Tabaco%20%3A%20Los%20cigarrillos%20electr%C3%B3nicos%20tampoco%20son%20seguros&#038;body=https:\/\/radiorevelacionfm.cl\/?p=54537' aria-hidden='false' data-av_icon='\ue805' data-av_iconfont='entypo-fontello' title='' data-avia-related-tooltip='Compartir por correo'><span class='avia_hidden_link_text'>Compartir por correo<\/span><\/a><\/li><\/ul><\/div><\/div>\n<div  style='height:50px' class='hr hr-invisible   avia-builder-el-8  el_after_av_social_share  el_before_av_comments_list '><span class='hr-inner ' ><span class='hr-inner-style'><\/span><\/span><\/div>\n<div  class='av-buildercomment  av-blog-meta-html-info-disabled av-blog-meta-tag-disabled  '><\/div>\n","protected":false},"excerpt":{"rendered":"","protected":false},"author":1,"featured_media":54538,"comment_status":"closed","ping_status":"closed","sticky":false,"template":"","format":"standard","meta":{"footnotes":""},"categories":[46],"tags":[],"class_list":["post-54537","post","type-post","status-publish","format-standard","has-post-thumbnail","hentry","category-salud"],"jetpack_featured_media_url":"https:\/\/radiorevelacionfm.cl\/wp-content\/uploads\/2025\/05\/dia-mundial-sin-tabaco-2020-min-760x501-1.jpg","_links":{"self":[{"href":"https:\/\/radiorevelacionfm.cl\/index.php?rest_route=\/wp\/v2\/posts\/54537","targetHints":{"allow":["GET"]}}],"collection":[{"href":"https:\/\/radiorevelacionfm.cl\/index.php?rest_route=\/wp\/v2\/posts"}],"about":[{"href":"https:\/\/radiorevelacionfm.cl\/index.php?rest_route=\/wp\/v2\/types\/post"}],"author":[{"embeddable":true,"href":"https:\/\/radiorevelacionfm.cl\/index.php?rest_route=\/wp\/v2\/users\/1"}],"replies":[{"embeddable":true,"href":"https:\/\/radiorevelacionfm.cl\/index.php?rest_route=%2Fwp%2Fv2%2Fcomments&post=54537"}],"version-history":[{"count":2,"href":"https:\/\/radiorevelacionfm.cl\/index.php?rest_route=\/wp\/v2\/posts\/54537\/revisions"}],"predecessor-version":[{"id":54655,"href":"https:\/\/radiorevelacionfm.cl\/index.php?rest_route=\/wp\/v2\/posts\/54537\/revisions\/54655"}],"wp:featuredmedia":[{"embeddable":true,"href":"https:\/\/radiorevelacionfm.cl\/index.php?rest_route=\/wp\/v2\/media\/54538"}],"wp:attachment":[{"href":"https:\/\/radiorevelacionfm.cl\/index.php?rest_route=%2Fwp%2Fv2%2Fmedia&parent=54537"}],"wp:term":[{"taxonomy":"category","embeddable":true,"href":"https:\/\/radiorevelacionfm.cl\/index.php?rest_route=%2Fwp%2Fv2%2Fcategories&post=54537"},{"taxonomy":"post_tag","embeddable":true,"href":"https:\/\/radiorevelacionfm.cl\/index.php?rest_route=%2Fwp%2Fv2%2Ftags&post=54537"}],"curies":[{"name":"wp","href":"https:\/\/api.w.org\/{rel}","templated":true}]}}