{"id":54534,"date":"2025-05-29T12:23:55","date_gmt":"2025-05-29T15:23:55","guid":{"rendered":"https:\/\/radiorevelacionfm.cl\/?p=54534"},"modified":"2025-05-29T12:23:55","modified_gmt":"2025-05-29T15:23:55","slug":"sandoval-y-caso-licencias-medicas-es-un-tema-que-nos-ha-impactado-profundamente","status":"publish","type":"post","link":"https:\/\/radiorevelacionfm.cl\/?p=54534","title":{"rendered":"Sandoval y caso licencias m\u00e9dicas: \u201cEs un tema que nos ha impactado profundamente\u201d"},"content":{"rendered":"<div class=\"flex_column av_one_full  flex_column_div av-zero-column-padding first  avia-builder-el-0  el_before_av_one_full  avia-builder-el-first  \" style='border-radius:0px; '><div  class='avia-image-container  av-styling-    avia-builder-el-1  avia-builder-el-no-sibling  avia-align-center '  itemprop=\"image\" itemscope=\"itemscope\" itemtype=\"https:\/\/schema.org\/ImageObject\"  ><div class='avia-image-container-inner'><div class='avia-image-overlay-wrap'><img decoding=\"async\" class='wp-image-54535 avia-img-lazy-loading-not-54535 avia_image' src=\"https:\/\/radiorevelacionfm.cl\/wp-content\/uploads\/2025\/05\/imagen-sesion-especial-1_optimized.jpg\" alt='' title='imagen-sesi\u00f3n-especial-(1)_optimized' height=\"600\" width=\"900\"  itemprop=\"thumbnailUrl\" srcset=\"https:\/\/radiorevelacionfm.cl\/wp-content\/uploads\/2025\/05\/imagen-sesion-especial-1_optimized.jpg 900w, https:\/\/radiorevelacionfm.cl\/wp-content\/uploads\/2025\/05\/imagen-sesion-especial-1_optimized-300x200.jpg 300w, https:\/\/radiorevelacionfm.cl\/wp-content\/uploads\/2025\/05\/imagen-sesion-especial-1_optimized-768x512.jpg 768w, https:\/\/radiorevelacionfm.cl\/wp-content\/uploads\/2025\/05\/imagen-sesion-especial-1_optimized-705x470.jpg 705w, https:\/\/radiorevelacionfm.cl\/wp-content\/uploads\/2025\/05\/imagen-sesion-especial-1_optimized-450x300.jpg 450w, https:\/\/radiorevelacionfm.cl\/wp-content\/uploads\/2025\/05\/imagen-sesion-especial-1_optimized-600x400.jpg 600w\" sizes=\"(max-width: 900px) 100vw, 900px\" \/><\/div><\/div><\/div><\/div><div class=\"flex_column av_one_full  flex_column_div av-zero-column-padding first  avia-builder-el-2  el_after_av_one_full  el_before_av_one_full  column-top-margin\" style='border-radius:0px; '><section class=\"av_textblock_section \"  itemscope=\"itemscope\" itemtype=\"https:\/\/schema.org\/BlogPosting\" itemprop=\"blogPost\" ><div class='avia_textblock  '   itemprop=\"text\" ><p style=\"text-align: center;\"><span style=\"font-size: 18pt;\"><strong>Sandoval y caso licencias m\u00e9dicas: <\/strong><strong>\u201cEs un tema que nos ha impactado profundamente\u201d<\/strong><\/span><\/p>\n<div id=\"gtx-trans\" style=\"position: absolute; left: -50px; top: 4.31534px;\">\n<div class=\"gtx-trans-icon\"><\/div>\n<\/div>\n<\/div><\/section><\/div><div class=\"flex_column av_one_full  flex_column_div av-zero-column-padding first  avia-builder-el-4  el_after_av_one_full  el_before_av_hr  column-top-margin\" style='border-radius:0px; '><section class=\"av_textblock_section \"  itemscope=\"itemscope\" itemtype=\"https:\/\/schema.org\/BlogPosting\" itemprop=\"blogPost\" ><div class='avia_textblock  '   itemprop=\"text\" ><p style=\"text-align: justify;\"><em>Se\u00f1al\u00f3 que como legisladores est\u00e1n disponibles para colaborar y disponer todas las acciones pertinentes para perfeccionar el sistema de control de la funci\u00f3n que ejerce el Estado.<\/em><\/p>\n<p style=\"text-align: justify;\">\u201cDesde hace tiempo que el pa\u00eds viene manifestando la ocurrencia de il\u00edcitos que hablan de hasta d\u00f3nde la transparencia en la gesti\u00f3n p\u00fablica se termina por ejercer de manera eficiente\u201d. As\u00ed lo se\u00f1al\u00f3 el senador David Sandoval durante su intervenci\u00f3n en la sesi\u00f3n especial que se llev\u00f3 a cabo esta semana en el Senado, en la que conocieron detalles del informe emanado por la Contralor\u00eda General de la Rep\u00fablica que determin\u00f3 que 25 mil funcionarios p\u00fablicos viajaron al extranjero entre el 2023 y el 2024, mientras se encontraban con licencia m\u00e9dica.<\/p>\n<p style=\"text-align: justify;\">\u201cEs un tema que nos ha impactado profundamente\u201d, agreg\u00f3 el parlamentario, se\u00f1alando que se trata de un hecho grav\u00edsimo por lo que implica, no solamente por los recursos econ\u00f3micos involucrados. \u201cAqu\u00ed hay un periodo muy acotado de tiempo que probablemente es la punta del iceberg en relaci\u00f3n a la magnitud de lo que implica en materia de costos para el Estado. Se hablan de miles de millones de pesos, cientos de millones de d\u00f3lares\u201d, puntualiz\u00f3.<\/p>\n<p style=\"text-align: justify;\">En ese contexto, Sandoval record\u00f3 que en las discusiones de Presupuesto que se dan a\u00f1o a a\u00f1o, se ha hecho permanente menci\u00f3n a \u201cc\u00f3mo no se est\u00e1 atendiendo la necesidad de perfeccionar el sistema de control con la dotaci\u00f3n adecuada para que los servicios cuenten con ello\u201d.<\/p>\n<p style=\"text-align: justify;\">\u201cC\u00f3mo las unidades de control interno a veces no responden al caudal de exigencias que tienen\u201d, indic\u00f3, recordando, por ejemplo, que en la n\u00f3mina de instituciones se aprecian muchas municipalidades involucradas, aun cuando la mayor\u00eda tienen unidades de control. \u201c\u00bfA qui\u00e9n le responde? En teor\u00eda a la Contralor\u00eda, pero tiene una disposici\u00f3n, una direcci\u00f3n jer\u00e1rquica, que es el jefe respectivo del servicio y hay un amarre que algo no est\u00e1 haciendo funcionar\u201d, enfatiz\u00f3.<\/p>\n<p style=\"text-align: justify;\">Ante el escenario que se ha producido es que dice que, como legisladores, est\u00e1n disponibles para colaborar y disponer todas las acciones que sean pertinentes para perfeccionar el sistema de control respecto de la funci\u00f3n que ejerce el Estado. \u201cSon, evidentemente, muchas las aristas que tiene este tema y creo que lo que m\u00e1s tenemos despu\u00e9s de la informaci\u00f3n que nos trae la contralora son los desaf\u00edos para llevar adelante los cambios que requerimos como institucionalidad, como Estado, para hacer frente a esta realidad\u201d, recalc\u00f3.<\/p>\n<p style=\"text-align: justify;\">El senador Sandoval enfatiz\u00f3 que la comunidad es la m\u00e1s afectada en materia de confianza. \u201cPareciera ser que siempre hay algo nuevo que nos repercute y siempre est\u00e1 vincul\u00e1ndose a este tema de incumplimiento de omisiones, de falta o de debilidades en el sistema de control del Estado\u201d, afirm\u00f3.<\/p>\n<p style=\"text-align: justify;\">Con todo, y junto con agradecer la labor fiscalizadora que ha hecho la Contralor\u00eda, reiter\u00f3 que el objetivo ahora \u201ces ponernos sola y exclusivamente a disposici\u00f3n de dise\u00f1ar una estrategia alternativa\u201d para impulsar medidas que permitan abordar situaciones como las conocidas en los \u00faltimos d\u00edas.<\/p>\n<\/div><\/section><\/div><div  style='height:50px' class='hr hr-invisible   avia-builder-el-6  el_after_av_one_full  el_before_av_social_share '><span class='hr-inner ' ><span class='hr-inner-style'><\/span><\/span><\/div><\/p>\n<div  class='av-social-sharing-box  avia-builder-el-7  el_after_av_hr  el_before_av_hr  '><div class='av-share-box'><h5 class='av-share-link-description av-no-toc '>Compartir esta noticia<\/h5><ul class='av-share-box-list noLightbox'><li class='av-share-link av-social-link-facebook' ><a target=\"_blank\" aria-label=\"Compartir en Facebook\" href='https:\/\/www.facebook.com\/sharer.php?u=https:\/\/radiorevelacionfm.cl\/?p=54534&#038;t=Sandoval%20y%20caso%20licencias%20m%C3%A9dicas%3A%20%E2%80%9CEs%20un%20tema%20que%20nos%20ha%20impactado%20profundamente%E2%80%9D' aria-hidden='false' data-av_icon='\ue8f3' data-av_iconfont='entypo-fontello' title='' data-avia-related-tooltip='Compartir en Facebook' rel=\"noopener\"><span class='avia_hidden_link_text'>Compartir en Facebook<\/span><\/a><\/li><li class='av-share-link av-social-link-twitter' ><a target=\"_blank\" aria-label=\"Compartir en Twitter\" href='https:\/\/twitter.com\/share?text=Sandoval%20y%20caso%20licencias%20m%C3%A9dicas%3A%20%E2%80%9CEs%20un%20tema%20que%20nos%20ha%20impactado%20profundamente%E2%80%9D&#038;url=https:\/\/radiorevelacionfm.cl\/?p=54534' aria-hidden='false' data-av_icon='\ue8f1' data-av_iconfont='entypo-fontello' title='' data-avia-related-tooltip='Compartir en Twitter' rel=\"noopener\"><span class='avia_hidden_link_text'>Compartir en Twitter<\/span><\/a><\/li><li class='av-share-link av-social-link-whatsapp' ><a target=\"_blank\" aria-label=\"Compartir en Whatsapp\" href='https:\/\/api.whatsapp.com\/send?text=https:\/\/radiorevelacionfm.cl\/?p=54534' aria-hidden='false' data-av_icon='\uf232' data-av_iconfont='entypo-fontello' title='' data-avia-related-tooltip='Compartir en Whatsapp' rel=\"noopener\"><span class='avia_hidden_link_text'>Compartir en Whatsapp<\/span><\/a><\/li><li class='av-share-link av-social-link-linkedin' ><a target=\"_blank\" aria-label=\"Compartir en LinkedIn\" href='https:\/\/linkedin.com\/shareArticle?mini=true&#038;title=Sandoval%20y%20caso%20licencias%20m%C3%A9dicas%3A%20%E2%80%9CEs%20un%20tema%20que%20nos%20ha%20impactado%20profundamente%E2%80%9D&#038;url=https:\/\/radiorevelacionfm.cl\/?p=54534' aria-hidden='false' data-av_icon='\ue8fc' data-av_iconfont='entypo-fontello' title='' data-avia-related-tooltip='Compartir en LinkedIn' rel=\"noopener\"><span class='avia_hidden_link_text'>Compartir en LinkedIn<\/span><\/a><\/li><li class='av-share-link av-social-link-mail' ><a  aria-label=\"Compartir por correo\" href='mailto:?subject=Sandoval%20y%20caso%20licencias%20m%C3%A9dicas%3A%20%E2%80%9CEs%20un%20tema%20que%20nos%20ha%20impactado%20profundamente%E2%80%9D&#038;body=https:\/\/radiorevelacionfm.cl\/?p=54534' aria-hidden='false' data-av_icon='\ue805' data-av_iconfont='entypo-fontello' title='' data-avia-related-tooltip='Compartir por correo'><span class='avia_hidden_link_text'>Compartir por correo<\/span><\/a><\/li><\/ul><\/div><\/div>\n<div  style='height:50px' class='hr hr-invisible   avia-builder-el-8  el_after_av_social_share  el_before_av_comments_list '><span class='hr-inner ' ><span class='hr-inner-style'><\/span><\/span><\/div>\n<div  class='av-buildercomment  av-blog-meta-html-info-disabled av-blog-meta-tag-disabled  '><\/div>\n","protected":false},"excerpt":{"rendered":"","protected":false},"author":1,"featured_media":54535,"comment_status":"closed","ping_status":"closed","sticky":false,"template":"","format":"standard","meta":{"footnotes":""},"categories":[35],"tags":[],"class_list":["post-54534","post","type-post","status-publish","format-standard","has-post-thumbnail","hentry","category-politica"],"jetpack_featured_media_url":"https:\/\/radiorevelacionfm.cl\/wp-content\/uploads\/2025\/05\/imagen-sesion-especial-1_optimized.jpg","_links":{"self":[{"href":"https:\/\/radiorevelacionfm.cl\/index.php?rest_route=\/wp\/v2\/posts\/54534","targetHints":{"allow":["GET"]}}],"collection":[{"href":"https:\/\/radiorevelacionfm.cl\/index.php?rest_route=\/wp\/v2\/posts"}],"about":[{"href":"https:\/\/radiorevelacionfm.cl\/index.php?rest_route=\/wp\/v2\/types\/post"}],"author":[{"embeddable":true,"href":"https:\/\/radiorevelacionfm.cl\/index.php?rest_route=\/wp\/v2\/users\/1"}],"replies":[{"embeddable":true,"href":"https:\/\/radiorevelacionfm.cl\/index.php?rest_route=%2Fwp%2Fv2%2Fcomments&post=54534"}],"version-history":[{"count":2,"href":"https:\/\/radiorevelacionfm.cl\/index.php?rest_route=\/wp\/v2\/posts\/54534\/revisions"}],"predecessor-version":[{"id":54546,"href":"https:\/\/radiorevelacionfm.cl\/index.php?rest_route=\/wp\/v2\/posts\/54534\/revisions\/54546"}],"wp:featuredmedia":[{"embeddable":true,"href":"https:\/\/radiorevelacionfm.cl\/index.php?rest_route=\/wp\/v2\/media\/54535"}],"wp:attachment":[{"href":"https:\/\/radiorevelacionfm.cl\/index.php?rest_route=%2Fwp%2Fv2%2Fmedia&parent=54534"}],"wp:term":[{"taxonomy":"category","embeddable":true,"href":"https:\/\/radiorevelacionfm.cl\/index.php?rest_route=%2Fwp%2Fv2%2Fcategories&post=54534"},{"taxonomy":"post_tag","embeddable":true,"href":"https:\/\/radiorevelacionfm.cl\/index.php?rest_route=%2Fwp%2Fv2%2Ftags&post=54534"}],"curies":[{"name":"wp","href":"https:\/\/api.w.org\/{rel}","templated":true}]}}