{"id":54531,"date":"2025-05-28T18:42:28","date_gmt":"2025-05-28T21:42:28","guid":{"rendered":"https:\/\/radiorevelacionfm.cl\/?p=54531"},"modified":"2025-05-28T18:42:28","modified_gmt":"2025-05-28T21:42:28","slug":"realizan-mejoras-en-sala-materno-infantil-del-centro-de-cumplimiento-penitenciario-de-coyhaique","status":"publish","type":"post","link":"https:\/\/radiorevelacionfm.cl\/?p=54531","title":{"rendered":"Realizan mejoras en sala materno\/infantil del Centro de Cumplimiento Penitenciario de Coyhaique"},"content":{"rendered":"<div class=\"flex_column av_one_full  flex_column_div av-zero-column-padding first  avia-builder-el-0  el_before_av_one_full  avia-builder-el-first  \" style='border-radius:0px; '><div  class='avia-image-container  av-styling-    avia-builder-el-1  avia-builder-el-no-sibling  avia-align-center '  itemprop=\"image\" itemscope=\"itemscope\" itemtype=\"https:\/\/schema.org\/ImageObject\"  ><div class='avia-image-container-inner'><div class='avia-image-overlay-wrap'><img decoding=\"async\" class='wp-image-54532 avia-img-lazy-loading-not-54532 avia_image' src=\"https:\/\/radiorevelacionfm.cl\/wp-content\/uploads\/2025\/05\/IMG_30971-1-1.jpg\" alt='' title='IMG_3097[1] (1) (1)' height=\"655\" width=\"799\"  itemprop=\"thumbnailUrl\" srcset=\"https:\/\/radiorevelacionfm.cl\/wp-content\/uploads\/2025\/05\/IMG_30971-1-1.jpg 799w, https:\/\/radiorevelacionfm.cl\/wp-content\/uploads\/2025\/05\/IMG_30971-1-1-300x246.jpg 300w, https:\/\/radiorevelacionfm.cl\/wp-content\/uploads\/2025\/05\/IMG_30971-1-1-768x630.jpg 768w, https:\/\/radiorevelacionfm.cl\/wp-content\/uploads\/2025\/05\/IMG_30971-1-1-705x578.jpg 705w, https:\/\/radiorevelacionfm.cl\/wp-content\/uploads\/2025\/05\/IMG_30971-1-1-450x369.jpg 450w, https:\/\/radiorevelacionfm.cl\/wp-content\/uploads\/2025\/05\/IMG_30971-1-1-600x492.jpg 600w\" sizes=\"(max-width: 799px) 100vw, 799px\" \/><\/div><\/div><\/div><\/div><div class=\"flex_column av_one_full  flex_column_div av-zero-column-padding first  avia-builder-el-2  el_after_av_one_full  el_before_av_one_full  column-top-margin\" style='border-radius:0px; '><section class=\"av_textblock_section \"  itemscope=\"itemscope\" itemtype=\"https:\/\/schema.org\/BlogPosting\" itemprop=\"blogPost\" ><div class='avia_textblock  '   itemprop=\"text\" ><p style=\"text-align: center;\"><span style=\"font-size: 18pt;\"><strong>Realizan mejoras en sala materno\/infantil del Centro de Cumplimiento Penitenciario de Coyhaique <\/strong><\/span><\/p>\n<div id=\"gtx-trans\" style=\"position: absolute; left: -50px; top: 4.31534px;\">\n<div class=\"gtx-trans-icon\"><\/div>\n<\/div>\n<\/div><\/section><\/div><div class=\"flex_column av_one_full  flex_column_div av-zero-column-padding first  avia-builder-el-4  el_after_av_one_full  el_before_av_hr  column-top-margin\" style='border-radius:0px; '><section class=\"av_textblock_section \"  itemscope=\"itemscope\" itemtype=\"https:\/\/schema.org\/BlogPosting\" itemprop=\"blogPost\" ><div class='avia_textblock  '   itemprop=\"text\" ><p style=\"text-align: justify;\"><em>Dichas mejoras est\u00e1n orientadas a ofrecer un mejor espacio a las madres que est\u00e1n pr\u00f3ximas a dar a luz y que se encuentran privadas de libertad.<\/em><\/p>\n<p style=\"text-align: justify;\">Con el objetivo de constatar en terreno los trabajos de mejoramiento de las dependencias materno\/Infantil al interior del Centro de Cumplimiento Penitenciario de Coyhaique, recientemente el seremi de Justicia y DDHH Samuel Navarro acompa\u00f1ado del director Regional de Gendarmer\u00eda Coronel Pablo Torres visitaron la secci\u00f3n femenina de dicho recinto.<\/p>\n<p style=\"text-align: justify;\">En la oportunidad, ambas autoridades pudieron apreciar las mejoras realizadas en dicho espacio, y que consideraron cambio en el sistema de iluminaci\u00f3n, remodelaci\u00f3n del ba\u00f1o, mejoramiento en pisos y revestimiento interior, lo que permitir\u00e1 conservar de mejor manera la temperatura de las madres y los ni\u00f1os que est\u00e1n por nacer.<\/p>\n<p style=\"text-align: justify;\">Tras la visita, el seremi de Justicia y Derechos Humanos, Samuel Navarro se\u00f1al\u00f3 que \u201chemos podido constatar el estado de avance de los trabajos que se est\u00e1n realizando al interior del Centro de Cumplimiento Penitenciario de Coyhaique en relaci\u00f3n con la habilitaci\u00f3n o la extensi\u00f3n de una mayor superficie de secci\u00f3n materno infantil en la secci\u00f3n femenina de este centro penitenciario ello pasa a ser una necesidad, una exigencia toda vez que tenemos m\u00e1s mujeres que lo tradicional que est\u00e1n embarazadas y pr\u00f3ximas a dar a luz, por lo tanto tenemos que contar con las condiciones necesarias desde el punto de vista material para poder acoger en las mejores condiciones posibles a estas madres que hoy est\u00e1n cumpliendo alguna pena privativa de libertad o alguna condena impuesta por alg\u00fan tribunal de la rep\u00fablica y que se encuentran al interior de este centro penitenciario, esperamos que estos trabajos terminen dentro de esta semana para poder entregar estas obras y tambi\u00e9n aprovechar de hacer otras mejoras en la secci\u00f3n femenina de Coyhaique\u201d.<\/p>\n<p style=\"text-align: justify;\">Por su parte, el director regional de Gendarmer\u00eda de Chile Coronel Pablo Torres Herrera indic\u00f3 que \u201cla construcci\u00f3n o implementaci\u00f3n de la nueva secci\u00f3n materno infantil en el CCP Coyhaique obedece al pick de mujeres embarazadas que fue un total de 3 cuando la capacidad de la unidad corresponde a una, se efectuaron trabajos de remodelaci\u00f3n de algunos espacios consistentes en cambios de ventanas, reparaciones en los ba\u00f1os, calefacci\u00f3n, pintura, pisos, si bien estas mejoras nos acercan a la norma seguimos estando por debajo del est\u00e1ndar permitido\u201d.<\/p>\n<p style=\"text-align: justify;\">Finalmente, cabe mencionar que dicha remodelaci\u00f3n debiera finalizar esta semana, esto con el objetivo de tener todo listo para el momento que se requiera.<\/p>\n<\/div><\/section><\/div><div  style='height:50px' class='hr hr-invisible   avia-builder-el-6  el_after_av_one_full  el_before_av_social_share '><span class='hr-inner ' ><span class='hr-inner-style'><\/span><\/span><\/div><\/p>\n<div  class='av-social-sharing-box  avia-builder-el-7  el_after_av_hr  el_before_av_hr  '><div class='av-share-box'><h5 class='av-share-link-description av-no-toc '>Compartir esta noticia<\/h5><ul class='av-share-box-list noLightbox'><li class='av-share-link av-social-link-facebook' ><a target=\"_blank\" aria-label=\"Compartir en Facebook\" href='https:\/\/www.facebook.com\/sharer.php?u=https:\/\/radiorevelacionfm.cl\/?p=54531&#038;t=Realizan%20mejoras%20en%20sala%20materno%2Finfantil%20del%20Centro%20de%20Cumplimiento%20Penitenciario%20de%20Coyhaique' aria-hidden='false' data-av_icon='\ue8f3' data-av_iconfont='entypo-fontello' title='' data-avia-related-tooltip='Compartir en Facebook' rel=\"noopener\"><span class='avia_hidden_link_text'>Compartir en Facebook<\/span><\/a><\/li><li class='av-share-link av-social-link-twitter' ><a target=\"_blank\" aria-label=\"Compartir en Twitter\" href='https:\/\/twitter.com\/share?text=Realizan%20mejoras%20en%20sala%20materno%2Finfantil%20del%20Centro%20de%20Cumplimiento%20Penitenciario%20de%20Coyhaique&#038;url=https:\/\/radiorevelacionfm.cl\/?p=54531' aria-hidden='false' data-av_icon='\ue8f1' data-av_iconfont='entypo-fontello' title='' data-avia-related-tooltip='Compartir en Twitter' rel=\"noopener\"><span class='avia_hidden_link_text'>Compartir en Twitter<\/span><\/a><\/li><li class='av-share-link av-social-link-whatsapp' ><a target=\"_blank\" aria-label=\"Compartir en Whatsapp\" href='https:\/\/api.whatsapp.com\/send?text=https:\/\/radiorevelacionfm.cl\/?p=54531' aria-hidden='false' data-av_icon='\uf232' data-av_iconfont='entypo-fontello' title='' data-avia-related-tooltip='Compartir en Whatsapp' rel=\"noopener\"><span class='avia_hidden_link_text'>Compartir en Whatsapp<\/span><\/a><\/li><li class='av-share-link av-social-link-linkedin' ><a target=\"_blank\" aria-label=\"Compartir en LinkedIn\" href='https:\/\/linkedin.com\/shareArticle?mini=true&#038;title=Realizan%20mejoras%20en%20sala%20materno%2Finfantil%20del%20Centro%20de%20Cumplimiento%20Penitenciario%20de%20Coyhaique&#038;url=https:\/\/radiorevelacionfm.cl\/?p=54531' aria-hidden='false' data-av_icon='\ue8fc' data-av_iconfont='entypo-fontello' title='' data-avia-related-tooltip='Compartir en LinkedIn' rel=\"noopener\"><span class='avia_hidden_link_text'>Compartir en LinkedIn<\/span><\/a><\/li><li class='av-share-link av-social-link-mail' ><a  aria-label=\"Compartir por correo\" href='mailto:?subject=Realizan%20mejoras%20en%20sala%20materno%2Finfantil%20del%20Centro%20de%20Cumplimiento%20Penitenciario%20de%20Coyhaique&#038;body=https:\/\/radiorevelacionfm.cl\/?p=54531' aria-hidden='false' data-av_icon='\ue805' data-av_iconfont='entypo-fontello' title='' data-avia-related-tooltip='Compartir por correo'><span class='avia_hidden_link_text'>Compartir por correo<\/span><\/a><\/li><\/ul><\/div><\/div>\n<div  style='height:50px' class='hr hr-invisible   avia-builder-el-8  el_after_av_social_share  el_before_av_comments_list '><span class='hr-inner ' ><span class='hr-inner-style'><\/span><\/span><\/div>\n<div  class='av-buildercomment  av-blog-meta-html-info-disabled av-blog-meta-tag-disabled  '><\/div>\n","protected":false},"excerpt":{"rendered":"","protected":false},"author":1,"featured_media":54532,"comment_status":"closed","ping_status":"closed","sticky":false,"template":"","format":"standard","meta":{"footnotes":""},"categories":[55],"tags":[],"class_list":["post-54531","post","type-post","status-publish","format-standard","has-post-thumbnail","hentry","category-justicia"],"jetpack_featured_media_url":"https:\/\/radiorevelacionfm.cl\/wp-content\/uploads\/2025\/05\/IMG_30971-1-1.jpg","_links":{"self":[{"href":"https:\/\/radiorevelacionfm.cl\/index.php?rest_route=\/wp\/v2\/posts\/54531","targetHints":{"allow":["GET"]}}],"collection":[{"href":"https:\/\/radiorevelacionfm.cl\/index.php?rest_route=\/wp\/v2\/posts"}],"about":[{"href":"https:\/\/radiorevelacionfm.cl\/index.php?rest_route=\/wp\/v2\/types\/post"}],"author":[{"embeddable":true,"href":"https:\/\/radiorevelacionfm.cl\/index.php?rest_route=\/wp\/v2\/users\/1"}],"replies":[{"embeddable":true,"href":"https:\/\/radiorevelacionfm.cl\/index.php?rest_route=%2Fwp%2Fv2%2Fcomments&post=54531"}],"version-history":[{"count":2,"href":"https:\/\/radiorevelacionfm.cl\/index.php?rest_route=\/wp\/v2\/posts\/54531\/revisions"}],"predecessor-version":[{"id":54540,"href":"https:\/\/radiorevelacionfm.cl\/index.php?rest_route=\/wp\/v2\/posts\/54531\/revisions\/54540"}],"wp:featuredmedia":[{"embeddable":true,"href":"https:\/\/radiorevelacionfm.cl\/index.php?rest_route=\/wp\/v2\/media\/54532"}],"wp:attachment":[{"href":"https:\/\/radiorevelacionfm.cl\/index.php?rest_route=%2Fwp%2Fv2%2Fmedia&parent=54531"}],"wp:term":[{"taxonomy":"category","embeddable":true,"href":"https:\/\/radiorevelacionfm.cl\/index.php?rest_route=%2Fwp%2Fv2%2Fcategories&post=54531"},{"taxonomy":"post_tag","embeddable":true,"href":"https:\/\/radiorevelacionfm.cl\/index.php?rest_route=%2Fwp%2Fv2%2Ftags&post=54531"}],"curies":[{"name":"wp","href":"https:\/\/api.w.org\/{rel}","templated":true}]}}