{"id":5453,"date":"2021-06-18T18:36:51","date_gmt":"2021-06-18T21:36:51","guid":{"rendered":"https:\/\/radiorevelacionfm.cl\/?p=5453"},"modified":"2021-06-18T18:36:51","modified_gmt":"2021-06-18T21:36:51","slug":"sernapesca-y-armada-incautan-13-toneladas-de-merluza-del-sur-en-zona-de-pesca-de-aysen","status":"publish","type":"post","link":"https:\/\/radiorevelacionfm.cl\/?p=5453","title":{"rendered":"Sernapesca y Armada incautan 13 toneladas de merluza del sur en zona de pesca de Ays\u00e9n"},"content":{"rendered":"<div class=\"flex_column av_one_full  flex_column_div av-zero-column-padding first  avia-builder-el-0  el_before_av_one_full  avia-builder-el-first  \" style='border-radius:0px; '><div  class='avia-image-container  av-styling-    avia-builder-el-1  avia-builder-el-no-sibling  avia-align-center '  itemprop=\"image\" itemscope=\"itemscope\" itemtype=\"https:\/\/schema.org\/ImageObject\"  ><div class='avia-image-container-inner'><div class='avia-image-overlay-wrap'><img decoding=\"async\" class='wp-image-5455 avia-img-lazy-loading-not-5455 avia_image' src=\"https:\/\/radiorevelacionfm.cl\/wp-content\/uploads\/2021\/06\/Fiscalizacion-Junio-1-1.jpg\" alt='' title='Fiscalizaci\u00f3n Junio (1) (1)' height=\"600\" width=\"866\"  itemprop=\"thumbnailUrl\" srcset=\"https:\/\/radiorevelacionfm.cl\/wp-content\/uploads\/2021\/06\/Fiscalizacion-Junio-1-1.jpg 866w, https:\/\/radiorevelacionfm.cl\/wp-content\/uploads\/2021\/06\/Fiscalizacion-Junio-1-1-300x208.jpg 300w, https:\/\/radiorevelacionfm.cl\/wp-content\/uploads\/2021\/06\/Fiscalizacion-Junio-1-1-768x532.jpg 768w, https:\/\/radiorevelacionfm.cl\/wp-content\/uploads\/2021\/06\/Fiscalizacion-Junio-1-1-705x488.jpg 705w, https:\/\/radiorevelacionfm.cl\/wp-content\/uploads\/2021\/06\/Fiscalizacion-Junio-1-1-600x416.jpg 600w\" sizes=\"(max-width: 866px) 100vw, 866px\" \/><\/div><\/div><\/div><\/div><div class=\"flex_column av_one_full  flex_column_div av-zero-column-padding first  avia-builder-el-2  el_after_av_one_full  el_before_av_one_full  column-top-margin\" style='border-radius:0px; '><section class=\"av_textblock_section \"  itemscope=\"itemscope\" itemtype=\"https:\/\/schema.org\/BlogPosting\" itemprop=\"blogPost\" ><div class='avia_textblock  '   itemprop=\"text\" ><p style=\"text-align: center;\"><strong><span style=\"font-size: 18pt;\">Sernapesca y Armada incautan 13 toneladas de merluza del sur en zona de pesca de Ays\u00e9n<\/span><\/strong><\/p>\n<div id=\"gtx-trans\" style=\"position: absolute; left: -50px; top: 4.31534px;\">\n<div class=\"gtx-trans-icon\"><\/div>\n<\/div>\n<\/div><\/section><\/div><div class=\"flex_column av_one_full  flex_column_div av-zero-column-padding first  avia-builder-el-4  el_after_av_one_full  el_before_av_hr  column-top-margin\" style='border-radius:0px; '><section class=\"av_textblock_section \"  itemscope=\"itemscope\" itemtype=\"https:\/\/schema.org\/BlogPosting\" itemprop=\"blogPost\" ><div class='avia_textblock  '   itemprop=\"text\" ><p style=\"font-weight: 400; text-align: justify;\">Tras un profundo an\u00e1lisis de datos, el Servicio Nacional de Pesca y Acuicultura (Sernapesca) junto a la Autoridad Mar\u00edtima de la Armada de Chile, activaron acciones de fiscalizaci\u00f3n en \u00e1reas mar\u00edtimas cr\u00edticas en la zona centro-sur de la regi\u00f3n de Ays\u00e9n, logrando incautar 13 toneladas de recursos hidrobiol\u00f3gicos y detectando 35 embarcaciones artesanales inscritas en el Registro Pesquero Artesanal de otra regi\u00f3n operando en zona de pesca de Ays\u00e9n. Dentro de las embarcaciones fiscalizadas, 14 lanchas pesqueras no ten\u00edan ning\u00fan tipo de identificaci\u00f3n (nombre, matr\u00edcula), y por tanto operando ilegalmente en pesquer\u00edas que se encuentran en estado de sobreexplotaci\u00f3n.<\/p>\n<p style=\"font-weight: 400; text-align: justify;\">El proceso de fiscalizaci\u00f3n se llev\u00f3 a cabo durante junio y consisti\u00f3 en sobrevuelos de fiscalizaci\u00f3n y operativos mar\u00edtimos a bordo de patrulleras en el canal Moraleda y canal Costa, sectores habituales de extracci\u00f3n de recursos merluza del sur y congrio dorado.<\/p>\n<p style=\"font-weight: 400; text-align: justify;\">Se incaut\u00f3 el total del recurso, es decir, 12 toneladas de merluza del sur, 922 kilos de sardina austral y 73 kg de congrio dorado, avaluado en 20 millones de pesos, adem\u00e1s de incautar los aparejos y artes de pesca. Se cursaron 5 citaciones al Juzgado de Letras y Garant\u00eda de Puerto Ays\u00e9n, exponi\u00e9ndose a multas de 9 millones de pesos cada uno.<\/p>\n<p style=\"font-weight: 400; text-align: justify;\">La Autoridad Sanitaria determin\u00f3 que 3.6 toneladas el recurso incautado no era apto para consumo humano, por lo que fue trasladado al vertedero de la localidad de Puerto Ays\u00e9n, mientras que el resto del recurso qued\u00f3 incautado en poder del infractos a disposici\u00f3n de lo que determine el Magistrado.<\/p>\n<p style=\"font-weight: 400; text-align: justify;\">\u201cEstas fiscalizaciones son el resultado de un serio proceso de an\u00e1lisis y planificaci\u00f3n enmarcadas en la Red Sustenta, es decir, entre nuestro equipo junto a la Autoridad Mar\u00edtima de Ays\u00e9n, y que responde a las denuncias recibidas por nuestros usuarios. Esta situaci\u00f3n genera un grave da\u00f1o para todas las pescadoras y pescadores artesanales que tradicionalmente trabajan estas pesquer\u00edas y que ven en serio riesgo su actividad por la incursi\u00f3n de flotas ilegales. Estos recursos se encuentran en una compleja situaci\u00f3n de conservaci\u00f3n y en este sentido mantendremos la vigilancia a\u00e9rea y mar\u00edtima para resguardar la sustentabilidad de estas pesquer\u00edas.\u201d Concluy\u00f3 Cristian Hudson, Director Regional de Sernapesca Ays\u00e9n.<\/p>\n<\/div><\/section><\/div><div  style='height:50px' class='hr hr-invisible   avia-builder-el-6  el_after_av_one_full  el_before_av_social_share '><span class='hr-inner ' ><span class='hr-inner-style'><\/span><\/span><\/div><\/p>\n<div  class='av-social-sharing-box  avia-builder-el-7  el_after_av_hr  el_before_av_hr  '><div class='av-share-box'><h5 class='av-share-link-description av-no-toc '>Compartir esta noticia<\/h5><ul class='av-share-box-list noLightbox'><li class='av-share-link av-social-link-facebook' ><a target=\"_blank\" aria-label=\"Compartir en Facebook\" href='https:\/\/www.facebook.com\/sharer.php?u=https:\/\/radiorevelacionfm.cl\/?p=5453&#038;t=Sernapesca%20y%20Armada%20incautan%2013%20toneladas%20de%20merluza%20del%20sur%20en%20zona%20de%20pesca%20de%20Ays%C3%A9n' aria-hidden='false' data-av_icon='\ue8f3' data-av_iconfont='entypo-fontello' title='' data-avia-related-tooltip='Compartir en Facebook' rel=\"noopener\"><span class='avia_hidden_link_text'>Compartir en Facebook<\/span><\/a><\/li><li class='av-share-link av-social-link-twitter' ><a target=\"_blank\" aria-label=\"Compartir en Twitter\" href='https:\/\/twitter.com\/share?text=Sernapesca%20y%20Armada%20incautan%2013%20toneladas%20de%20merluza%20del%20sur%20en%20zona%20de%20pesca%20de%20Ays%C3%A9n&#038;url=https:\/\/radiorevelacionfm.cl\/?p=5453' aria-hidden='false' data-av_icon='\ue8f1' data-av_iconfont='entypo-fontello' title='' data-avia-related-tooltip='Compartir en Twitter' rel=\"noopener\"><span class='avia_hidden_link_text'>Compartir en Twitter<\/span><\/a><\/li><li class='av-share-link av-social-link-whatsapp' ><a target=\"_blank\" aria-label=\"Compartir en Whatsapp\" href='https:\/\/api.whatsapp.com\/send?text=https:\/\/radiorevelacionfm.cl\/?p=5453' aria-hidden='false' data-av_icon='\uf232' data-av_iconfont='entypo-fontello' title='' data-avia-related-tooltip='Compartir en Whatsapp' rel=\"noopener\"><span class='avia_hidden_link_text'>Compartir en Whatsapp<\/span><\/a><\/li><li class='av-share-link av-social-link-linkedin' ><a target=\"_blank\" aria-label=\"Compartir en LinkedIn\" href='https:\/\/linkedin.com\/shareArticle?mini=true&#038;title=Sernapesca%20y%20Armada%20incautan%2013%20toneladas%20de%20merluza%20del%20sur%20en%20zona%20de%20pesca%20de%20Ays%C3%A9n&#038;url=https:\/\/radiorevelacionfm.cl\/?p=5453' aria-hidden='false' data-av_icon='\ue8fc' data-av_iconfont='entypo-fontello' title='' data-avia-related-tooltip='Compartir en LinkedIn' rel=\"noopener\"><span class='avia_hidden_link_text'>Compartir en LinkedIn<\/span><\/a><\/li><li class='av-share-link av-social-link-mail' ><a  aria-label=\"Compartir por correo\" href='mailto:?subject=Sernapesca%20y%20Armada%20incautan%2013%20toneladas%20de%20merluza%20del%20sur%20en%20zona%20de%20pesca%20de%20Ays%C3%A9n&#038;body=https:\/\/radiorevelacionfm.cl\/?p=5453' aria-hidden='false' data-av_icon='\ue805' data-av_iconfont='entypo-fontello' title='' data-avia-related-tooltip='Compartir por correo'><span class='avia_hidden_link_text'>Compartir por correo<\/span><\/a><\/li><\/ul><\/div><\/div>\n<div  style='height:50px' class='hr hr-invisible   avia-builder-el-8  el_after_av_social_share  el_before_av_comments_list '><span class='hr-inner ' ><span class='hr-inner-style'><\/span><\/span><\/div>\n<div  class='av-buildercomment  av-blog-meta-html-info-disabled av-blog-meta-tag-disabled  '><\/div>\n","protected":false},"excerpt":{"rendered":"","protected":false},"author":1,"featured_media":5455,"comment_status":"open","ping_status":"open","sticky":false,"template":"","format":"standard","meta":{"footnotes":""},"categories":[60,38],"tags":[],"class_list":["post-5453","post","type-post","status-publish","format-standard","has-post-thumbnail","hentry","category-pesca","category-regional"],"jetpack_featured_media_url":"https:\/\/radiorevelacionfm.cl\/wp-content\/uploads\/2021\/06\/Fiscalizacion-Junio-1-1.jpg","_links":{"self":[{"href":"https:\/\/radiorevelacionfm.cl\/index.php?rest_route=\/wp\/v2\/posts\/5453","targetHints":{"allow":["GET"]}}],"collection":[{"href":"https:\/\/radiorevelacionfm.cl\/index.php?rest_route=\/wp\/v2\/posts"}],"about":[{"href":"https:\/\/radiorevelacionfm.cl\/index.php?rest_route=\/wp\/v2\/types\/post"}],"author":[{"embeddable":true,"href":"https:\/\/radiorevelacionfm.cl\/index.php?rest_route=\/wp\/v2\/users\/1"}],"replies":[{"embeddable":true,"href":"https:\/\/radiorevelacionfm.cl\/index.php?rest_route=%2Fwp%2Fv2%2Fcomments&post=5453"}],"version-history":[{"count":1,"href":"https:\/\/radiorevelacionfm.cl\/index.php?rest_route=\/wp\/v2\/posts\/5453\/revisions"}],"predecessor-version":[{"id":5456,"href":"https:\/\/radiorevelacionfm.cl\/index.php?rest_route=\/wp\/v2\/posts\/5453\/revisions\/5456"}],"wp:featuredmedia":[{"embeddable":true,"href":"https:\/\/radiorevelacionfm.cl\/index.php?rest_route=\/wp\/v2\/media\/5455"}],"wp:attachment":[{"href":"https:\/\/radiorevelacionfm.cl\/index.php?rest_route=%2Fwp%2Fv2%2Fmedia&parent=5453"}],"wp:term":[{"taxonomy":"category","embeddable":true,"href":"https:\/\/radiorevelacionfm.cl\/index.php?rest_route=%2Fwp%2Fv2%2Fcategories&post=5453"},{"taxonomy":"post_tag","embeddable":true,"href":"https:\/\/radiorevelacionfm.cl\/index.php?rest_route=%2Fwp%2Fv2%2Ftags&post=5453"}],"curies":[{"name":"wp","href":"https:\/\/api.w.org\/{rel}","templated":true}]}}