{"id":54527,"date":"2025-05-28T18:08:33","date_gmt":"2025-05-28T21:08:33","guid":{"rendered":"https:\/\/radiorevelacionfm.cl\/?p=54527"},"modified":"2025-05-28T18:08:33","modified_gmt":"2025-05-28T21:08:33","slug":"region-de-aysen-se-suma-a-la-primera-cumbre-municipal-de-economia-circular","status":"publish","type":"post","link":"https:\/\/radiorevelacionfm.cl\/?p=54527","title":{"rendered":"Regi\u00f3n de Ays\u00e9n se suma a la Primera Cumbre Municipal de Econom\u00eda Circular"},"content":{"rendered":"<div class=\"flex_column av_one_full  flex_column_div av-zero-column-padding first  avia-builder-el-0  el_before_av_one_full  avia-builder-el-first  \" style='border-radius:0px; '><div  class='avia-image-container  av-styling-    avia-builder-el-1  avia-builder-el-no-sibling  avia-align-center '  itemprop=\"image\" itemscope=\"itemscope\" itemtype=\"https:\/\/schema.org\/ImageObject\"  ><div class='avia-image-container-inner'><div class='avia-image-overlay-wrap'><img decoding=\"async\" class='wp-image-54528 avia-img-lazy-loading-not-54528 avia_image' src=\"https:\/\/radiorevelacionfm.cl\/wp-content\/uploads\/2025\/05\/4-2025-05-28T180537.725-1-1.jpg\" alt='' title='4 - 2025-05-28T180537.725 (1) (1)' height=\"600\" width=\"1067\"  itemprop=\"thumbnailUrl\" srcset=\"https:\/\/radiorevelacionfm.cl\/wp-content\/uploads\/2025\/05\/4-2025-05-28T180537.725-1-1.jpg 1067w, https:\/\/radiorevelacionfm.cl\/wp-content\/uploads\/2025\/05\/4-2025-05-28T180537.725-1-1-300x169.jpg 300w, https:\/\/radiorevelacionfm.cl\/wp-content\/uploads\/2025\/05\/4-2025-05-28T180537.725-1-1-1030x579.jpg 1030w, https:\/\/radiorevelacionfm.cl\/wp-content\/uploads\/2025\/05\/4-2025-05-28T180537.725-1-1-768x432.jpg 768w, https:\/\/radiorevelacionfm.cl\/wp-content\/uploads\/2025\/05\/4-2025-05-28T180537.725-1-1-705x396.jpg 705w, https:\/\/radiorevelacionfm.cl\/wp-content\/uploads\/2025\/05\/4-2025-05-28T180537.725-1-1-450x253.jpg 450w, https:\/\/radiorevelacionfm.cl\/wp-content\/uploads\/2025\/05\/4-2025-05-28T180537.725-1-1-600x337.jpg 600w\" sizes=\"(max-width: 1067px) 100vw, 1067px\" \/><\/div><\/div><\/div><\/div><div class=\"flex_column av_one_full  flex_column_div av-zero-column-padding first  avia-builder-el-2  el_after_av_one_full  el_before_av_one_full  column-top-margin\" style='border-radius:0px; '><section class=\"av_textblock_section \"  itemscope=\"itemscope\" itemtype=\"https:\/\/schema.org\/BlogPosting\" itemprop=\"blogPost\" ><div class='avia_textblock  '   itemprop=\"text\" ><p style=\"text-align: center;\"><span style=\"font-size: 18pt;\"><strong>Regi\u00f3n de Ays\u00e9n se suma a la Primera Cumbre Municipal de Econom\u00eda Circular <\/strong><\/span><\/p>\n<div id=\"gtx-trans\" style=\"position: absolute; left: -50px; top: 4.31534px;\">\n<div class=\"gtx-trans-icon\"><\/div>\n<\/div>\n<\/div><\/section><\/div><div class=\"flex_column av_one_full  flex_column_div av-zero-column-padding first  avia-builder-el-4  el_after_av_one_full  el_before_av_hr  column-top-margin\" style='border-radius:0px; '><section class=\"av_textblock_section \"  itemscope=\"itemscope\" itemtype=\"https:\/\/schema.org\/BlogPosting\" itemprop=\"blogPost\" ><div class='avia_textblock  '   itemprop=\"text\" ><ul>\n<li style=\"text-align: justify;\"><em>Municipios y gestores ambientales profundizaron en las nuevas normativas y programas para la gesti\u00f3n de residuos.<\/em><\/li>\n<li style=\"text-align: justify;\"><em>Municipalidad de Cisnes adjudica Fondo Para el Reciclaje.<\/em><\/li>\n<\/ul>\n<p style=\"text-align: justify;\">En la Biblioteca de Coyhaique se realiz\u00f3 el cap\u00edtulo aysenino de la primera Cumbre Municipal de Econom\u00eda Circular, organizada por el ministerio del Medio Ambiente para convocar a representantes de todos los municipios en torno a la gesti\u00f3n de residuos.<\/p>\n<p style=\"text-align: justify;\">La instancia cont\u00f3 con representantes de los municipios de Coyhaique, Ays\u00e9n, R\u00edo Ib\u00e1\u00f1ez y Cisnes; adem\u00e1s de gestores ambientales, Gobierno Regional, Seremi de Econom\u00eda y organizaciones de la sociedad civil.<\/p>\n<p style=\"text-align: justify;\">El Seremi del Medio Ambiente, Yoal D\u00edaz, destac\u00f3 la convocatoria que permiti\u00f3 reunir a diversos actores en torno a la ley de responsabilidad extendida del productor REP,\u00a0 la ley de pl\u00e1sticos de Un Solo Uso PUSU, y el programa regional FNDR de gesti\u00f3n de residuos org\u00e1nicos\u00a0 \u201ccreo que es una oportunidad para la regi\u00f3n, una regi\u00f3n que tiene mucho trabajo colaborativo, que tenemos que seguir fortaleciendo y con grandes desaf\u00edos para trabajar en conjunto y estos espacios de encuentro son clave para ello, porque nos permiten el intercambio de ideas, experiencias y por supuesto, de buenas pr\u00e1cticas\u201d.<\/p>\n<p style=\"text-align: justify;\">La jornada comenz\u00f3 con la exposici\u00f3n de la Profesional del ministerio del Medio Ambiente, B\u00e1rbara Pe\u00f1afiel quien abord\u00f3 la implementaci\u00f3n Ley REP y Ley de Pl\u00e1sticos de un solo uso. Luego, desde la seremi del Medio Ambiente, se expuso el programa FNDR de residuos org\u00e1nicos que involucra la entrega de mil composteras a nivel regional y un despliegue de educaci\u00f3n ambiental para mejorar la gesti\u00f3n de residuos domiciliarios.<\/p>\n<p style=\"text-align: justify;\">La encargada del Sistema de Certificaci\u00f3n Ambiental de la Municipalidad de Ays\u00e9n, Marcela Matus destac\u00f3 la experiencia que permite ampliar la visi\u00f3n sobre temas que ya se vienen trabajando desde el municipio con la comunidad, destacando el programa FNDR \u201chace poquitito tambi\u00e9n implementamos un peque\u00f1o proyecto de compostaje en Isla Las Huichas, donde tambi\u00e9n nos hizo mucho sentido a lo que nos comentaba Pablo con este Fondo, este proyecto a escala regional, quiz\u00e1s nosotros lo podr\u00edamos replicar en una versi\u00f3n m\u00e1s peque\u00f1a pero que nos servir\u00eda bastante para avanzar hacia una comuna m\u00e1s sustentable\u201d.<\/p>\n<p style=\"text-align: justify;\">Luego se rescataron experiencias exitosas regionales, donde Corporaci\u00f3n Chelenko comparti\u00f3 el proyecto \u201cHacia basura 0\u201d; y la Municipalidad de R\u00edo Ib\u00e1\u00f1ez expuso la implementaci\u00f3n del Fondo Para el Reciclaje FPR adjudicado en 2023.<\/p>\n<p style=\"text-align: justify;\">El gestor ambiental Christian Martino recalc\u00f3 la importancia del trabajo colaborativo, \u201csomos importantes los gestores de residuos que estamos trabajando ac\u00e1, en la correcta disposici\u00f3n de los s\u00f3lidos inorg\u00e1nicos, para darle una correcta disposici\u00f3n final. Hay varias empresas ya en la regi\u00f3n haciendo el trabajo educativo, de recolecci\u00f3n, de acopio temporal, de minimizaci\u00f3n y d\u00e1ndole una correcta disposici\u00f3n final a esos residuos. Esta cumbre la veo impecable, entregando un recurso a los municipios, el cual muchas veces cuesta, desde este lugar, desde esta regi\u00f3n, porque tenemos que llegar con los residuos al correcto destino final\u201d, coment\u00f3 en referencia a la dificultad que presenta el transporte en la regi\u00f3n de Ays\u00e9n.<\/p>\n<p style=\"text-align: justify;\"><strong>Fondo Para el Reciclaje<\/strong><\/p>\n<p style=\"text-align: justify;\">Finalmente, la Municipalidad de Cisnes expuso los detalles de su recientemente adjudicado FPR, oportunidad en que la autoridad ambiental aprovech\u00f3 para hacer la entrega oficial de los recursos que beneficiar\u00e1n con educaci\u00f3n y gesti\u00f3n de residuos a las comunidades de Gala y Gaviota.<\/p>\n<p style=\"text-align: justify;\">\u201cEstamos muy felices de poder adjudicar este Fondo para el Reciclaje, en la cual previamente hubo una participaci\u00f3n ciudadana y mostramos cu\u00e1les era las necesidades y de acuerdo con eso es que la poblaci\u00f3n beneficiada va a ser de las localidades de Puerto Gaviota y Puerto Gala, que son dos localidades muy aisladas geogr\u00e1ficamente, as\u00ed que va a ser un gran aporte en temas de gesti\u00f3n de residuos para todos ellos\u00a0 (\u2026) con\u00a0 talleres,\u00a0 educaci\u00f3n ambiental, entrega de kit de reciclaje, contenedores de mil litros y tambi\u00e9n la valorizaci\u00f3n de los residuos, que es una necesidad muy importante que mostraron las comunidades de esas localidades\u201d, \u00a0concluy\u00f3 la \u00a0encargada de medio ambiente de la Ilustre Municipalidad de Cisnes, Valentina Parra.<\/p>\n<\/div><\/section><\/div><div  style='height:50px' class='hr hr-invisible   avia-builder-el-6  el_after_av_one_full  el_before_av_social_share '><span class='hr-inner ' ><span class='hr-inner-style'><\/span><\/span><\/div><\/p>\n<div  class='av-social-sharing-box  avia-builder-el-7  el_after_av_hr  el_before_av_hr  '><div class='av-share-box'><h5 class='av-share-link-description av-no-toc '>Compartir esta noticia<\/h5><ul class='av-share-box-list noLightbox'><li class='av-share-link av-social-link-facebook' ><a target=\"_blank\" aria-label=\"Compartir en Facebook\" href='https:\/\/www.facebook.com\/sharer.php?u=https:\/\/radiorevelacionfm.cl\/?p=54527&#038;t=Regi%C3%B3n%20de%20Ays%C3%A9n%20se%20suma%20a%20la%20Primera%20Cumbre%20Municipal%20de%20Econom%C3%ADa%20Circular' aria-hidden='false' data-av_icon='\ue8f3' data-av_iconfont='entypo-fontello' title='' data-avia-related-tooltip='Compartir en Facebook' rel=\"noopener\"><span class='avia_hidden_link_text'>Compartir en Facebook<\/span><\/a><\/li><li class='av-share-link av-social-link-twitter' ><a target=\"_blank\" aria-label=\"Compartir en Twitter\" href='https:\/\/twitter.com\/share?text=Regi%C3%B3n%20de%20Ays%C3%A9n%20se%20suma%20a%20la%20Primera%20Cumbre%20Municipal%20de%20Econom%C3%ADa%20Circular&#038;url=https:\/\/radiorevelacionfm.cl\/?p=54527' aria-hidden='false' data-av_icon='\ue8f1' data-av_iconfont='entypo-fontello' title='' data-avia-related-tooltip='Compartir en Twitter' rel=\"noopener\"><span class='avia_hidden_link_text'>Compartir en Twitter<\/span><\/a><\/li><li class='av-share-link av-social-link-whatsapp' ><a target=\"_blank\" aria-label=\"Compartir en Whatsapp\" href='https:\/\/api.whatsapp.com\/send?text=https:\/\/radiorevelacionfm.cl\/?p=54527' aria-hidden='false' data-av_icon='\uf232' data-av_iconfont='entypo-fontello' title='' data-avia-related-tooltip='Compartir en Whatsapp' rel=\"noopener\"><span class='avia_hidden_link_text'>Compartir en Whatsapp<\/span><\/a><\/li><li class='av-share-link av-social-link-linkedin' ><a target=\"_blank\" aria-label=\"Compartir en LinkedIn\" href='https:\/\/linkedin.com\/shareArticle?mini=true&#038;title=Regi%C3%B3n%20de%20Ays%C3%A9n%20se%20suma%20a%20la%20Primera%20Cumbre%20Municipal%20de%20Econom%C3%ADa%20Circular&#038;url=https:\/\/radiorevelacionfm.cl\/?p=54527' aria-hidden='false' data-av_icon='\ue8fc' data-av_iconfont='entypo-fontello' title='' data-avia-related-tooltip='Compartir en LinkedIn' rel=\"noopener\"><span class='avia_hidden_link_text'>Compartir en LinkedIn<\/span><\/a><\/li><li class='av-share-link av-social-link-mail' ><a  aria-label=\"Compartir por correo\" href='mailto:?subject=Regi%C3%B3n%20de%20Ays%C3%A9n%20se%20suma%20a%20la%20Primera%20Cumbre%20Municipal%20de%20Econom%C3%ADa%20Circular&#038;body=https:\/\/radiorevelacionfm.cl\/?p=54527' aria-hidden='false' data-av_icon='\ue805' data-av_iconfont='entypo-fontello' title='' data-avia-related-tooltip='Compartir por correo'><span class='avia_hidden_link_text'>Compartir por correo<\/span><\/a><\/li><\/ul><\/div><\/div>\n<div  style='height:50px' class='hr hr-invisible   avia-builder-el-8  el_after_av_social_share  el_before_av_comments_list '><span class='hr-inner ' ><span class='hr-inner-style'><\/span><\/span><\/div>\n<div  class='av-buildercomment  av-blog-meta-html-info-disabled av-blog-meta-tag-disabled  '><\/div>\n","protected":false},"excerpt":{"rendered":"","protected":false},"author":1,"featured_media":54528,"comment_status":"closed","ping_status":"closed","sticky":false,"template":"","format":"standard","meta":{"footnotes":""},"categories":[39],"tags":[],"class_list":["post-54527","post","type-post","status-publish","format-standard","has-post-thumbnail","hentry","category-medio-ambiente"],"jetpack_featured_media_url":"https:\/\/radiorevelacionfm.cl\/wp-content\/uploads\/2025\/05\/4-2025-05-28T180537.725-1-1.jpg","_links":{"self":[{"href":"https:\/\/radiorevelacionfm.cl\/index.php?rest_route=\/wp\/v2\/posts\/54527","targetHints":{"allow":["GET"]}}],"collection":[{"href":"https:\/\/radiorevelacionfm.cl\/index.php?rest_route=\/wp\/v2\/posts"}],"about":[{"href":"https:\/\/radiorevelacionfm.cl\/index.php?rest_route=\/wp\/v2\/types\/post"}],"author":[{"embeddable":true,"href":"https:\/\/radiorevelacionfm.cl\/index.php?rest_route=\/wp\/v2\/users\/1"}],"replies":[{"embeddable":true,"href":"https:\/\/radiorevelacionfm.cl\/index.php?rest_route=%2Fwp%2Fv2%2Fcomments&post=54527"}],"version-history":[{"count":2,"href":"https:\/\/radiorevelacionfm.cl\/index.php?rest_route=\/wp\/v2\/posts\/54527\/revisions"}],"predecessor-version":[{"id":54530,"href":"https:\/\/radiorevelacionfm.cl\/index.php?rest_route=\/wp\/v2\/posts\/54527\/revisions\/54530"}],"wp:featuredmedia":[{"embeddable":true,"href":"https:\/\/radiorevelacionfm.cl\/index.php?rest_route=\/wp\/v2\/media\/54528"}],"wp:attachment":[{"href":"https:\/\/radiorevelacionfm.cl\/index.php?rest_route=%2Fwp%2Fv2%2Fmedia&parent=54527"}],"wp:term":[{"taxonomy":"category","embeddable":true,"href":"https:\/\/radiorevelacionfm.cl\/index.php?rest_route=%2Fwp%2Fv2%2Fcategories&post=54527"},{"taxonomy":"post_tag","embeddable":true,"href":"https:\/\/radiorevelacionfm.cl\/index.php?rest_route=%2Fwp%2Fv2%2Ftags&post=54527"}],"curies":[{"name":"wp","href":"https:\/\/api.w.org\/{rel}","templated":true}]}}