{"id":54523,"date":"2025-05-28T17:55:22","date_gmt":"2025-05-28T20:55:22","guid":{"rendered":"https:\/\/radiorevelacionfm.cl\/?p=54523"},"modified":"2025-05-28T17:55:22","modified_gmt":"2025-05-28T20:55:22","slug":"rewilding-chile-y-slep-aysen-sellan-alianza-para-fortalecer-la-educacion-ambiental","status":"publish","type":"post","link":"https:\/\/radiorevelacionfm.cl\/?p=54523","title":{"rendered":"Rewilding Chile y SLEP Ays\u00e9n sellan alianza para fortalecer la educaci\u00f3n ambiental"},"content":{"rendered":"<div class=\"flex_column av_one_full  flex_column_div av-zero-column-padding first  avia-builder-el-0  el_before_av_one_full  avia-builder-el-first  \" style='border-radius:0px; '><div  class='avia-image-container  av-styling-    avia-builder-el-1  avia-builder-el-no-sibling  avia-align-center '  itemprop=\"image\" itemscope=\"itemscope\" itemtype=\"https:\/\/schema.org\/ImageObject\"  ><div class='avia-image-container-inner'><div class='avia-image-overlay-wrap'><img decoding=\"async\" class='wp-image-54524 avia-img-lazy-loading-not-54524 avia_image' src=\"https:\/\/radiorevelacionfm.cl\/wp-content\/uploads\/2025\/05\/foto-1-82-1_optimized.jpg\" alt='' title='foto-1-(82)-(1)_optimized' height=\"600\" width=\"800\"  itemprop=\"thumbnailUrl\" srcset=\"https:\/\/radiorevelacionfm.cl\/wp-content\/uploads\/2025\/05\/foto-1-82-1_optimized.jpg 800w, https:\/\/radiorevelacionfm.cl\/wp-content\/uploads\/2025\/05\/foto-1-82-1_optimized-300x225.jpg 300w, https:\/\/radiorevelacionfm.cl\/wp-content\/uploads\/2025\/05\/foto-1-82-1_optimized-768x576.jpg 768w, https:\/\/radiorevelacionfm.cl\/wp-content\/uploads\/2025\/05\/foto-1-82-1_optimized-705x529.jpg 705w, https:\/\/radiorevelacionfm.cl\/wp-content\/uploads\/2025\/05\/foto-1-82-1_optimized-450x338.jpg 450w, https:\/\/radiorevelacionfm.cl\/wp-content\/uploads\/2025\/05\/foto-1-82-1_optimized-600x450.jpg 600w\" sizes=\"(max-width: 800px) 100vw, 800px\" \/><\/div><\/div><\/div><\/div><div class=\"flex_column av_one_full  flex_column_div av-zero-column-padding first  avia-builder-el-2  el_after_av_one_full  el_before_av_one_full  column-top-margin\" style='border-radius:0px; '><section class=\"av_textblock_section \"  itemscope=\"itemscope\" itemtype=\"https:\/\/schema.org\/BlogPosting\" itemprop=\"blogPost\" ><div class='avia_textblock  '   itemprop=\"text\" ><p style=\"text-align: center;\"><strong><span style=\"font-size: 18pt;\">Rewilding Chile y SLEP Ays\u00e9n sellan alianza para fortalecer la educaci\u00f3n ambiental<\/span><\/strong><\/p>\n<div id=\"gtx-trans\" style=\"position: absolute; left: -50px; top: 4.31534px;\">\n<div class=\"gtx-trans-icon\"><\/div>\n<\/div>\n<\/div><\/section><\/div><div class=\"flex_column av_one_full  flex_column_div av-zero-column-padding first  avia-builder-el-4  el_after_av_one_full  el_before_av_hr  column-top-margin\" style='border-radius:0px; '><section class=\"av_textblock_section \"  itemscope=\"itemscope\" itemtype=\"https:\/\/schema.org\/BlogPosting\" itemprop=\"blogPost\" ><div class='avia_textblock  '   itemprop=\"text\" ><p style=\"text-align: justify;\">El pasado 28 de mayo durante la segunda salida a terreno del programa pedag\u00f3gico <em>Defensores<\/em> \u2014impulsado por Amigos de los Parques de la Fundaci\u00f3n Rewilding Chile\u2014 se concret\u00f3 la firma de un convenio de colaboraci\u00f3n con el Servicio Local de Educaci\u00f3n P\u00fablica de Ays\u00e9n (SLEP). Esta alianza permitir\u00e1 desarrollar de manera conjunta iniciativas de educaci\u00f3n ambiental dirigidas a ni\u00f1os, ni\u00f1as y j\u00f3venes de establecimientos educacionales p\u00fablicos de las localidades de Villa Cerro Castillo, Chile Chico y Puerto Ib\u00e1\u00f1ez.<\/p>\n<p style=\"text-align: justify;\">El programa \u00abDefensores\u00bb es una iniciativa de Amigos de los Parques de la Fundaci\u00f3n Rewilding Chile, que se desarrolla en la Ruta de los Parques de la Patagonia, con el prop\u00f3sito de formar j\u00f3venes comprometidos con la conservaci\u00f3n ecol\u00f3gica mediante un proceso de aprendizaje experiencial en la naturaleza, facilitado por expertos en educaci\u00f3n ambiental, y permitiendo su integraci\u00f3n en la malla curricular en liceos y escuelas rurales.<\/p>\n<p style=\"text-align: justify;\">El hito de la firma, llevado a cabo dentro del Parque Nacional Cerro Castillo, cont\u00f3 con la participaci\u00f3n del director ejecutivo del SLEP Ays\u00e9n Sebasti\u00e1n Gonz\u00e1lez, la directora de Vinculaci\u00f3n Comunitaria de Rewilding Chile Carolina Cerda, el director del Liceo Bicentenario Cerro Castillo Franco N\u00fa\u00f1ez, el alcalde de R\u00edo Ib\u00e1\u00f1ez Marcelo J\u00e9lvez y representantes de Conaf.<\/p>\n<p style=\"text-align: justify;\">Como entidad encargada de administrar y fortalecer la educaci\u00f3n p\u00fablica en la regi\u00f3n, el rol de SLEP es asegurar una educaci\u00f3n de calidad, equitativa e inclusiva, considerando las necesidades de cada comunidad educativa y las caracter\u00edsticas de cada territorio.<\/p>\n<p style=\"text-align: justify;\">En este sentido, el director ejecutivo de SLEP Ays\u00e9n, Sebasti\u00e1n Gonz\u00e1lez, indic\u00f3: \u201cUno de los sellos del servicio local es la educaci\u00f3n en la naturaleza. Queremos darles a nuestros\/as estudiantes m\u00e1s experiencias de aprendizaje en el entorno natural. El convenio que firmamos hoy con Rewilding Chile nos permite fortalecer justamente ese sello, ya que la Nueva Educaci\u00f3n P\u00fablica de Ays\u00e9n debe garantizar el desarrollo de los\/as estudiantes con pertinencia local y, estamos trabajando desde el a\u00f1o pasado, para proyectar estrategias que nos permitan avanzar hacia la educaci\u00f3n que Ays\u00e9n se merece\u201d.<\/p>\n<p style=\"text-align: justify;\">\u201cEs muy importante poder contar con estos convenios que favorecen la protecci\u00f3n de la flora y fauna de nuestro Parque Nacional Cerro Castillo, donde los alumnos del liceo rural de Villa Cerro Castillo se hicieron part\u00edcipes como sus Defensores. El aporte de Rewilding Chile junto al SLEP es significativo porque, con el apoyo de nuestro municipio, est\u00e1 generando conciencia en las futuras generaciones por la protecci\u00f3n de este extenso territorio\u201d, a\u00f1adi\u00f3 el alcalde de R\u00edo Ib\u00e1\u00f1ez, Marcelo J\u00e9lvez.<\/p>\n<p style=\"text-align: justify;\">En la misma instancia, los estudiantes del Liceo Bicentenario de Cerro Castillo, inscritos en el programa Defensores, hicieron un juramento de compromiso con la naturaleza, prometiendo ser sus exploradores y defensores, y luego, partieron con mucho entusiasmo a su segunda salida a terreno en el sector de Las Horquetas. Las actividades de Defensores son facilitadas en Cerro Castillo por Deriva Natural, e incluyen jornadas educativas en terreno para la comunidad escolar del Liceo Bicentenario Cerro Castillo y de la Escuela Aonikenk, adem\u00e1s de sesiones en aula.<\/p>\n<p style=\"text-align: justify;\">\u201cEstamos entusiasmados de que nuestros ni\u00f1os y j\u00f3venes sean actores principales de este convenio, que busca formar personas con conciencia ambiental. Nuestro proyecto educativo se centra en <em>aprender haciendo en la naturaleza<\/em>, permitiendo que nuestros estudiantes se conecten profundamente con su entorno. Gracias a esta alianza, podemos llegar a m\u00e1s j\u00f3venes de la Patagonia, con la expectativa de que sean generadores de un cambio real, en sinton\u00eda con los ecosistemas\u201d, manifest\u00f3 el director del Liceo Bicentenario de Cerro Castillo, Franco N\u00fa\u00f1ez.<\/p>\n<p style=\"text-align: justify;\">\u201cComo Fundaci\u00f3n Rewilding Chile estamos muy contentos de haber celebrado la firma de este convenio con SLEP Ays\u00e9n, ya que marca un importante paso en la colaboraci\u00f3n p\u00fablico-privada para la educaci\u00f3n basada en la naturaleza y la conservaci\u00f3n del patrimonio natural de la regi\u00f3n, permiti\u00e9ndonos, gracias al esfuerzo conjunto, llegar a m\u00e1s escuelas y liceos tanto de Villa Cerro Castillo como de Puerto Ib\u00e1\u00f1ez y Chile Chico\u201d, concluye Carolina Cerda, Directora de Vinculaci\u00f3n Comunitaria de Fundaci\u00f3n Rewilding Chile.<\/p>\n<\/div><\/section><\/div><div  style='height:50px' class='hr hr-invisible   avia-builder-el-6  el_after_av_one_full  el_before_av_social_share '><span class='hr-inner ' ><span class='hr-inner-style'><\/span><\/span><\/div><\/p>\n<div  class='av-social-sharing-box  avia-builder-el-7  el_after_av_hr  el_before_av_hr  '><div class='av-share-box'><h5 class='av-share-link-description av-no-toc '>Compartir esta noticia<\/h5><ul class='av-share-box-list noLightbox'><li class='av-share-link av-social-link-facebook' ><a target=\"_blank\" aria-label=\"Compartir en Facebook\" href='https:\/\/www.facebook.com\/sharer.php?u=https:\/\/radiorevelacionfm.cl\/?p=54523&#038;t=Rewilding%20Chile%20y%20SLEP%20Ays%C3%A9n%20sellan%20alianza%20para%20fortalecer%20la%20educaci%C3%B3n%20ambiental' aria-hidden='false' data-av_icon='\ue8f3' data-av_iconfont='entypo-fontello' title='' data-avia-related-tooltip='Compartir en Facebook' rel=\"noopener\"><span class='avia_hidden_link_text'>Compartir en Facebook<\/span><\/a><\/li><li class='av-share-link av-social-link-twitter' ><a target=\"_blank\" aria-label=\"Compartir en Twitter\" href='https:\/\/twitter.com\/share?text=Rewilding%20Chile%20y%20SLEP%20Ays%C3%A9n%20sellan%20alianza%20para%20fortalecer%20la%20educaci%C3%B3n%20ambiental&#038;url=https:\/\/radiorevelacionfm.cl\/?p=54523' aria-hidden='false' data-av_icon='\ue8f1' data-av_iconfont='entypo-fontello' title='' data-avia-related-tooltip='Compartir en Twitter' rel=\"noopener\"><span class='avia_hidden_link_text'>Compartir en Twitter<\/span><\/a><\/li><li class='av-share-link av-social-link-whatsapp' ><a target=\"_blank\" aria-label=\"Compartir en Whatsapp\" href='https:\/\/api.whatsapp.com\/send?text=https:\/\/radiorevelacionfm.cl\/?p=54523' aria-hidden='false' data-av_icon='\uf232' data-av_iconfont='entypo-fontello' title='' data-avia-related-tooltip='Compartir en Whatsapp' rel=\"noopener\"><span class='avia_hidden_link_text'>Compartir en Whatsapp<\/span><\/a><\/li><li class='av-share-link av-social-link-linkedin' ><a target=\"_blank\" aria-label=\"Compartir en LinkedIn\" href='https:\/\/linkedin.com\/shareArticle?mini=true&#038;title=Rewilding%20Chile%20y%20SLEP%20Ays%C3%A9n%20sellan%20alianza%20para%20fortalecer%20la%20educaci%C3%B3n%20ambiental&#038;url=https:\/\/radiorevelacionfm.cl\/?p=54523' aria-hidden='false' data-av_icon='\ue8fc' data-av_iconfont='entypo-fontello' title='' data-avia-related-tooltip='Compartir en LinkedIn' rel=\"noopener\"><span class='avia_hidden_link_text'>Compartir en LinkedIn<\/span><\/a><\/li><li class='av-share-link av-social-link-mail' ><a  aria-label=\"Compartir por correo\" href='mailto:?subject=Rewilding%20Chile%20y%20SLEP%20Ays%C3%A9n%20sellan%20alianza%20para%20fortalecer%20la%20educaci%C3%B3n%20ambiental&#038;body=https:\/\/radiorevelacionfm.cl\/?p=54523' aria-hidden='false' data-av_icon='\ue805' data-av_iconfont='entypo-fontello' title='' data-avia-related-tooltip='Compartir por correo'><span class='avia_hidden_link_text'>Compartir por correo<\/span><\/a><\/li><\/ul><\/div><\/div>\n<div  style='height:50px' class='hr hr-invisible   avia-builder-el-8  el_after_av_social_share  el_before_av_comments_list '><span class='hr-inner ' ><span class='hr-inner-style'><\/span><\/span><\/div>\n<div  class='av-buildercomment  av-blog-meta-html-info-disabled av-blog-meta-tag-disabled  '><\/div>\n","protected":false},"excerpt":{"rendered":"","protected":false},"author":1,"featured_media":54524,"comment_status":"closed","ping_status":"closed","sticky":false,"template":"","format":"standard","meta":{"footnotes":""},"categories":[49],"tags":[],"class_list":["post-54523","post","type-post","status-publish","format-standard","has-post-thumbnail","hentry","category-educacion"],"jetpack_featured_media_url":"https:\/\/radiorevelacionfm.cl\/wp-content\/uploads\/2025\/05\/foto-1-82-1_optimized.jpg","_links":{"self":[{"href":"https:\/\/radiorevelacionfm.cl\/index.php?rest_route=\/wp\/v2\/posts\/54523","targetHints":{"allow":["GET"]}}],"collection":[{"href":"https:\/\/radiorevelacionfm.cl\/index.php?rest_route=\/wp\/v2\/posts"}],"about":[{"href":"https:\/\/radiorevelacionfm.cl\/index.php?rest_route=\/wp\/v2\/types\/post"}],"author":[{"embeddable":true,"href":"https:\/\/radiorevelacionfm.cl\/index.php?rest_route=\/wp\/v2\/users\/1"}],"replies":[{"embeddable":true,"href":"https:\/\/radiorevelacionfm.cl\/index.php?rest_route=%2Fwp%2Fv2%2Fcomments&post=54523"}],"version-history":[{"count":2,"href":"https:\/\/radiorevelacionfm.cl\/index.php?rest_route=\/wp\/v2\/posts\/54523\/revisions"}],"predecessor-version":[{"id":54526,"href":"https:\/\/radiorevelacionfm.cl\/index.php?rest_route=\/wp\/v2\/posts\/54523\/revisions\/54526"}],"wp:featuredmedia":[{"embeddable":true,"href":"https:\/\/radiorevelacionfm.cl\/index.php?rest_route=\/wp\/v2\/media\/54524"}],"wp:attachment":[{"href":"https:\/\/radiorevelacionfm.cl\/index.php?rest_route=%2Fwp%2Fv2%2Fmedia&parent=54523"}],"wp:term":[{"taxonomy":"category","embeddable":true,"href":"https:\/\/radiorevelacionfm.cl\/index.php?rest_route=%2Fwp%2Fv2%2Fcategories&post=54523"},{"taxonomy":"post_tag","embeddable":true,"href":"https:\/\/radiorevelacionfm.cl\/index.php?rest_route=%2Fwp%2Fv2%2Ftags&post=54523"}],"curies":[{"name":"wp","href":"https:\/\/api.w.org\/{rel}","templated":true}]}}