{"id":54515,"date":"2025-05-28T16:43:44","date_gmt":"2025-05-28T19:43:44","guid":{"rendered":"https:\/\/radiorevelacionfm.cl\/?p=54515"},"modified":"2025-05-28T16:43:44","modified_gmt":"2025-05-28T19:43:44","slug":"liceos-tecnico-profesionales-de-coyhaique-renuevan-convenio-para-apoyar-a-estudiantes-de-especialidades-del-sector-construccion","status":"publish","type":"post","link":"https:\/\/radiorevelacionfm.cl\/?p=54515","title":{"rendered":"Liceos T\u00e9cnico Profesionales de Coyhaique renuevan convenio para apoyar a estudiantes de especialidades del sector construcci\u00f3n"},"content":{"rendered":"<div class=\"flex_column av_one_full  flex_column_div av-zero-column-padding first  avia-builder-el-0  el_before_av_one_full  avia-builder-el-first  \" style='border-radius:0px; '><div  class='avia-image-container  av-styling-    avia-builder-el-1  avia-builder-el-no-sibling  avia-align-center '  itemprop=\"image\" itemscope=\"itemscope\" itemtype=\"https:\/\/schema.org\/ImageObject\"  ><div class='avia-image-container-inner'><div class='avia-image-overlay-wrap'><img decoding=\"async\" class='wp-image-54516 avia-img-lazy-loading-not-54516 avia_image' src=\"https:\/\/radiorevelacionfm.cl\/wp-content\/uploads\/2025\/05\/1-2025-05-28t164124_optimized.079-1.jpg\" alt='' title='1 - -2025-05-28t164124_optimized.079-(1)' height=\"600\" width=\"1299\"  itemprop=\"thumbnailUrl\" srcset=\"https:\/\/radiorevelacionfm.cl\/wp-content\/uploads\/2025\/05\/1-2025-05-28t164124_optimized.079-1.jpg 1299w, https:\/\/radiorevelacionfm.cl\/wp-content\/uploads\/2025\/05\/1-2025-05-28t164124_optimized.079-1-300x139.jpg 300w, https:\/\/radiorevelacionfm.cl\/wp-content\/uploads\/2025\/05\/1-2025-05-28t164124_optimized.079-1-1030x476.jpg 1030w, https:\/\/radiorevelacionfm.cl\/wp-content\/uploads\/2025\/05\/1-2025-05-28t164124_optimized.079-1-768x355.jpg 768w, https:\/\/radiorevelacionfm.cl\/wp-content\/uploads\/2025\/05\/1-2025-05-28t164124_optimized.079-1-705x326.jpg 705w, https:\/\/radiorevelacionfm.cl\/wp-content\/uploads\/2025\/05\/1-2025-05-28t164124_optimized.079-1-450x208.jpg 450w, https:\/\/radiorevelacionfm.cl\/wp-content\/uploads\/2025\/05\/1-2025-05-28t164124_optimized.079-1-600x277.jpg 600w\" sizes=\"(max-width: 1299px) 100vw, 1299px\" \/><\/div><\/div><\/div><\/div><div class=\"flex_column av_one_full  flex_column_div av-zero-column-padding first  avia-builder-el-2  el_after_av_one_full  el_before_av_one_full  column-top-margin\" style='border-radius:0px; '><section class=\"av_textblock_section \"  itemscope=\"itemscope\" itemtype=\"https:\/\/schema.org\/BlogPosting\" itemprop=\"blogPost\" ><div class='avia_textblock  '   itemprop=\"text\" ><p style=\"text-align: center;\"><span style=\"font-size: 18pt;\"><strong>Liceos T\u00e9cnico Profesionales de Coyhaique renuevan convenio para apoyar a estudiantes de especialidades del sector construcci\u00f3n<\/strong><\/span><\/p>\n<div id=\"gtx-trans\" style=\"position: absolute; left: -50px; top: 4.31534px;\">\n<div class=\"gtx-trans-icon\"><\/div>\n<\/div>\n<\/div><\/section><\/div><div class=\"flex_column av_one_full  flex_column_div av-zero-column-padding first  avia-builder-el-4  el_after_av_one_full  el_before_av_hr  column-top-margin\" style='border-radius:0px; '><section class=\"av_textblock_section \"  itemscope=\"itemscope\" itemtype=\"https:\/\/schema.org\/BlogPosting\" itemprop=\"blogPost\" ><div class='avia_textblock  '   itemprop=\"text\" ><p style=\"text-align: justify;\"><em>El programa se llama \u201cConstruyo mi Futuro\u201d, es de la C\u00e1mara Chilena de la Construcci\u00f3n y lo ejecuta ONG Canales, llegando a m\u00e1s de 200 j\u00f3venes de la capital regional y Chile Chico. <\/em><\/p>\n<p style=\"text-align: justify;\">Los Liceos Juan Pablo II y Bicentenario Agr\u00edcola e Industrial de la Patagonia, renovaron el convenio con la C\u00e1mara Chilena de la Construcci\u00f3n sede Coyhaique, que les permite continuar ejecutando en sus establecimientos el programa \u201cConstruyo mi Futuro\u201d, dise\u00f1ado para apoyar a los estudiantes de especialidades del sector construcci\u00f3n.<\/p>\n<p style=\"text-align: justify;\">Para marcar este hito, los directores de ambos establecimientos, junto a representantes de la C\u00e1mara Chilena de la Construcci\u00f3n, ONG Canales y de las empresas que reciben a los j\u00f3venes durante sus pr\u00e1cticas, se reunieron para trabajar en la continuidad de esta iniciativa, revisar sus avances y proyectar el trabajo conjunto.<\/p>\n<p style=\"text-align: justify;\">Pablo Carrasco, presidente de la CChC Coyhaique al dar la bienvenida al evento, valor\u00f3 la sinergia que se produce a trav\u00e9s de \u201cConstruyo mi Futuro\u201d, entre la empresa privada, los establecimientos educacionales y sus alumnos; y ONG Canales que lo ejecuta, indicando que \u201cLa colaboraci\u00f3n es un c\u00edrculo virtuoso, que produce que lleguemos m\u00e1s lejos cuando trabajamos en conjunto\u201d, agregando que la mayor satisfacci\u00f3n de este tipo de programas, es una ver el talento \u201cQue tratamos de formar y apoyar. Lo que nos motiva como empresas de socias de la C\u00e1mara, es trabajar y seguir avanzando en el desarrollo de la gente de la regi\u00f3n\u201d, explic\u00f3 Carrasco.<\/p>\n<p style=\"text-align: justify;\">Ejecutar el programa \u201cConstruyo mi Futuro\u201d es un trabajo colaborativo, de los liceos, de la CChC junto a ONG Canales y de las empresas del rubro de la construcci\u00f3n, que apoyan y les proporcionan pr\u00e1cticas a los alumnos, para lleguen mejor preparados a sus futuros puestos laborales.<\/p>\n<p style=\"text-align: justify;\">Es precisamente los que se les ense\u00f1a a los j\u00f3venes durante sus pr\u00e1cticas, lo que se reconoci\u00f3 en la ceremonia realizada, a trav\u00e9s de los denominados \u201cMaestros Gu\u00edas\u201d, quienes asesoran y acompa\u00f1an a los alumnos en su primer encuentro con el mundo laboral. En este contexto se destac\u00f3 a: Jos\u00e9 Jara de la constructora hom\u00f3nima; V\u00edctor Mill\u00e1n de la empresa Veta dise\u00f1o SPA; V\u00edctor Rauque y Marcos Vidal de empresa Flesan; Hip\u00f3lito Aqueveque de GeoAys\u00e9n; Francisco Puchi de Energy Green; y Yasna Vera de Edelaysen.<\/p>\n<p style=\"text-align: justify;\">Tras la firma de los convenios, los directores de ambos establecimientos: Adolfo Pavez del liceo Juan Pablo II y Fabi\u00e1n Saavedra del liceo Bicentenario Agr\u00edcola e Industrial de la Patagonia, detallaron c\u00f3mo ha impactado \u201cConstruyo mi Futuro\u201d entre sus estudiantes y c\u00f3mo este v\u00ednculo permite ampliar la mirada de futuro que tienen los alumnos.<\/p>\n<p style=\"text-align: justify;\">\u201cPara nosotros como instituci\u00f3n es muy importante estar conectados con la realidad, no solamente laboral, sino que tambi\u00e9n, con las empresas en funci\u00f3n de las necesidades que existen hoy d\u00eda. Programas como el construyo mi futuro, nos hacen visualizar c\u00f3mo est\u00e1n las necesidades de estas mismas empresas y c\u00f3mo nosotros podemos seguir mejorando y avanzando para que nuestros estudiantes, no solo est\u00e9n mejor calificados, sino que tambi\u00e9n, ver las competencias desde lo humano hasta lo t\u00e9cnico, para que se puedan incorporar al mundo del trabajo\u201d, detall\u00f3 Adolfo Pavez, director del liceo Juan Pablo II.<\/p>\n<p style=\"text-align: justify;\">En tanto, Fabi\u00e1n Saavedra agreg\u00f3 \u201cHemos realizado un muy buen trabajo conjunto con varias de las empresas que son filiales de la C\u00e1mara de la Construcci\u00f3n, porque abren espacios para practicantes nuestros, adem\u00e1s hemos podido trabajar en certificaciones para nuestros estudiantes de electricidad, as\u00ed es que no nosotros sumamente agradecidos y contentos de formar parte de esta red\u201d.<\/p>\n<p style=\"text-align: justify;\">A los dos establecimientos educacionales de Coyhaique, se sumar\u00e1 la firma de convenio con el liceo Luisa Rabanal Palma de Chile Chico, actividad que se realizar\u00e1 prontamente en esa ciudad.<\/p>\n<p style=\"text-align: justify;\">Cabe agregar que el programa \u201cConstruyo mi Futuro\u201d se ejecuta desde el a\u00f1o 2020 en la regi\u00f3n de Ays\u00e9n, trabajando desde un comienzo con estos mismos liceos. Actualmente, son m\u00e1s de 200 los j\u00f3venes beneficiados.<\/p>\n<\/div><\/section><\/div><div  style='height:50px' class='hr hr-invisible   avia-builder-el-6  el_after_av_one_full  el_before_av_social_share '><span class='hr-inner ' ><span class='hr-inner-style'><\/span><\/span><\/div><\/p>\n<div  class='av-social-sharing-box  avia-builder-el-7  el_after_av_hr  el_before_av_hr  '><div class='av-share-box'><h5 class='av-share-link-description av-no-toc '>Compartir esta noticia<\/h5><ul class='av-share-box-list noLightbox'><li class='av-share-link av-social-link-facebook' ><a target=\"_blank\" aria-label=\"Compartir en Facebook\" href='https:\/\/www.facebook.com\/sharer.php?u=https:\/\/radiorevelacionfm.cl\/?p=54515&#038;t=Liceos%20T%C3%A9cnico%20Profesionales%20de%20Coyhaique%20renuevan%20convenio%20para%20apoyar%20a%20estudiantes%20de%20especialidades%20del%20sector%20construcci%C3%B3n' aria-hidden='false' data-av_icon='\ue8f3' data-av_iconfont='entypo-fontello' title='' data-avia-related-tooltip='Compartir en Facebook' rel=\"noopener\"><span class='avia_hidden_link_text'>Compartir en Facebook<\/span><\/a><\/li><li class='av-share-link av-social-link-twitter' ><a target=\"_blank\" aria-label=\"Compartir en Twitter\" href='https:\/\/twitter.com\/share?text=Liceos%20T%C3%A9cnico%20Profesionales%20de%20Coyhaique%20renuevan%20convenio%20para%20apoyar%20a%20estudiantes%20de%20especialidades%20del%20sector%20construcci%C3%B3n&#038;url=https:\/\/radiorevelacionfm.cl\/?p=54515' aria-hidden='false' data-av_icon='\ue8f1' data-av_iconfont='entypo-fontello' title='' data-avia-related-tooltip='Compartir en Twitter' rel=\"noopener\"><span class='avia_hidden_link_text'>Compartir en Twitter<\/span><\/a><\/li><li class='av-share-link av-social-link-whatsapp' ><a target=\"_blank\" aria-label=\"Compartir en Whatsapp\" href='https:\/\/api.whatsapp.com\/send?text=https:\/\/radiorevelacionfm.cl\/?p=54515' aria-hidden='false' data-av_icon='\uf232' data-av_iconfont='entypo-fontello' title='' data-avia-related-tooltip='Compartir en Whatsapp' rel=\"noopener\"><span class='avia_hidden_link_text'>Compartir en Whatsapp<\/span><\/a><\/li><li class='av-share-link av-social-link-linkedin' ><a target=\"_blank\" aria-label=\"Compartir en LinkedIn\" href='https:\/\/linkedin.com\/shareArticle?mini=true&#038;title=Liceos%20T%C3%A9cnico%20Profesionales%20de%20Coyhaique%20renuevan%20convenio%20para%20apoyar%20a%20estudiantes%20de%20especialidades%20del%20sector%20construcci%C3%B3n&#038;url=https:\/\/radiorevelacionfm.cl\/?p=54515' aria-hidden='false' data-av_icon='\ue8fc' data-av_iconfont='entypo-fontello' title='' data-avia-related-tooltip='Compartir en LinkedIn' rel=\"noopener\"><span class='avia_hidden_link_text'>Compartir en LinkedIn<\/span><\/a><\/li><li class='av-share-link av-social-link-mail' ><a  aria-label=\"Compartir por correo\" href='mailto:?subject=Liceos%20T%C3%A9cnico%20Profesionales%20de%20Coyhaique%20renuevan%20convenio%20para%20apoyar%20a%20estudiantes%20de%20especialidades%20del%20sector%20construcci%C3%B3n&#038;body=https:\/\/radiorevelacionfm.cl\/?p=54515' aria-hidden='false' data-av_icon='\ue805' data-av_iconfont='entypo-fontello' title='' data-avia-related-tooltip='Compartir por correo'><span class='avia_hidden_link_text'>Compartir por correo<\/span><\/a><\/li><\/ul><\/div><\/div>\n<div  style='height:50px' class='hr hr-invisible   avia-builder-el-8  el_after_av_social_share  el_before_av_comments_list '><span class='hr-inner ' ><span class='hr-inner-style'><\/span><\/span><\/div>\n<div  class='av-buildercomment  av-blog-meta-html-info-disabled av-blog-meta-tag-disabled  '><\/div>\n","protected":false},"excerpt":{"rendered":"","protected":false},"author":1,"featured_media":54516,"comment_status":"closed","ping_status":"closed","sticky":false,"template":"","format":"standard","meta":{"footnotes":""},"categories":[38],"tags":[],"class_list":["post-54515","post","type-post","status-publish","format-standard","has-post-thumbnail","hentry","category-regional"],"jetpack_featured_media_url":"https:\/\/radiorevelacionfm.cl\/wp-content\/uploads\/2025\/05\/1-2025-05-28t164124_optimized.079-1.jpg","_links":{"self":[{"href":"https:\/\/radiorevelacionfm.cl\/index.php?rest_route=\/wp\/v2\/posts\/54515","targetHints":{"allow":["GET"]}}],"collection":[{"href":"https:\/\/radiorevelacionfm.cl\/index.php?rest_route=\/wp\/v2\/posts"}],"about":[{"href":"https:\/\/radiorevelacionfm.cl\/index.php?rest_route=\/wp\/v2\/types\/post"}],"author":[{"embeddable":true,"href":"https:\/\/radiorevelacionfm.cl\/index.php?rest_route=\/wp\/v2\/users\/1"}],"replies":[{"embeddable":true,"href":"https:\/\/radiorevelacionfm.cl\/index.php?rest_route=%2Fwp%2Fv2%2Fcomments&post=54515"}],"version-history":[{"count":2,"href":"https:\/\/radiorevelacionfm.cl\/index.php?rest_route=\/wp\/v2\/posts\/54515\/revisions"}],"predecessor-version":[{"id":54518,"href":"https:\/\/radiorevelacionfm.cl\/index.php?rest_route=\/wp\/v2\/posts\/54515\/revisions\/54518"}],"wp:featuredmedia":[{"embeddable":true,"href":"https:\/\/radiorevelacionfm.cl\/index.php?rest_route=\/wp\/v2\/media\/54516"}],"wp:attachment":[{"href":"https:\/\/radiorevelacionfm.cl\/index.php?rest_route=%2Fwp%2Fv2%2Fmedia&parent=54515"}],"wp:term":[{"taxonomy":"category","embeddable":true,"href":"https:\/\/radiorevelacionfm.cl\/index.php?rest_route=%2Fwp%2Fv2%2Fcategories&post=54515"},{"taxonomy":"post_tag","embeddable":true,"href":"https:\/\/radiorevelacionfm.cl\/index.php?rest_route=%2Fwp%2Fv2%2Ftags&post=54515"}],"curies":[{"name":"wp","href":"https:\/\/api.w.org\/{rel}","templated":true}]}}