{"id":54510,"date":"2025-05-28T16:34:32","date_gmt":"2025-05-28T19:34:32","guid":{"rendered":"https:\/\/radiorevelacionfm.cl\/?p=54510"},"modified":"2025-05-28T16:34:32","modified_gmt":"2025-05-28T19:34:32","slug":"fiscalia-realizo-capacitacion-a-funcionarios-de-la-armada-y-carabineros-en-islas-huichas-en-el-marco-de-la-academia-procesal-penal","status":"publish","type":"post","link":"https:\/\/radiorevelacionfm.cl\/?p=54510","title":{"rendered":"Fiscal\u00eda realiz\u00f3 capacitaci\u00f3n a funcionarios de la Armada y Carabineros en Islas Huichas en el marco de la Academia Procesal Penal"},"content":{"rendered":"<div class=\"flex_column av_one_full  flex_column_div av-zero-column-padding first  avia-builder-el-0  el_before_av_one_full  avia-builder-el-first  \" style='border-radius:0px; '><div  class='avia-image-container  av-styling-    avia-builder-el-1  avia-builder-el-no-sibling  avia-align-center '  itemprop=\"image\" itemscope=\"itemscope\" itemtype=\"https:\/\/schema.org\/ImageObject\"  ><div class='avia-image-container-inner'><div class='avia-image-overlay-wrap'><img decoding=\"async\" class='wp-image-54512 avia-img-lazy-loading-not-54512 avia_image' src=\"https:\/\/radiorevelacionfm.cl\/wp-content\/uploads\/2025\/05\/2-2025-05-28t163218_optimized.699-1.jpg\" alt='' title='2---2025-05-28t163218_optimized.699-(1)' height=\"600\" width=\"900\"  itemprop=\"thumbnailUrl\" srcset=\"https:\/\/radiorevelacionfm.cl\/wp-content\/uploads\/2025\/05\/2-2025-05-28t163218_optimized.699-1.jpg 900w, https:\/\/radiorevelacionfm.cl\/wp-content\/uploads\/2025\/05\/2-2025-05-28t163218_optimized.699-1-300x200.jpg 300w, https:\/\/radiorevelacionfm.cl\/wp-content\/uploads\/2025\/05\/2-2025-05-28t163218_optimized.699-1-768x512.jpg 768w, https:\/\/radiorevelacionfm.cl\/wp-content\/uploads\/2025\/05\/2-2025-05-28t163218_optimized.699-1-705x470.jpg 705w, https:\/\/radiorevelacionfm.cl\/wp-content\/uploads\/2025\/05\/2-2025-05-28t163218_optimized.699-1-450x300.jpg 450w, https:\/\/radiorevelacionfm.cl\/wp-content\/uploads\/2025\/05\/2-2025-05-28t163218_optimized.699-1-600x400.jpg 600w\" sizes=\"(max-width: 900px) 100vw, 900px\" \/><\/div><\/div><\/div><\/div><div class=\"flex_column av_one_full  flex_column_div av-zero-column-padding first  avia-builder-el-2  el_after_av_one_full  el_before_av_one_full  column-top-margin\" style='border-radius:0px; '><section class=\"av_textblock_section \"  itemscope=\"itemscope\" itemtype=\"https:\/\/schema.org\/BlogPosting\" itemprop=\"blogPost\" ><div class='avia_textblock  '   itemprop=\"text\" ><p style=\"text-align: center;\"><span style=\"font-size: 18pt;\"><b>Fiscal\u00eda realiz\u00f3 capacitaci\u00f3n a funcionarios de la Armada y Carabineros en Islas Huichas en el marco de la Academia Procesal Penal<\/b><\/span><\/p>\n<div id=\"gtx-trans\" style=\"position: absolute; left: -50px; top: 4.31534px;\">\n<div class=\"gtx-trans-icon\"><\/div>\n<\/div>\n<\/div><\/section><\/div><div class=\"flex_column av_one_full  flex_column_div av-zero-column-padding first  avia-builder-el-4  el_after_av_one_full  el_before_av_hr  column-top-margin\" style='border-radius:0px; '><section class=\"av_textblock_section \"  itemscope=\"itemscope\" itemtype=\"https:\/\/schema.org\/BlogPosting\" itemprop=\"blogPost\" ><div class='avia_textblock  '   itemprop=\"text\" ><p style=\"text-align: justify;\"><em>Se abordaron, principalmente, las primeras diligencias investigativas en caso de delitos.<\/em><\/p>\n<p style=\"font-weight: 400; text-align: justify;\">\u201cPudimos abarcar varios t\u00f3picos de primeras diligencias y adem\u00e1s exponer ejemplos de distintos casos que nos han tocado tramitar para efectos de clarificar dudas\u201d, coment\u00f3 el Fiscal Regional (s), Jos\u00e9 Moris.<\/p>\n<p style=\"font-weight: 400; text-align: justify;\">Un equipo de la Fiscal\u00eda Regional de Ays\u00e9n se traslad\u00f3 hasta Puerto Aguirre, en el sector de Islas Huichas, litoral de la comuna de Ays\u00e9n, con el objetivo de realizar una capacitaci\u00f3n dirigida a personal de la Armada y Carabineros de la localidad, enfocada principalmente en la realizaci\u00f3n de primeras diligencias investigativas. Esta actividad se enmarca en el proyecto denominado \u201cAcademia Procesal Penal\u201d, impulsado por la Fiscal\u00eda Regional.<\/p>\n<p style=\"font-weight: 400; text-align: justify;\">Hasta el lugar, previa coordinaci\u00f3n con la Gobernaci\u00f3n Mar\u00edtima de Ays\u00e9n, se desplaz\u00f3 el Fiscal Regional (s), Jos\u00e9 Moris, y el Fiscal Jefe de Ays\u00e9n-Cisnes, Pedro Poblete, quienes encabezaron la jornada de formaci\u00f3n junto al personal de la Capitan\u00eda de Puerto de Puerto Aguirre y del Ret\u00e9n de Carabineros de la localidad.<\/p>\n<p style=\"font-weight: 400; text-align: justify;\">Las Islas Huichas se componen por tres poblados: Puerto Aguirre, Caleta Andrade y Estero Copa, los cuales se encuentran ubicados en el canal Ferronave, contiguo al canal de Moraleda.<\/p>\n<p style=\"font-weight: 400; text-align: justify;\">AN\u00c1LISIS<\/p>\n<p style=\"font-weight: 400; text-align: justify;\">Sobre la capacitaci\u00f3n, el Fiscal Regional (s), Jos\u00e9 Moris, se\u00f1al\u00f3: \u201cComo Fiscal\u00eda Regional de Ays\u00e9n hemos hecho un esfuerzo para poder llevar capacitaciones hasta los destacamentos m\u00e1s lejanos, abarcando no solamente a Carabineros de Chile, sino que tambi\u00e9n a la Armada en todo lo que dice relaci\u00f3n con primeras diligencias\u201d.<\/p>\n<p style=\"font-weight: 400; text-align: justify;\">El persecutor penal agreg\u00f3 que \u201cen ese sentido, el personal de la Capitan\u00eda de Puerto de Puerto Aguirre y del Ret\u00e9n de Carabineros del mismo lugar, se sum\u00f3 a esta capacitaci\u00f3n en que pudimos abarcar varios t\u00f3picos de primeras diligencias y adem\u00e1s exponer ejemplos de distintos casos que nos han tocado tramitar para efectos de clarificar dudas\u201d.<\/p>\n<p style=\"font-weight: 400; text-align: justify;\">El fiscal Moris coment\u00f3 que esta capacitaci\u00f3n se efectu\u00f3 \u201cdentro de lo que es la Academia Procesal Penal, que es un plan de la Fiscal\u00eda Regional para efectos de mantener capacitaciones constantes a las instituciones colaboradoras, en este caso Carabineros, PDI, Armada y Gendarmer\u00eda\u201d.<\/p>\n<p style=\"font-weight: 400; text-align: justify;\">DI\u00c1LOGO<\/p>\n<p style=\"font-weight: 400; text-align: justify;\">Por su parte, el Fiscal Jefe de Ays\u00e9n-Cisnes, Pedro Poblete, evalu\u00f3 positivamente esta actividad. \u201cSe pudo verificar una buena jornada de capacitaci\u00f3n con el personal, adem\u00e1s de visitar la Posta Local de la localidad de Caleta Andrade, generando entonces conversaciones y enlaces con los funcionarios que nos cooperan habitualmente en la localidad de Islas Huichas, con los problemas propios del trabajo en la Fiscal\u00eda\u201d.<\/p>\n<p style=\"font-weight: 400; text-align: justify;\">El Fiscal Pedro Poblete agreg\u00f3 que capacitar y tomar contacto \u201ccon los funcionarios que realizan las labores policiales en el litoral, siempre va a ser una labor positiva para la Fiscal\u00eda, poder capacitarles, dar respuesta a las dudas que se generan respecto de las mejores formas para poder hacer o realizar los procedimientos policiales en los que se encuentran llamados\u201d.<\/p>\n<p style=\"font-weight: 400; text-align: justify;\">La Fiscal\u00eda Regional de Ays\u00e9n continuar\u00e1 desarrollando estas instancias de formaci\u00f3n en terreno, fortaleciendo el trabajo conjunto con las instituciones del sistema de justicia penal, especialmente en sectores apartados del territorio regional.<\/p>\n<\/div><\/section><\/div><div  style='height:50px' class='hr hr-invisible   avia-builder-el-6  el_after_av_one_full  el_before_av_social_share '><span class='hr-inner ' ><span class='hr-inner-style'><\/span><\/span><\/div><\/p>\n<div  class='av-social-sharing-box  avia-builder-el-7  el_after_av_hr  el_before_av_hr  '><div class='av-share-box'><h5 class='av-share-link-description av-no-toc '>Compartir esta noticia<\/h5><ul class='av-share-box-list noLightbox'><li class='av-share-link av-social-link-facebook' ><a target=\"_blank\" aria-label=\"Compartir en Facebook\" href='https:\/\/www.facebook.com\/sharer.php?u=https:\/\/radiorevelacionfm.cl\/?p=54510&#038;t=Fiscal%C3%ADa%20realiz%C3%B3%20capacitaci%C3%B3n%20a%20funcionarios%20de%20la%20Armada%20y%20Carabineros%20en%20Islas%20Huichas%20en%20el%20marco%20de%20la%20Academia%20Procesal%20Penal' aria-hidden='false' data-av_icon='\ue8f3' data-av_iconfont='entypo-fontello' title='' data-avia-related-tooltip='Compartir en Facebook' rel=\"noopener\"><span class='avia_hidden_link_text'>Compartir en Facebook<\/span><\/a><\/li><li class='av-share-link av-social-link-twitter' ><a target=\"_blank\" aria-label=\"Compartir en Twitter\" href='https:\/\/twitter.com\/share?text=Fiscal%C3%ADa%20realiz%C3%B3%20capacitaci%C3%B3n%20a%20funcionarios%20de%20la%20Armada%20y%20Carabineros%20en%20Islas%20Huichas%20en%20el%20marco%20de%20la%20Academia%20Procesal%20Penal&#038;url=https:\/\/radiorevelacionfm.cl\/?p=54510' aria-hidden='false' data-av_icon='\ue8f1' data-av_iconfont='entypo-fontello' title='' data-avia-related-tooltip='Compartir en Twitter' rel=\"noopener\"><span class='avia_hidden_link_text'>Compartir en Twitter<\/span><\/a><\/li><li class='av-share-link av-social-link-whatsapp' ><a target=\"_blank\" aria-label=\"Compartir en Whatsapp\" href='https:\/\/api.whatsapp.com\/send?text=https:\/\/radiorevelacionfm.cl\/?p=54510' aria-hidden='false' data-av_icon='\uf232' data-av_iconfont='entypo-fontello' title='' data-avia-related-tooltip='Compartir en Whatsapp' rel=\"noopener\"><span class='avia_hidden_link_text'>Compartir en Whatsapp<\/span><\/a><\/li><li class='av-share-link av-social-link-linkedin' ><a target=\"_blank\" aria-label=\"Compartir en LinkedIn\" href='https:\/\/linkedin.com\/shareArticle?mini=true&#038;title=Fiscal%C3%ADa%20realiz%C3%B3%20capacitaci%C3%B3n%20a%20funcionarios%20de%20la%20Armada%20y%20Carabineros%20en%20Islas%20Huichas%20en%20el%20marco%20de%20la%20Academia%20Procesal%20Penal&#038;url=https:\/\/radiorevelacionfm.cl\/?p=54510' aria-hidden='false' data-av_icon='\ue8fc' data-av_iconfont='entypo-fontello' title='' data-avia-related-tooltip='Compartir en LinkedIn' rel=\"noopener\"><span class='avia_hidden_link_text'>Compartir en LinkedIn<\/span><\/a><\/li><li class='av-share-link av-social-link-mail' ><a  aria-label=\"Compartir por correo\" href='mailto:?subject=Fiscal%C3%ADa%20realiz%C3%B3%20capacitaci%C3%B3n%20a%20funcionarios%20de%20la%20Armada%20y%20Carabineros%20en%20Islas%20Huichas%20en%20el%20marco%20de%20la%20Academia%20Procesal%20Penal&#038;body=https:\/\/radiorevelacionfm.cl\/?p=54510' aria-hidden='false' data-av_icon='\ue805' data-av_iconfont='entypo-fontello' title='' data-avia-related-tooltip='Compartir por correo'><span class='avia_hidden_link_text'>Compartir por correo<\/span><\/a><\/li><\/ul><\/div><\/div>\n<div  style='height:50px' class='hr hr-invisible   avia-builder-el-8  el_after_av_social_share  el_before_av_comments_list '><span class='hr-inner ' ><span class='hr-inner-style'><\/span><\/span><\/div>\n<div  class='av-buildercomment  av-blog-meta-html-info-disabled av-blog-meta-tag-disabled  '><\/div>\n","protected":false},"excerpt":{"rendered":"","protected":false},"author":1,"featured_media":54512,"comment_status":"closed","ping_status":"closed","sticky":false,"template":"","format":"standard","meta":{"footnotes":""},"categories":[55],"tags":[],"class_list":["post-54510","post","type-post","status-publish","format-standard","has-post-thumbnail","hentry","category-justicia"],"jetpack_featured_media_url":"https:\/\/radiorevelacionfm.cl\/wp-content\/uploads\/2025\/05\/2-2025-05-28t163218_optimized.699-1.jpg","_links":{"self":[{"href":"https:\/\/radiorevelacionfm.cl\/index.php?rest_route=\/wp\/v2\/posts\/54510","targetHints":{"allow":["GET"]}}],"collection":[{"href":"https:\/\/radiorevelacionfm.cl\/index.php?rest_route=\/wp\/v2\/posts"}],"about":[{"href":"https:\/\/radiorevelacionfm.cl\/index.php?rest_route=\/wp\/v2\/types\/post"}],"author":[{"embeddable":true,"href":"https:\/\/radiorevelacionfm.cl\/index.php?rest_route=\/wp\/v2\/users\/1"}],"replies":[{"embeddable":true,"href":"https:\/\/radiorevelacionfm.cl\/index.php?rest_route=%2Fwp%2Fv2%2Fcomments&post=54510"}],"version-history":[{"count":2,"href":"https:\/\/radiorevelacionfm.cl\/index.php?rest_route=\/wp\/v2\/posts\/54510\/revisions"}],"predecessor-version":[{"id":54514,"href":"https:\/\/radiorevelacionfm.cl\/index.php?rest_route=\/wp\/v2\/posts\/54510\/revisions\/54514"}],"wp:featuredmedia":[{"embeddable":true,"href":"https:\/\/radiorevelacionfm.cl\/index.php?rest_route=\/wp\/v2\/media\/54512"}],"wp:attachment":[{"href":"https:\/\/radiorevelacionfm.cl\/index.php?rest_route=%2Fwp%2Fv2%2Fmedia&parent=54510"}],"wp:term":[{"taxonomy":"category","embeddable":true,"href":"https:\/\/radiorevelacionfm.cl\/index.php?rest_route=%2Fwp%2Fv2%2Fcategories&post=54510"},{"taxonomy":"post_tag","embeddable":true,"href":"https:\/\/radiorevelacionfm.cl\/index.php?rest_route=%2Fwp%2Fv2%2Ftags&post=54510"}],"curies":[{"name":"wp","href":"https:\/\/api.w.org\/{rel}","templated":true}]}}