{"id":54500,"date":"2025-05-28T15:12:18","date_gmt":"2025-05-28T18:12:18","guid":{"rendered":"https:\/\/radiorevelacionfm.cl\/?p=54500"},"modified":"2025-05-28T15:12:18","modified_gmt":"2025-05-28T18:12:18","slug":"gabinete-economico-coordina-acciones-con-seremi-de-seguridad-publica-region-de-aysen","status":"publish","type":"post","link":"https:\/\/radiorevelacionfm.cl\/?p=54500","title":{"rendered":"Gabinete Econ\u00f3mico coordina acciones con Seremi de Seguridad P\u00fablica Regi\u00f3n de Ays\u00e9n"},"content":{"rendered":"<div class=\"flex_column av_one_full  flex_column_div av-zero-column-padding first  avia-builder-el-0  el_before_av_one_full  avia-builder-el-first  \" style='border-radius:0px; '><div  class='avia-image-container  av-styling-    avia-builder-el-1  avia-builder-el-no-sibling  avia-align-center '  itemprop=\"image\" itemscope=\"itemscope\" itemtype=\"https:\/\/schema.org\/ImageObject\"  ><div class='avia-image-container-inner'><div class='avia-image-overlay-wrap'><img decoding=\"async\" class='wp-image-54501 avia-img-lazy-loading-not-54501 avia_image' src=\"https:\/\/radiorevelacionfm.cl\/wp-content\/uploads\/2025\/05\/gabinete-economico-mayo-1_optimized.jpg\" alt='' title='gabinete-economico-mayo-(1)_optimized' height=\"600\" width=\"1067\"  itemprop=\"thumbnailUrl\" srcset=\"https:\/\/radiorevelacionfm.cl\/wp-content\/uploads\/2025\/05\/gabinete-economico-mayo-1_optimized.jpg 1067w, https:\/\/radiorevelacionfm.cl\/wp-content\/uploads\/2025\/05\/gabinete-economico-mayo-1_optimized-300x169.jpg 300w, https:\/\/radiorevelacionfm.cl\/wp-content\/uploads\/2025\/05\/gabinete-economico-mayo-1_optimized-1030x579.jpg 1030w, https:\/\/radiorevelacionfm.cl\/wp-content\/uploads\/2025\/05\/gabinete-economico-mayo-1_optimized-768x432.jpg 768w, https:\/\/radiorevelacionfm.cl\/wp-content\/uploads\/2025\/05\/gabinete-economico-mayo-1_optimized-705x396.jpg 705w, https:\/\/radiorevelacionfm.cl\/wp-content\/uploads\/2025\/05\/gabinete-economico-mayo-1_optimized-450x253.jpg 450w, https:\/\/radiorevelacionfm.cl\/wp-content\/uploads\/2025\/05\/gabinete-economico-mayo-1_optimized-600x337.jpg 600w\" sizes=\"(max-width: 1067px) 100vw, 1067px\" \/><\/div><\/div><\/div><\/div><div class=\"flex_column av_one_full  flex_column_div av-zero-column-padding first  avia-builder-el-2  el_after_av_one_full  el_before_av_one_full  column-top-margin\" style='border-radius:0px; '><section class=\"av_textblock_section \"  itemscope=\"itemscope\" itemtype=\"https:\/\/schema.org\/BlogPosting\" itemprop=\"blogPost\" ><div class='avia_textblock  '   itemprop=\"text\" ><p style=\"text-align: center;\"><strong><span style=\"font-size: 18pt;\">Gabinete Econ\u00f3mico coordina acciones con Seremi de Seguridad P\u00fablica Regi\u00f3n de Ays\u00e9n<\/span><\/strong><\/p>\n<div id=\"gtx-trans\" style=\"position: absolute; left: -50px; top: 4.31534px;\">\n<div class=\"gtx-trans-icon\"><\/div>\n<\/div>\n<\/div><\/section><\/div><div class=\"flex_column av_one_full  flex_column_div av-zero-column-padding first  avia-builder-el-4  el_after_av_one_full  el_before_av_hr  column-top-margin\" style='border-radius:0px; '><section class=\"av_textblock_section \"  itemscope=\"itemscope\" itemtype=\"https:\/\/schema.org\/BlogPosting\" itemprop=\"blogPost\" ><div class='avia_textblock  '   itemprop=\"text\" ><p style=\"text-align: justify;\">Para robustecer la articulaci\u00f3n entre organismos del Estado, se llev\u00f3 a cabo una nueva sesi\u00f3n del Gabinete Econ\u00f3mico liderado por el Seremi de la cartera en la Regi\u00f3n de Ays\u00e9n; Felipe Rojas Pizarro. Los Gabinetes Econ\u00f3micos, son factor clave para la cruza de informaci\u00f3n para crear estrategias y sinergia entre los servicios que dependen del Ministerio de Econom\u00eda, tales como: Corfo, Sercotec, Ine, Sernatur, Sernac, ProChile, Superir, entre otros. De esta manera, estos trabajos interministeriales, aceleran los procesos de inversi\u00f3n y desarrollo econ\u00f3mico de los diversos territorios, facilitando la implementaci\u00f3n de diversas pol\u00edticas p\u00fablicas en beneficio de nuestra comunidad.<\/p>\n<p style=\"text-align: justify;\">En este contexto, se realiz\u00f3 en oficinas de la PDI\u00a0 la cuarta sesi\u00f3n de esta instancia, la que cont\u00f3 con la participaci\u00f3n especial de la Seremi (I) del Ministerio de Seguridad P\u00fablica; Ruth Vallejos Cuiti\u00f1o, con el objetivo de vincular a los organismos dependientes de Econom\u00eda, con la funci\u00f3n que se realiza desde el Ministerio de Seguridad, quien puso sobre relieve la importancia de estas instancias de comunicaci\u00f3n y articulaci\u00f3n; <em>\u201ctuve la importante posibilidad de participar en el Gabinete Econ\u00f3mico de la Regi\u00f3n de Ays\u00e9n, donde logramos generar una serie de lineamientos de trabajo para actuar coordinadamente en materias de seguridad y desarrollo econ\u00f3mico. Tenemos una regi\u00f3n con un inmenso potencial tur\u00edstico y de inversi\u00f3n, en ese sentido sabemos que la seguridad genera prosperidad y por eso concretamos una serie instancias de coordinaci\u00f3n que ya est\u00e1n programadas para lograr nuestra meta com\u00fan: una Regi\u00f3n de Ays\u00e9n que pueda ofrecer al mundo un territorio seguro, donde invertir y visitar\u201d.<\/em> Coment\u00f3 la Seremi (I) de Seguridad P\u00fablica de Ays\u00e9n.<\/p>\n<p style=\"text-align: justify;\">En materia de turismo, se relev\u00f3 la importancia del v\u00ednculo de la seguridad p\u00fablica y el sector en nuestra regi\u00f3n, la vinculaci\u00f3n entre los datos censales u otros, proporcionados por el INE, y entre otras iniciativas sectoriales que se pueden abordar en su dimensi\u00f3n de seguridad p\u00fablica.<\/p>\n<p style=\"text-align: justify;\">Por su parte, el Seremi de Econom\u00eda, Fomento y Turismo de la Regi\u00f3n de Ays\u00e9n; Felipe Rojas Pizarro relev\u00f3 la importancia de este tipo de coordinaciones ministeriales en nuestro territorio: <em>\u201cpara nosotros es muy importante la seguridad econ\u00f3mica, ciudadana y social. En ese contexto nos reunimos con la nueva Seremi interina de Seguridad P\u00fablica, Ruth Vallejos para delinear pol\u00edticas y acciones que podamos implementar a nivel regional, adem\u00e1s de conocer en detalle lo que est\u00e1 haciendo la serem\u00eda junto con cada uno de los servicios que dependen de econom\u00eda. Sabemos\u00a0 que para el turismo, el comercio y la inversi\u00f3n privada estos son temas relevantes de manera tal que de este modo promovemos el desarrollo econ\u00f3mico\u201d.<\/em><\/p>\n<p style=\"text-align: justify;\">En la instancia se gener\u00f3 una completa presentaci\u00f3n por parte de la Seremi de Seguridad p\u00fablica sobre la multiplicidad de funciones que desarrollan en el territorio y se abordaron materias de coordinaci\u00f3n entre los diversos organismos que dependen del Ministerio de Econom\u00eda en nuestra regi\u00f3n, para elaborar un trabajo coordinado bajo el contexto de que mayor seguridad, es m\u00e1s econom\u00eda, inversi\u00f3n y desarrollo regional integrado.<\/p>\n<\/div><\/section><\/div><div  style='height:50px' class='hr hr-invisible   avia-builder-el-6  el_after_av_one_full  el_before_av_social_share '><span class='hr-inner ' ><span class='hr-inner-style'><\/span><\/span><\/div><\/p>\n<div  class='av-social-sharing-box  avia-builder-el-7  el_after_av_hr  el_before_av_hr  '><div class='av-share-box'><h5 class='av-share-link-description av-no-toc '>Compartir esta noticia<\/h5><ul class='av-share-box-list noLightbox'><li class='av-share-link av-social-link-facebook' ><a target=\"_blank\" aria-label=\"Compartir en Facebook\" href='https:\/\/www.facebook.com\/sharer.php?u=https:\/\/radiorevelacionfm.cl\/?p=54500&#038;t=Gabinete%20Econ%C3%B3mico%20coordina%20acciones%20con%20Seremi%20de%20Seguridad%20P%C3%BAblica%20Regi%C3%B3n%20de%20Ays%C3%A9n' aria-hidden='false' data-av_icon='\ue8f3' data-av_iconfont='entypo-fontello' title='' data-avia-related-tooltip='Compartir en Facebook' rel=\"noopener\"><span class='avia_hidden_link_text'>Compartir en Facebook<\/span><\/a><\/li><li class='av-share-link av-social-link-twitter' ><a target=\"_blank\" aria-label=\"Compartir en Twitter\" href='https:\/\/twitter.com\/share?text=Gabinete%20Econ%C3%B3mico%20coordina%20acciones%20con%20Seremi%20de%20Seguridad%20P%C3%BAblica%20Regi%C3%B3n%20de%20Ays%C3%A9n&#038;url=https:\/\/radiorevelacionfm.cl\/?p=54500' aria-hidden='false' data-av_icon='\ue8f1' data-av_iconfont='entypo-fontello' title='' data-avia-related-tooltip='Compartir en Twitter' rel=\"noopener\"><span class='avia_hidden_link_text'>Compartir en Twitter<\/span><\/a><\/li><li class='av-share-link av-social-link-whatsapp' ><a target=\"_blank\" aria-label=\"Compartir en Whatsapp\" href='https:\/\/api.whatsapp.com\/send?text=https:\/\/radiorevelacionfm.cl\/?p=54500' aria-hidden='false' data-av_icon='\uf232' data-av_iconfont='entypo-fontello' title='' data-avia-related-tooltip='Compartir en Whatsapp' rel=\"noopener\"><span class='avia_hidden_link_text'>Compartir en Whatsapp<\/span><\/a><\/li><li class='av-share-link av-social-link-linkedin' ><a target=\"_blank\" aria-label=\"Compartir en LinkedIn\" href='https:\/\/linkedin.com\/shareArticle?mini=true&#038;title=Gabinete%20Econ%C3%B3mico%20coordina%20acciones%20con%20Seremi%20de%20Seguridad%20P%C3%BAblica%20Regi%C3%B3n%20de%20Ays%C3%A9n&#038;url=https:\/\/radiorevelacionfm.cl\/?p=54500' aria-hidden='false' data-av_icon='\ue8fc' data-av_iconfont='entypo-fontello' title='' data-avia-related-tooltip='Compartir en LinkedIn' rel=\"noopener\"><span class='avia_hidden_link_text'>Compartir en LinkedIn<\/span><\/a><\/li><li class='av-share-link av-social-link-mail' ><a  aria-label=\"Compartir por correo\" href='mailto:?subject=Gabinete%20Econ%C3%B3mico%20coordina%20acciones%20con%20Seremi%20de%20Seguridad%20P%C3%BAblica%20Regi%C3%B3n%20de%20Ays%C3%A9n&#038;body=https:\/\/radiorevelacionfm.cl\/?p=54500' aria-hidden='false' data-av_icon='\ue805' data-av_iconfont='entypo-fontello' title='' data-avia-related-tooltip='Compartir por correo'><span class='avia_hidden_link_text'>Compartir por correo<\/span><\/a><\/li><\/ul><\/div><\/div>\n<div  style='height:50px' class='hr hr-invisible   avia-builder-el-8  el_after_av_social_share  el_before_av_comments_list '><span class='hr-inner ' ><span class='hr-inner-style'><\/span><\/span><\/div>\n<div  class='av-buildercomment  av-blog-meta-html-info-disabled av-blog-meta-tag-disabled  '><\/div>\n","protected":false},"excerpt":{"rendered":"","protected":false},"author":1,"featured_media":54501,"comment_status":"closed","ping_status":"closed","sticky":false,"template":"","format":"standard","meta":{"footnotes":""},"categories":[38],"tags":[],"class_list":["post-54500","post","type-post","status-publish","format-standard","has-post-thumbnail","hentry","category-regional"],"jetpack_featured_media_url":"https:\/\/radiorevelacionfm.cl\/wp-content\/uploads\/2025\/05\/gabinete-economico-mayo-1_optimized.jpg","_links":{"self":[{"href":"https:\/\/radiorevelacionfm.cl\/index.php?rest_route=\/wp\/v2\/posts\/54500","targetHints":{"allow":["GET"]}}],"collection":[{"href":"https:\/\/radiorevelacionfm.cl\/index.php?rest_route=\/wp\/v2\/posts"}],"about":[{"href":"https:\/\/radiorevelacionfm.cl\/index.php?rest_route=\/wp\/v2\/types\/post"}],"author":[{"embeddable":true,"href":"https:\/\/radiorevelacionfm.cl\/index.php?rest_route=\/wp\/v2\/users\/1"}],"replies":[{"embeddable":true,"href":"https:\/\/radiorevelacionfm.cl\/index.php?rest_route=%2Fwp%2Fv2%2Fcomments&post=54500"}],"version-history":[{"count":2,"href":"https:\/\/radiorevelacionfm.cl\/index.php?rest_route=\/wp\/v2\/posts\/54500\/revisions"}],"predecessor-version":[{"id":54509,"href":"https:\/\/radiorevelacionfm.cl\/index.php?rest_route=\/wp\/v2\/posts\/54500\/revisions\/54509"}],"wp:featuredmedia":[{"embeddable":true,"href":"https:\/\/radiorevelacionfm.cl\/index.php?rest_route=\/wp\/v2\/media\/54501"}],"wp:attachment":[{"href":"https:\/\/radiorevelacionfm.cl\/index.php?rest_route=%2Fwp%2Fv2%2Fmedia&parent=54500"}],"wp:term":[{"taxonomy":"category","embeddable":true,"href":"https:\/\/radiorevelacionfm.cl\/index.php?rest_route=%2Fwp%2Fv2%2Fcategories&post=54500"},{"taxonomy":"post_tag","embeddable":true,"href":"https:\/\/radiorevelacionfm.cl\/index.php?rest_route=%2Fwp%2Fv2%2Ftags&post=54500"}],"curies":[{"name":"wp","href":"https:\/\/api.w.org\/{rel}","templated":true}]}}