{"id":5450,"date":"2021-06-18T15:11:26","date_gmt":"2021-06-18T18:11:26","guid":{"rendered":"https:\/\/radiorevelacionfm.cl\/?p=5450"},"modified":"2021-06-18T15:11:26","modified_gmt":"2021-06-18T18:11:26","slug":"diputado-alinco-destaco-aprobacion-de-proyecto-que-permite-funcionamiento-al-interior-de-restaurantes-desde-la-fase-2","status":"publish","type":"post","link":"https:\/\/radiorevelacionfm.cl\/?p=5450","title":{"rendered":"Diputado Alinco destac\u00f3 aprobaci\u00f3n de proyecto que permite funcionamiento al interior de restaurantes desde la fase 2"},"content":{"rendered":"<div class=\"flex_column av_one_full  flex_column_div av-zero-column-padding first  avia-builder-el-0  el_before_av_one_full  avia-builder-el-first  \" style='border-radius:0px; '><div  class='avia-image-container  av-styling-    avia-builder-el-1  avia-builder-el-no-sibling  avia-align-center '  itemprop=\"image\" itemscope=\"itemscope\" itemtype=\"https:\/\/schema.org\/ImageObject\"  ><div class='avia-image-container-inner'><div class='avia-image-overlay-wrap'><img decoding=\"async\" class='wp-image-5451 avia-img-lazy-loading-not-5451 avia_image' src=\"https:\/\/radiorevelacionfm.cl\/wp-content\/uploads\/2021\/06\/diputado-alinco-3-1.jpg\" alt='' title='diputado alinco (3) (1)' height=\"600\" width=\"892\"  itemprop=\"thumbnailUrl\" srcset=\"https:\/\/radiorevelacionfm.cl\/wp-content\/uploads\/2021\/06\/diputado-alinco-3-1.jpg 892w, https:\/\/radiorevelacionfm.cl\/wp-content\/uploads\/2021\/06\/diputado-alinco-3-1-300x202.jpg 300w, https:\/\/radiorevelacionfm.cl\/wp-content\/uploads\/2021\/06\/diputado-alinco-3-1-768x517.jpg 768w, https:\/\/radiorevelacionfm.cl\/wp-content\/uploads\/2021\/06\/diputado-alinco-3-1-705x474.jpg 705w, https:\/\/radiorevelacionfm.cl\/wp-content\/uploads\/2021\/06\/diputado-alinco-3-1-600x404.jpg 600w\" sizes=\"(max-width: 892px) 100vw, 892px\" \/><\/div><\/div><\/div><\/div><div class=\"flex_column av_one_full  flex_column_div av-zero-column-padding first  avia-builder-el-2  el_after_av_one_full  el_before_av_one_full  column-top-margin\" style='border-radius:0px; '><section class=\"av_textblock_section \"  itemscope=\"itemscope\" itemtype=\"https:\/\/schema.org\/BlogPosting\" itemprop=\"blogPost\" ><div class='avia_textblock  '   itemprop=\"text\" ><p style=\"text-align: center;\"><span style=\"font-size: 18pt;\"><strong>Diputado Alinco destac\u00f3 aprobaci\u00f3n de proyecto que permite funcionamiento al interior de restaurantes desde la fase 2 <\/strong><\/span><\/p>\n<div id=\"gtx-trans\" style=\"position: absolute; left: -50px; top: 4.31534px;\">\n<div class=\"gtx-trans-icon\"><\/div>\n<\/div>\n<\/div><\/section><\/div><div class=\"flex_column av_one_full  flex_column_div av-zero-column-padding first  avia-builder-el-4  el_after_av_one_full  el_before_av_hr  column-top-margin\" style='border-radius:0px; '><section class=\"av_textblock_section \"  itemscope=\"itemscope\" itemtype=\"https:\/\/schema.org\/BlogPosting\" itemprop=\"blogPost\" ><div class='avia_textblock  '   itemprop=\"text\" ><p style=\"text-align: justify;\">Con 104 votos a favor, la C\u00e1mara de Diputadas y Diputados aprob\u00f3 un Proyecto de Resoluci\u00f3n impulsado por la Bancada del PPD- Independientes, que busca modificar el instructivo del plan \u201cPaso a Paso\u201d relativo al sector gastron\u00f3mico en la zona centro y sur de nuestro pa\u00eds.<\/p>\n<p style=\"text-align: justify;\">La iniciativa tiene por objeto permitir, dadas las condiciones meteorol\u00f3gicas, que restaurantes, caf\u00e9s y establecimientos an\u00e1logos puedan funcionar en la Fase 2, en las mismas condiciones que se permiten en la fase 3, es decir, la atenci\u00f3n en lugares abiertos o cerrados, con ventilaci\u00f3n permanente y adecuada.<\/p>\n<p style=\"text-align: justify;\">El jefe de Bancada, Ra\u00fal Soto, afirm\u00f3 que \u201cel sector gastron\u00f3mico fue uno de los rubros m\u00e1s afectados por la pandemia en 2020 y lo est\u00e1 siendo tambi\u00e9n este 2021. Adem\u00e1s, el sector se caracteriza por una fuerte presencia de empresas Pymes, con poco respaldo econ\u00f3mico y con un gran porcentaje de informalidad laboral\u00bb.<\/p>\n<p style=\"text-align: justify;\">En tanto, el representante de Ays\u00e9n, diputado Ren\u00e9 Alinco, manifest\u00f3 que \u201cla obligaci\u00f3n de atender en terrazas y no al interior de los locales, hace imposible la reactivaci\u00f3n de esta actividad en zonas como las nuestras\u201d.<\/p>\n<p style=\"text-align: justify;\">\u00abLas condiciones clim\u00e1ticas de nuestras comunas no son las mismas sobre todo en estos tiempos de fr\u00edo, y ni qu\u00e9 decir cuando inicie el invierno, lo que se suma a la alta contaminaci\u00f3n de las ciudades m\u00e1s pobladas de la regi\u00f3n. Ya lo han dicho los propios gastron\u00f3micos. El Parlamento se ha pronunciado sobre esto, y esperamos que los Ministerios de Salud y de Econom\u00eda escuchen\u201d, indic\u00f3 el diputado Alinco.<\/p>\n<\/div><\/section><\/div><div  style='height:50px' class='hr hr-invisible   avia-builder-el-6  el_after_av_one_full  el_before_av_social_share '><span class='hr-inner ' ><span class='hr-inner-style'><\/span><\/span><\/div><\/p>\n<div  class='av-social-sharing-box  avia-builder-el-7  el_after_av_hr  el_before_av_hr  '><div class='av-share-box'><h5 class='av-share-link-description av-no-toc '>Compartir esta noticia<\/h5><ul class='av-share-box-list noLightbox'><li class='av-share-link av-social-link-facebook' ><a target=\"_blank\" aria-label=\"Compartir en Facebook\" href='https:\/\/www.facebook.com\/sharer.php?u=https:\/\/radiorevelacionfm.cl\/?p=5450&#038;t=Diputado%20Alinco%20destac%C3%B3%20aprobaci%C3%B3n%20de%20proyecto%20que%20permite%20funcionamiento%20al%20interior%20de%20restaurantes%20desde%20la%20fase%202' aria-hidden='false' data-av_icon='\ue8f3' data-av_iconfont='entypo-fontello' title='' data-avia-related-tooltip='Compartir en Facebook' rel=\"noopener\"><span class='avia_hidden_link_text'>Compartir en Facebook<\/span><\/a><\/li><li class='av-share-link av-social-link-twitter' ><a target=\"_blank\" aria-label=\"Compartir en Twitter\" href='https:\/\/twitter.com\/share?text=Diputado%20Alinco%20destac%C3%B3%20aprobaci%C3%B3n%20de%20proyecto%20que%20permite%20funcionamiento%20al%20interior%20de%20restaurantes%20desde%20la%20fase%202&#038;url=https:\/\/radiorevelacionfm.cl\/?p=5450' aria-hidden='false' data-av_icon='\ue8f1' data-av_iconfont='entypo-fontello' title='' data-avia-related-tooltip='Compartir en Twitter' rel=\"noopener\"><span class='avia_hidden_link_text'>Compartir en Twitter<\/span><\/a><\/li><li class='av-share-link av-social-link-whatsapp' ><a target=\"_blank\" aria-label=\"Compartir en Whatsapp\" href='https:\/\/api.whatsapp.com\/send?text=https:\/\/radiorevelacionfm.cl\/?p=5450' aria-hidden='false' data-av_icon='\uf232' data-av_iconfont='entypo-fontello' title='' data-avia-related-tooltip='Compartir en Whatsapp' rel=\"noopener\"><span class='avia_hidden_link_text'>Compartir en Whatsapp<\/span><\/a><\/li><li class='av-share-link av-social-link-linkedin' ><a target=\"_blank\" aria-label=\"Compartir en LinkedIn\" href='https:\/\/linkedin.com\/shareArticle?mini=true&#038;title=Diputado%20Alinco%20destac%C3%B3%20aprobaci%C3%B3n%20de%20proyecto%20que%20permite%20funcionamiento%20al%20interior%20de%20restaurantes%20desde%20la%20fase%202&#038;url=https:\/\/radiorevelacionfm.cl\/?p=5450' aria-hidden='false' data-av_icon='\ue8fc' data-av_iconfont='entypo-fontello' title='' data-avia-related-tooltip='Compartir en LinkedIn' rel=\"noopener\"><span class='avia_hidden_link_text'>Compartir en LinkedIn<\/span><\/a><\/li><li class='av-share-link av-social-link-mail' ><a  aria-label=\"Compartir por correo\" href='mailto:?subject=Diputado%20Alinco%20destac%C3%B3%20aprobaci%C3%B3n%20de%20proyecto%20que%20permite%20funcionamiento%20al%20interior%20de%20restaurantes%20desde%20la%20fase%202&#038;body=https:\/\/radiorevelacionfm.cl\/?p=5450' aria-hidden='false' data-av_icon='\ue805' data-av_iconfont='entypo-fontello' title='' data-avia-related-tooltip='Compartir por correo'><span class='avia_hidden_link_text'>Compartir por correo<\/span><\/a><\/li><\/ul><\/div><\/div>\n<div  style='height:50px' class='hr hr-invisible   avia-builder-el-8  el_after_av_social_share  el_before_av_comments_list '><span class='hr-inner ' ><span class='hr-inner-style'><\/span><\/span><\/div>\n<div  class='av-buildercomment  av-blog-meta-html-info-disabled av-blog-meta-tag-disabled  '><\/div>\n","protected":false},"excerpt":{"rendered":"","protected":false},"author":1,"featured_media":5451,"comment_status":"open","ping_status":"open","sticky":false,"template":"","format":"standard","meta":{"footnotes":""},"categories":[35],"tags":[],"class_list":["post-5450","post","type-post","status-publish","format-standard","has-post-thumbnail","hentry","category-politica"],"jetpack_featured_media_url":"https:\/\/radiorevelacionfm.cl\/wp-content\/uploads\/2021\/06\/diputado-alinco-3-1.jpg","_links":{"self":[{"href":"https:\/\/radiorevelacionfm.cl\/index.php?rest_route=\/wp\/v2\/posts\/5450","targetHints":{"allow":["GET"]}}],"collection":[{"href":"https:\/\/radiorevelacionfm.cl\/index.php?rest_route=\/wp\/v2\/posts"}],"about":[{"href":"https:\/\/radiorevelacionfm.cl\/index.php?rest_route=\/wp\/v2\/types\/post"}],"author":[{"embeddable":true,"href":"https:\/\/radiorevelacionfm.cl\/index.php?rest_route=\/wp\/v2\/users\/1"}],"replies":[{"embeddable":true,"href":"https:\/\/radiorevelacionfm.cl\/index.php?rest_route=%2Fwp%2Fv2%2Fcomments&post=5450"}],"version-history":[{"count":1,"href":"https:\/\/radiorevelacionfm.cl\/index.php?rest_route=\/wp\/v2\/posts\/5450\/revisions"}],"predecessor-version":[{"id":5452,"href":"https:\/\/radiorevelacionfm.cl\/index.php?rest_route=\/wp\/v2\/posts\/5450\/revisions\/5452"}],"wp:featuredmedia":[{"embeddable":true,"href":"https:\/\/radiorevelacionfm.cl\/index.php?rest_route=\/wp\/v2\/media\/5451"}],"wp:attachment":[{"href":"https:\/\/radiorevelacionfm.cl\/index.php?rest_route=%2Fwp%2Fv2%2Fmedia&parent=5450"}],"wp:term":[{"taxonomy":"category","embeddable":true,"href":"https:\/\/radiorevelacionfm.cl\/index.php?rest_route=%2Fwp%2Fv2%2Fcategories&post=5450"},{"taxonomy":"post_tag","embeddable":true,"href":"https:\/\/radiorevelacionfm.cl\/index.php?rest_route=%2Fwp%2Fv2%2Ftags&post=5450"}],"curies":[{"name":"wp","href":"https:\/\/api.w.org\/{rel}","templated":true}]}}