{"id":54490,"date":"2025-05-28T10:23:12","date_gmt":"2025-05-28T13:23:12","guid":{"rendered":"https:\/\/radiorevelacionfm.cl\/?p=54490"},"modified":"2025-05-28T10:23:12","modified_gmt":"2025-05-28T13:23:12","slug":"convocan-a-docentes-y-educadoras-a-taller-practico-sobre-crisis-climatica-e-incendios-forestales","status":"publish","type":"post","link":"https:\/\/radiorevelacionfm.cl\/?p=54490","title":{"rendered":"Convocan a docentes y educadoras a taller pr\u00e1ctico sobre crisis clim\u00e1tica e incendios forestales"},"content":{"rendered":"<div class=\"flex_column av_one_full  flex_column_div av-zero-column-padding first  avia-builder-el-0  el_before_av_one_full  avia-builder-el-first  \" style='border-radius:0px; '><div  class='avia-image-container  av-styling-    avia-builder-el-1  avia-builder-el-no-sibling  avia-align-center '  itemprop=\"image\" itemscope=\"itemscope\" itemtype=\"https:\/\/schema.org\/ImageObject\"  ><div class='avia-image-container-inner'><div class='avia-image-overlay-wrap'><img decoding=\"async\" class='wp-image-54491 avia-img-lazy-loading-not-54491 avia_image' src=\"https:\/\/radiorevelacionfm.cl\/wp-content\/uploads\/2025\/05\/taller-1-1-1_optimized-1-1.jpg\" alt='' title='taller-(1)-(1)-(1)_optimized (1) (1)' height=\"600\" width=\"1079\"  itemprop=\"thumbnailUrl\" srcset=\"https:\/\/radiorevelacionfm.cl\/wp-content\/uploads\/2025\/05\/taller-1-1-1_optimized-1-1.jpg 1079w, https:\/\/radiorevelacionfm.cl\/wp-content\/uploads\/2025\/05\/taller-1-1-1_optimized-1-1-300x167.jpg 300w, https:\/\/radiorevelacionfm.cl\/wp-content\/uploads\/2025\/05\/taller-1-1-1_optimized-1-1-1030x573.jpg 1030w, https:\/\/radiorevelacionfm.cl\/wp-content\/uploads\/2025\/05\/taller-1-1-1_optimized-1-1-768x427.jpg 768w, https:\/\/radiorevelacionfm.cl\/wp-content\/uploads\/2025\/05\/taller-1-1-1_optimized-1-1-705x392.jpg 705w, https:\/\/radiorevelacionfm.cl\/wp-content\/uploads\/2025\/05\/taller-1-1-1_optimized-1-1-450x250.jpg 450w, https:\/\/radiorevelacionfm.cl\/wp-content\/uploads\/2025\/05\/taller-1-1-1_optimized-1-1-600x334.jpg 600w\" sizes=\"(max-width: 1079px) 100vw, 1079px\" \/><\/div><\/div><\/div><\/div><div class=\"flex_column av_one_full  flex_column_div av-zero-column-padding first  avia-builder-el-2  el_after_av_one_full  el_before_av_one_full  column-top-margin\" style='border-radius:0px; '><section class=\"av_textblock_section \"  itemscope=\"itemscope\" itemtype=\"https:\/\/schema.org\/BlogPosting\" itemprop=\"blogPost\" ><div class='avia_textblock  '   itemprop=\"text\" ><p style=\"text-align: center;\"><strong><span style=\"font-size: 18pt;\">Convocan a docentes y educadoras a taller pr\u00e1ctico sobre crisis clim\u00e1tica e incendios forestales<\/span><\/strong><\/p>\n<div id=\"gtx-trans\" style=\"position: absolute; left: -50px; top: 4.31534px;\">\n<div class=\"gtx-trans-icon\"><\/div>\n<\/div>\n<\/div><\/section><\/div><div class=\"flex_column av_one_full  flex_column_div av-zero-column-padding first  avia-builder-el-4  el_after_av_one_full  el_before_av_hr  column-top-margin\" style='border-radius:0px; '><section class=\"av_textblock_section \"  itemscope=\"itemscope\" itemtype=\"https:\/\/schema.org\/BlogPosting\" itemprop=\"blogPost\" ><div class='avia_textblock  '   itemprop=\"text\" ><p style=\"text-align: justify;\">Las Secretar\u00edas Regionales Ministeriales del Medio Ambiente y de Agricultura, junto a la Direcci\u00f3n Regional de CONAF, han organizado un taller pr\u00e1ctico dirigido a docentes y educadoras de centros educativos certificados ambientalmente llamado \u201cClima y Territorio: El Rol Educativo ante la Crisis Clim\u00e1tica y los Incendios Forestales\u201d, que se realizar\u00e1 el jueves 5 de junio, en el contexto del D\u00eda Mundial del Medio Ambiente.<\/p>\n<p style=\"text-align: justify;\">Este encuentro busca fortalecer las capacidades pedag\u00f3gicas frente a los desaf\u00edos de la triple crisis planetaria \u2014cambio clim\u00e1tico, p\u00e9rdida de biodiversidad y contaminaci\u00f3n\u2014, abordando de manera especial la prevenci\u00f3n de incendios forestales y las estrategias de adaptaci\u00f3n en entornos escolares.<\/p>\n<p style=\"text-align: justify;\">\u201cEl rol de las comunidades educativas es clave para responder a la crisis clim\u00e1tica. Desde la educaci\u00f3n ambiental podemos formar conciencia cr\u00edtica, resiliencia local y acci\u00f3n colectiva\u201d, se\u00f1al\u00f3 el Seremi del Medio Ambiente, Yoal D\u00edaz Reyes, enfatizando la importancia del enfoque territorial y colaborativo de la actividad enmarcada en el Sistema de Certificaci\u00f3n Ambiental de Establecimientos Educacionales del ministerio del Medio Ambiente SNCAE.<\/p>\n<p style=\"text-align: justify;\">Por su parte, el Director Regional de CONAF, Ronald Valenzuela Campos, afirm\u00f3 que \u201ceducar en prevenci\u00f3n es una inversi\u00f3n para el futuro. Queremos que los centros educativos se transformen en aliados activos en la mitigaci\u00f3n de los incendios forestales, adapt\u00e1ndose al nuevo escenario clim\u00e1tico a trav\u00e9s de la generaci\u00f3n de conciencia, h\u00e1bitos y responsabilidad\u201d.<\/p>\n<p style=\"text-align: justify;\">El taller contempla presentaciones, actividades pr\u00e1cticas y planificaci\u00f3n colectiva de medidas concretas de adaptaci\u00f3n y prevenci\u00f3n, adem\u00e1s de espacios de intercambio entre pares.<\/p>\n<p style=\"text-align: justify;\">La jornada ser\u00e1 desarrollada por equipos t\u00e9cnicos de la Seremi del Medio Ambiente y CONAF, con el apoyo del Comit\u00e9 Regional de Certificaci\u00f3n Ambiental, en la Biblioteca Regional de Ays\u00e9n de Coyhaique, el jueves 5 de junio a partir de las 08.30 horas. Los cupos son limitados, por lo que invitaron a los establecimientos de la red SNCAE a inscribirse en el formulario\u00a0<a href=\"https:\/\/bit.ly\/climaSNCAE\" target=\"_blank\" rel=\"noopener\" data-saferedirecturl=\"https:\/\/www.google.com\/url?q=https:\/\/bit.ly\/climaSNCAE&amp;source=gmail&amp;ust=1748467710854000&amp;usg=AOvVaw0He3fsf8embcc55xkSOYSw\">https:\/\/bit.ly\/climaSNCAE<\/a><\/p>\n<\/div><\/section><\/div><div  style='height:50px' class='hr hr-invisible   avia-builder-el-6  el_after_av_one_full  el_before_av_social_share '><span class='hr-inner ' ><span class='hr-inner-style'><\/span><\/span><\/div><\/p>\n<div  class='av-social-sharing-box  avia-builder-el-7  el_after_av_hr  el_before_av_hr  '><div class='av-share-box'><h5 class='av-share-link-description av-no-toc '>Compartir esta noticia<\/h5><ul class='av-share-box-list noLightbox'><li class='av-share-link av-social-link-facebook' ><a target=\"_blank\" aria-label=\"Compartir en Facebook\" href='https:\/\/www.facebook.com\/sharer.php?u=https:\/\/radiorevelacionfm.cl\/?p=54490&#038;t=Convocan%20a%20docentes%20y%20educadoras%20a%20taller%20pr%C3%A1ctico%20sobre%20crisis%20clim%C3%A1tica%20e%20incendios%20forestales' aria-hidden='false' data-av_icon='\ue8f3' data-av_iconfont='entypo-fontello' title='' data-avia-related-tooltip='Compartir en Facebook' rel=\"noopener\"><span class='avia_hidden_link_text'>Compartir en Facebook<\/span><\/a><\/li><li class='av-share-link av-social-link-twitter' ><a target=\"_blank\" aria-label=\"Compartir en Twitter\" href='https:\/\/twitter.com\/share?text=Convocan%20a%20docentes%20y%20educadoras%20a%20taller%20pr%C3%A1ctico%20sobre%20crisis%20clim%C3%A1tica%20e%20incendios%20forestales&#038;url=https:\/\/radiorevelacionfm.cl\/?p=54490' aria-hidden='false' data-av_icon='\ue8f1' data-av_iconfont='entypo-fontello' title='' data-avia-related-tooltip='Compartir en Twitter' rel=\"noopener\"><span class='avia_hidden_link_text'>Compartir en Twitter<\/span><\/a><\/li><li class='av-share-link av-social-link-whatsapp' ><a target=\"_blank\" aria-label=\"Compartir en Whatsapp\" href='https:\/\/api.whatsapp.com\/send?text=https:\/\/radiorevelacionfm.cl\/?p=54490' aria-hidden='false' data-av_icon='\uf232' data-av_iconfont='entypo-fontello' title='' data-avia-related-tooltip='Compartir en Whatsapp' rel=\"noopener\"><span class='avia_hidden_link_text'>Compartir en Whatsapp<\/span><\/a><\/li><li class='av-share-link av-social-link-linkedin' ><a target=\"_blank\" aria-label=\"Compartir en LinkedIn\" href='https:\/\/linkedin.com\/shareArticle?mini=true&#038;title=Convocan%20a%20docentes%20y%20educadoras%20a%20taller%20pr%C3%A1ctico%20sobre%20crisis%20clim%C3%A1tica%20e%20incendios%20forestales&#038;url=https:\/\/radiorevelacionfm.cl\/?p=54490' aria-hidden='false' data-av_icon='\ue8fc' data-av_iconfont='entypo-fontello' title='' data-avia-related-tooltip='Compartir en LinkedIn' rel=\"noopener\"><span class='avia_hidden_link_text'>Compartir en LinkedIn<\/span><\/a><\/li><li class='av-share-link av-social-link-mail' ><a  aria-label=\"Compartir por correo\" href='mailto:?subject=Convocan%20a%20docentes%20y%20educadoras%20a%20taller%20pr%C3%A1ctico%20sobre%20crisis%20clim%C3%A1tica%20e%20incendios%20forestales&#038;body=https:\/\/radiorevelacionfm.cl\/?p=54490' aria-hidden='false' data-av_icon='\ue805' data-av_iconfont='entypo-fontello' title='' data-avia-related-tooltip='Compartir por correo'><span class='avia_hidden_link_text'>Compartir por correo<\/span><\/a><\/li><\/ul><\/div><\/div>\n<div  style='height:50px' class='hr hr-invisible   avia-builder-el-8  el_after_av_social_share  el_before_av_comments_list '><span class='hr-inner ' ><span class='hr-inner-style'><\/span><\/span><\/div>\n<div  class='av-buildercomment  av-blog-meta-html-info-disabled av-blog-meta-tag-disabled  '><\/div>\n","protected":false},"excerpt":{"rendered":"","protected":false},"author":1,"featured_media":54491,"comment_status":"closed","ping_status":"closed","sticky":false,"template":"","format":"standard","meta":{"footnotes":""},"categories":[38],"tags":[],"class_list":["post-54490","post","type-post","status-publish","format-standard","has-post-thumbnail","hentry","category-regional"],"jetpack_featured_media_url":"https:\/\/radiorevelacionfm.cl\/wp-content\/uploads\/2025\/05\/taller-1-1-1_optimized-1-1.jpg","_links":{"self":[{"href":"https:\/\/radiorevelacionfm.cl\/index.php?rest_route=\/wp\/v2\/posts\/54490","targetHints":{"allow":["GET"]}}],"collection":[{"href":"https:\/\/radiorevelacionfm.cl\/index.php?rest_route=\/wp\/v2\/posts"}],"about":[{"href":"https:\/\/radiorevelacionfm.cl\/index.php?rest_route=\/wp\/v2\/types\/post"}],"author":[{"embeddable":true,"href":"https:\/\/radiorevelacionfm.cl\/index.php?rest_route=\/wp\/v2\/users\/1"}],"replies":[{"embeddable":true,"href":"https:\/\/radiorevelacionfm.cl\/index.php?rest_route=%2Fwp%2Fv2%2Fcomments&post=54490"}],"version-history":[{"count":2,"href":"https:\/\/radiorevelacionfm.cl\/index.php?rest_route=\/wp\/v2\/posts\/54490\/revisions"}],"predecessor-version":[{"id":54503,"href":"https:\/\/radiorevelacionfm.cl\/index.php?rest_route=\/wp\/v2\/posts\/54490\/revisions\/54503"}],"wp:featuredmedia":[{"embeddable":true,"href":"https:\/\/radiorevelacionfm.cl\/index.php?rest_route=\/wp\/v2\/media\/54491"}],"wp:attachment":[{"href":"https:\/\/radiorevelacionfm.cl\/index.php?rest_route=%2Fwp%2Fv2%2Fmedia&parent=54490"}],"wp:term":[{"taxonomy":"category","embeddable":true,"href":"https:\/\/radiorevelacionfm.cl\/index.php?rest_route=%2Fwp%2Fv2%2Fcategories&post=54490"},{"taxonomy":"post_tag","embeddable":true,"href":"https:\/\/radiorevelacionfm.cl\/index.php?rest_route=%2Fwp%2Fv2%2Ftags&post=54490"}],"curies":[{"name":"wp","href":"https:\/\/api.w.org\/{rel}","templated":true}]}}