{"id":54484,"date":"2025-05-27T20:05:48","date_gmt":"2025-05-27T23:05:48","guid":{"rendered":"https:\/\/radiorevelacionfm.cl\/?p=54484"},"modified":"2025-05-27T20:13:31","modified_gmt":"2025-05-27T23:13:31","slug":"orquesta-de-camara-profesional-de-la-uaysen-estrena-conciertos-en-puerto-cisnes-y-cerro-castillo","status":"publish","type":"post","link":"https:\/\/radiorevelacionfm.cl\/?p=54484","title":{"rendered":"Orquesta de C\u00e1mara Profesional de la UAys\u00e9n estrena conciertos en Puerto Cisnes y Villa Cerro Castillo"},"content":{"rendered":"<div class=\"flex_column av_one_full  flex_column_div av-zero-column-padding first  avia-builder-el-0  el_before_av_one_full  avia-builder-el-first  \" style='border-radius:0px; '><div  class='avia-image-container  av-styling-    avia-builder-el-1  avia-builder-el-no-sibling  avia-align-center '  itemprop=\"image\" itemscope=\"itemscope\" itemtype=\"https:\/\/schema.org\/ImageObject\"  ><div class='avia-image-container-inner'><div class='avia-image-overlay-wrap'><img decoding=\"async\" class='wp-image-54485 avia-img-lazy-loading-not-54485 avia_image' src=\"https:\/\/radiorevelacionfm.cl\/wp-content\/uploads\/2025\/05\/orquesta22-1_optimized.jpeg\" alt='' title='orquesta22-(1)_optimized' height=\"600\" width=\"900\"  itemprop=\"thumbnailUrl\" srcset=\"https:\/\/radiorevelacionfm.cl\/wp-content\/uploads\/2025\/05\/orquesta22-1_optimized.jpeg 900w, https:\/\/radiorevelacionfm.cl\/wp-content\/uploads\/2025\/05\/orquesta22-1_optimized-300x200.jpeg 300w, https:\/\/radiorevelacionfm.cl\/wp-content\/uploads\/2025\/05\/orquesta22-1_optimized-768x512.jpeg 768w, https:\/\/radiorevelacionfm.cl\/wp-content\/uploads\/2025\/05\/orquesta22-1_optimized-705x470.jpeg 705w, https:\/\/radiorevelacionfm.cl\/wp-content\/uploads\/2025\/05\/orquesta22-1_optimized-450x300.jpeg 450w, https:\/\/radiorevelacionfm.cl\/wp-content\/uploads\/2025\/05\/orquesta22-1_optimized-600x400.jpeg 600w\" sizes=\"(max-width: 900px) 100vw, 900px\" \/><\/div><\/div><\/div><\/div>\n<div class=\"flex_column av_one_full  flex_column_div av-zero-column-padding first  avia-builder-el-2  el_after_av_one_full  el_before_av_one_full  column-top-margin\" style='border-radius:0px; '><section class=\"av_textblock_section \"  itemscope=\"itemscope\" itemtype=\"https:\/\/schema.org\/BlogPosting\" itemprop=\"blogPost\" ><div class='avia_textblock  '   itemprop=\"text\" ><p style=\"text-align: center;\"><strong><span style=\"font-size: 18pt;\">Orquesta de C\u00e1mara Profesional de la UAys\u00e9n estrena conciertos en Puerto Cisnes y Villa Cerro Castillo<\/span><\/strong><\/p>\n<div id=\"gtx-trans\" style=\"position: absolute; left: -50px; top: 4.31534px;\">\n<div class=\"gtx-trans-icon\"><\/div>\n<\/div>\n<\/div><\/section><\/div><div class=\"flex_column av_one_full  flex_column_div av-zero-column-padding first  avia-builder-el-4  el_after_av_one_full  el_before_av_hr  column-top-margin\" style='border-radius:0px; '><section class=\"av_textblock_section \"  itemscope=\"itemscope\" itemtype=\"https:\/\/schema.org\/BlogPosting\" itemprop=\"blogPost\" ><div class='avia_textblock  '   itemprop=\"text\" ><p class=\"v1gmail-Predeterminado\" style=\"text-align: justify;\"><em><span lang=\"ES-TRAD\">Por primera vez el elenco de la casa de estudios se presentar\u00e1 con el\u00a0<\/span><span lang=\"ES-TRAD\">concierto \u00abM\u00fasica que abraza la tierra\u00bb en las localidades de Cisnes y Cerro Castillo y tambi\u00e9n repetir\u00e1 actuaciones en Coyhaique y Puerto Ays\u00e9n.<\/span><\/em><b><\/b><\/p>\n<p class=\"v1gmail-Predeterminado\" style=\"text-align: justify;\"><span lang=\"ES-TRAD\">Tras su debut en Coyhaique y Puerto Ays\u00e9n en abril pasado<\/span><span lang=\"FR\">, la\u00a0<\/span><span lang=\"ES-TRAD\">Orquesta de C\u00e1<\/span><span lang=\"PT\">mara\u00a0<\/span><span lang=\"ES-TRAD\">Profesional de la Universidad de Ays\u00e9n, iniciativa financiada por el Ministerio de la Culturas, las Artes y el Patrimonio, retoma su recorrido regional para presentarse por primera vez este fin de semana en Cisnes y Cerro Castillo. Y debido al enorme\u00a0<\/span><span lang=\"FR\">\u00e9<\/span><span lang=\"ES-TRAD\">xito de sus primeras presentaciones, repetir\u00e1n en Coyhaique y Puerto Ays<\/span><span lang=\"FR\">\u00e9<\/span><span lang=\"ES-TRAD\">n.<\/span><\/p>\n<p class=\"v1gmail-Predeterminado\" style=\"text-align: justify;\"><span lang=\"ES-TRAD\">Se trata del concierto \u00abM\u00fasica que abraza la tierra\u00bb, los cuales son gratuitos y abiertos al p\u00fablico de las distintas localidades y que incluye piezas de compositores nacionales de la talla de Violeta Parra y V\u00edctor Jara.<\/span><\/p>\n<p class=\"v1gmail-Predeterminado\" style=\"text-align: justify;\"><span lang=\"ES-TRAD\">El Seremi de Cultura Ays\u00e9n, Felipe Quiroz, dijo que \u00abestamos muy emocionados de ir viendo semana a semana c\u00f3mo el proyecto que cuenta con un financiamiento directo por glosa presupuestaria de nuestra S<\/span><span lang=\"PT\">ubsecretar<\/span><span lang=\"ES-TRAD\">\u00eda de las Culturas y las Artes, va ganando territorio y compenetr\u00e1ndose r\u00e1pidamente con las comunidades. Y esto es s\u00f3lo el inicio pues la Orquesta de C\u00e1<\/span><span lang=\"PT\">mara\u00a0<\/span><span lang=\"ES-TRAD\">Profesional de la Universidad de Ays<\/span><span lang=\"FR\">\u00e9<\/span><span lang=\"ES-TRAD\">n cuenta con un programa para este 2025, del cual iremos viendo resultados y con cuyos sonidos y formaciones llegaremos a todas las comunas de la regi\u00f3n\u00bb.<\/span><\/p>\n<p class=\"v1gmail-Predeterminado\" style=\"text-align: justify;\"><span lang=\"ES-TRAD\">Por su parte, Gabriel N\u00fa\u00f1ez Vivanco, director general de v\u00ednculos de la Universidad de Ays\u00e9n se\u00f1al\u00f3 que \u00abestamos muy contentos de invitar a toda nuestra comunidad de la Regi\u00f3n de Ays\u00e9n a participar en estos cuatro conciertos consecutivos del 29, 30, 31 de mayo y 1 de junio en las ciudades de Coyhaique, Puerto Ays\u00e9n, Puerto Cisnes y Cerro Castillo, que marcan el hito inaugural de esta Orquesta Profesional de C\u00e1mara de la Universidad de Ays\u00e9n en el territorio. Esto es parte de nuestro rol institucional de extensi\u00f3n que nos marca como instituci\u00f3n p\u00fablica, que nos permite extender el conocimiento, extender la cultura y es parte del rol que tenemos por supuesto como instituci\u00f3n p\u00fablica y que se encuentra dentro de nuestra pol\u00edtica de vinculaci\u00f3n con el medio\u00bb, enfatiz\u00f3.<\/span><\/p>\n<p class=\"v1gmail-Predeterminado\" style=\"text-align: justify;\"><span lang=\"ES-TRAD\">La gira comienza el jueves 29 de mayo a las 6:30 de la tarde en el C<\/span><span lang=\"IT\">entro\u00a0<\/span><span lang=\"ES-TRAD\">C<\/span><span lang=\"PT\">ultural\u00a0<\/span><span lang=\"ES-TRAD\">Coyhaique y al d\u00eda siguiente la orquesta se presenta nuevamente en la Catedral de Puerto Ays\u00e9n en el mismo horario. El s\u00e1bado 31 de mayo es el turno de Puerto Cisnes, en cuya capilla Nuestra Se\u00f1ora del Trabajo el concierto comenzar\u00e1 a las 4 de la tarde. La gira culmina el domingo 1 de junio en la sede comunitaria de Cerro Castillo a las 5 PM.<\/span><\/p>\n<p class=\"v1gmail-Predeterminado\" style=\"text-align: justify;\"><span lang=\"ES-TRAD\">Finalmente, H<\/span><span lang=\"FR\">\u00e9<\/span><span lang=\"ES-TRAD\">ctor M<\/span><span lang=\"FR\">\u00e9<\/span><span lang=\"ES-TRAD\">ndez, director de la Or<\/span><span lang=\"IT\">questa de C<\/span><span lang=\"ES-TRAD\">\u00e1mara, dijo que \u00abpresentaremos un repertorio muy bonito y muy bello de compositores nacionales. Queremos que sean part\u00edcipes de estas actividades que hemos preparado con mucho cari\u00f1o para toda la comunidad aysenina\u00bb.<\/span><\/p>\n<\/div><\/section><\/div><\/p>\n<div  style='height:50px' class='hr hr-invisible   avia-builder-el-6  el_after_av_one_full  el_before_av_social_share '><span class='hr-inner ' ><span class='hr-inner-style'><\/span><\/span><\/div>\n<div  class='av-social-sharing-box  avia-builder-el-7  el_after_av_hr  el_before_av_hr  '><div class='av-share-box'><h5 class='av-share-link-description av-no-toc '>Compartir esta noticia<\/h5><ul class='av-share-box-list noLightbox'><li class='av-share-link av-social-link-facebook' ><a target=\"_blank\" aria-label=\"Compartir en Facebook\" href='https:\/\/www.facebook.com\/sharer.php?u=https:\/\/radiorevelacionfm.cl\/?p=54484&#038;t=Orquesta%20de%20C%C3%A1mara%20Profesional%20de%20la%20UAys%C3%A9n%20estrena%20conciertos%20en%20Puerto%20Cisnes%20y%20Villa%20Cerro%20Castillo' aria-hidden='false' data-av_icon='\ue8f3' data-av_iconfont='entypo-fontello' title='' data-avia-related-tooltip='Compartir en Facebook' rel=\"noopener\"><span class='avia_hidden_link_text'>Compartir en Facebook<\/span><\/a><\/li><li class='av-share-link av-social-link-twitter' ><a target=\"_blank\" aria-label=\"Compartir en Twitter\" href='https:\/\/twitter.com\/share?text=Orquesta%20de%20C%C3%A1mara%20Profesional%20de%20la%20UAys%C3%A9n%20estrena%20conciertos%20en%20Puerto%20Cisnes%20y%20Villa%20Cerro%20Castillo&#038;url=https:\/\/radiorevelacionfm.cl\/?p=54484' aria-hidden='false' data-av_icon='\ue8f1' data-av_iconfont='entypo-fontello' title='' data-avia-related-tooltip='Compartir en Twitter' rel=\"noopener\"><span class='avia_hidden_link_text'>Compartir en Twitter<\/span><\/a><\/li><li class='av-share-link av-social-link-whatsapp' ><a target=\"_blank\" aria-label=\"Compartir en Whatsapp\" href='https:\/\/api.whatsapp.com\/send?text=https:\/\/radiorevelacionfm.cl\/?p=54484' aria-hidden='false' data-av_icon='\uf232' data-av_iconfont='entypo-fontello' title='' data-avia-related-tooltip='Compartir en Whatsapp' rel=\"noopener\"><span class='avia_hidden_link_text'>Compartir en Whatsapp<\/span><\/a><\/li><li class='av-share-link av-social-link-linkedin' ><a target=\"_blank\" aria-label=\"Compartir en LinkedIn\" href='https:\/\/linkedin.com\/shareArticle?mini=true&#038;title=Orquesta%20de%20C%C3%A1mara%20Profesional%20de%20la%20UAys%C3%A9n%20estrena%20conciertos%20en%20Puerto%20Cisnes%20y%20Villa%20Cerro%20Castillo&#038;url=https:\/\/radiorevelacionfm.cl\/?p=54484' aria-hidden='false' data-av_icon='\ue8fc' data-av_iconfont='entypo-fontello' title='' data-avia-related-tooltip='Compartir en LinkedIn' rel=\"noopener\"><span class='avia_hidden_link_text'>Compartir en LinkedIn<\/span><\/a><\/li><li class='av-share-link av-social-link-mail' ><a  aria-label=\"Compartir por correo\" href='mailto:?subject=Orquesta%20de%20C%C3%A1mara%20Profesional%20de%20la%20UAys%C3%A9n%20estrena%20conciertos%20en%20Puerto%20Cisnes%20y%20Villa%20Cerro%20Castillo&#038;body=https:\/\/radiorevelacionfm.cl\/?p=54484' aria-hidden='false' data-av_icon='\ue805' data-av_iconfont='entypo-fontello' title='' data-avia-related-tooltip='Compartir por correo'><span class='avia_hidden_link_text'>Compartir por correo<\/span><\/a><\/li><\/ul><\/div><\/div>\n<div  style='height:50px' class='hr hr-invisible   avia-builder-el-8  el_after_av_social_share  el_before_av_comments_list '><span class='hr-inner ' ><span class='hr-inner-style'><\/span><\/span><\/div>\n<div  class='av-buildercomment  av-blog-meta-html-info-disabled av-blog-meta-tag-disabled  '><\/div>\n","protected":false},"excerpt":{"rendered":"","protected":false},"author":1,"featured_media":54485,"comment_status":"closed","ping_status":"closed","sticky":false,"template":"","format":"standard","meta":{"footnotes":""},"categories":[43],"tags":[],"class_list":["post-54484","post","type-post","status-publish","format-standard","has-post-thumbnail","hentry","category-musica"],"jetpack_featured_media_url":"https:\/\/radiorevelacionfm.cl\/wp-content\/uploads\/2025\/05\/orquesta22-1_optimized.jpeg","_links":{"self":[{"href":"https:\/\/radiorevelacionfm.cl\/index.php?rest_route=\/wp\/v2\/posts\/54484","targetHints":{"allow":["GET"]}}],"collection":[{"href":"https:\/\/radiorevelacionfm.cl\/index.php?rest_route=\/wp\/v2\/posts"}],"about":[{"href":"https:\/\/radiorevelacionfm.cl\/index.php?rest_route=\/wp\/v2\/types\/post"}],"author":[{"embeddable":true,"href":"https:\/\/radiorevelacionfm.cl\/index.php?rest_route=\/wp\/v2\/users\/1"}],"replies":[{"embeddable":true,"href":"https:\/\/radiorevelacionfm.cl\/index.php?rest_route=%2Fwp%2Fv2%2Fcomments&post=54484"}],"version-history":[{"count":4,"href":"https:\/\/radiorevelacionfm.cl\/index.php?rest_route=\/wp\/v2\/posts\/54484\/revisions"}],"predecessor-version":[{"id":54494,"href":"https:\/\/radiorevelacionfm.cl\/index.php?rest_route=\/wp\/v2\/posts\/54484\/revisions\/54494"}],"wp:featuredmedia":[{"embeddable":true,"href":"https:\/\/radiorevelacionfm.cl\/index.php?rest_route=\/wp\/v2\/media\/54485"}],"wp:attachment":[{"href":"https:\/\/radiorevelacionfm.cl\/index.php?rest_route=%2Fwp%2Fv2%2Fmedia&parent=54484"}],"wp:term":[{"taxonomy":"category","embeddable":true,"href":"https:\/\/radiorevelacionfm.cl\/index.php?rest_route=%2Fwp%2Fv2%2Fcategories&post=54484"},{"taxonomy":"post_tag","embeddable":true,"href":"https:\/\/radiorevelacionfm.cl\/index.php?rest_route=%2Fwp%2Fv2%2Ftags&post=54484"}],"curies":[{"name":"wp","href":"https:\/\/api.w.org\/{rel}","templated":true}]}}