{"id":54480,"date":"2025-05-27T18:14:07","date_gmt":"2025-05-27T21:14:07","guid":{"rendered":"https:\/\/radiorevelacionfm.cl\/?p=54480"},"modified":"2025-05-27T18:14:07","modified_gmt":"2025-05-27T21:14:07","slug":"despues-de-mas-de-10-anos-lago-verde-contara-con-plan-municipal-de-cultura","status":"publish","type":"post","link":"https:\/\/radiorevelacionfm.cl\/?p=54480","title":{"rendered":"Despu\u00e9s de m\u00e1s de 10 a\u00f1os, Lago Verde contar\u00e1 con Plan Municipal de Cultura"},"content":{"rendered":"<div class=\"flex_column av_one_full  flex_column_div av-zero-column-padding first  avia-builder-el-0  el_before_av_one_full  avia-builder-el-first  \" style='border-radius:0px; '><div  class='avia-image-container  av-styling-    avia-builder-el-1  avia-builder-el-no-sibling  avia-align-center '  itemprop=\"image\" itemscope=\"itemscope\" itemtype=\"https:\/\/schema.org\/ImageObject\"  ><div class='avia-image-container-inner'><div class='avia-image-overlay-wrap'><img decoding=\"async\" class='wp-image-54481 avia-img-lazy-loading-not-54481 avia_image' src=\"https:\/\/radiorevelacionfm.cl\/wp-content\/uploads\/2025\/05\/convenio-lago-verde1-1_optimized.jpeg\" alt='' title='convenio-lago-verde1-(1)_optimized' height=\"600\" width=\"913\"  itemprop=\"thumbnailUrl\" srcset=\"https:\/\/radiorevelacionfm.cl\/wp-content\/uploads\/2025\/05\/convenio-lago-verde1-1_optimized.jpeg 913w, https:\/\/radiorevelacionfm.cl\/wp-content\/uploads\/2025\/05\/convenio-lago-verde1-1_optimized-300x197.jpeg 300w, https:\/\/radiorevelacionfm.cl\/wp-content\/uploads\/2025\/05\/convenio-lago-verde1-1_optimized-768x505.jpeg 768w, https:\/\/radiorevelacionfm.cl\/wp-content\/uploads\/2025\/05\/convenio-lago-verde1-1_optimized-705x463.jpeg 705w, https:\/\/radiorevelacionfm.cl\/wp-content\/uploads\/2025\/05\/convenio-lago-verde1-1_optimized-450x296.jpeg 450w, https:\/\/radiorevelacionfm.cl\/wp-content\/uploads\/2025\/05\/convenio-lago-verde1-1_optimized-600x394.jpeg 600w\" sizes=\"(max-width: 913px) 100vw, 913px\" \/><\/div><\/div><\/div><\/div><div class=\"flex_column av_one_full  flex_column_div av-zero-column-padding first  avia-builder-el-2  el_after_av_one_full  el_before_av_one_full  column-top-margin\" style='border-radius:0px; '><section class=\"av_textblock_section \"  itemscope=\"itemscope\" itemtype=\"https:\/\/schema.org\/BlogPosting\" itemprop=\"blogPost\" ><div class='avia_textblock  '   itemprop=\"text\" ><p style=\"text-align: center;\"><strong><span style=\"font-size: 18pt;\">Despu\u00e9s de m\u00e1s de 10 a\u00f1os, Lago Verde contar\u00e1 con Plan Municipal de Cultura<\/span><\/strong><\/p>\n<div id=\"gtx-trans\" style=\"position: absolute; left: -50px; top: 4.31534px;\">\n<div class=\"gtx-trans-icon\"><\/div>\n<\/div>\n<\/div><\/section><\/div><div class=\"flex_column av_one_full  flex_column_div av-zero-column-padding first  avia-builder-el-4  el_after_av_one_full  el_before_av_hr  column-top-margin\" style='border-radius:0px; '><section class=\"av_textblock_section \"  itemscope=\"itemscope\" itemtype=\"https:\/\/schema.org\/BlogPosting\" itemprop=\"blogPost\" ><div class='avia_textblock  '   itemprop=\"text\" ><p style=\"text-align: justify;\">Durante m\u00e1s de una d\u00e9cada, la Ilustre Municipalidad de la comuna de Lago Verde no consigui\u00f3 concretar el anhelo de su comunidad art\u00edstica de contar con un Plan Municipal de Cultura para el desarrollo y sostenibilidad de las expresiones art\u00edsticas y la difusi\u00f3n del patrimonio en la zona norte de nuestro territorio.<\/p>\n<p style=\"text-align: justify;\">A partir de hoy, la Seremi de Culturas Ays\u00e9n y la Municipalidad de Lago Verde retoman un trabajo conjunto para dar forma, por fin, a esta nueva herramienta, que les permitir\u00e1 no solo establecer las prioridades y definir los \u00e9nfasis de su gesti\u00f3n, sino contar con una hoja de ruta, un mapa de planificaci\u00f3n para el trabajo con los creadores, creadoras y las y los agentes culturales de Lago Verde.<\/p>\n<p style=\"text-align: justify;\">El seremi de Culturas Ays\u00e9n, Felipe Quiroz, de visita en Lago Verde con motivo de la Reuni\u00f3n de Agentes Culturales de la Red de Reactivaci\u00f3n, dijo que \u201cse trata de un anhelo de la comunidad de Lago Verde, especialmente de quienes trabajan d\u00eda a d\u00eda por rescatar, crear y difundir nuestras artes, nuestras creaciones y nuestro Patrimonio, que han sostenido por muchos a\u00f1os y que hasta ahora no se hab\u00eda podido concretar. Esta nueva administraci\u00f3n municipal y esta firma de convenio con nuestra Seremi de Culturas est\u00e1 permitiendo que la poblaci\u00f3n de Lago Verde acceda a una herramienta fundamental para la planificaci\u00f3n territorial en gesti\u00f3n cultural. Y esto tambi\u00e9n es democracia porque estamos llegando con herramientas de calidad y asesor\u00edas t\u00e9cnicas a las 10 comunas de la regi\u00f3n de Ays\u00e9n\u201d.<\/p>\n<p style=\"text-align: justify;\">Tras la firma del convenio, suscrito por Felipe Quiroz y la alcaldesa de Lago Verde, Claudia Vald\u00e9s, esta \u00faltima se mostr\u00f3 emocionada con este paso importante que retoma el trabajo de Lago Verde con la Secretar\u00eda Regional Ministerial de las Culturas de la Regi\u00f3n de Ays\u00e9n: \u201cPara nosotros como municipio es muy importantes la firma de este convenio de transferencia de recursos que nos permitir\u00e1 poder implementar el Plan Municipal de Cultura, un instrumento muy importante de planificaci\u00f3n en la gesti\u00f3n cultural para nuestra comunidad. Por lo tanto, contar con la actualizaci\u00f3n de este instrumento es clave para el desarrollo y ejecuci\u00f3n de distintas iniciativas de car\u00e1cter cultural, patrimonial y de inter\u00e9s, principalmente de nuestra comunidad\u201d.<\/p>\n<p style=\"text-align: justify;\">El convenio entre ambas instituciones se concretar\u00e1 con el trabajo de la empresa especializada que acompa\u00f1ar\u00e1 todo el proceso con asesor\u00edas y capacitaciones, orientadas a la facilitaci\u00f3n del proceso de construcci\u00f3n del Plan Municipal de Cultura y a la participaci\u00f3n plena de los agentes culturales y la comunidad en este hist\u00f3rico paso para la identidad de Lago Verde.<\/p>\n<\/div><\/section><\/div><div  style='height:50px' class='hr hr-invisible   avia-builder-el-6  el_after_av_one_full  el_before_av_social_share '><span class='hr-inner ' ><span class='hr-inner-style'><\/span><\/span><\/div><\/p>\n<div  class='av-social-sharing-box  avia-builder-el-7  el_after_av_hr  el_before_av_hr  '><div class='av-share-box'><h5 class='av-share-link-description av-no-toc '>Compartir esta noticia<\/h5><ul class='av-share-box-list noLightbox'><li class='av-share-link av-social-link-facebook' ><a target=\"_blank\" aria-label=\"Compartir en Facebook\" href='https:\/\/www.facebook.com\/sharer.php?u=https:\/\/radiorevelacionfm.cl\/?p=54480&#038;t=Despu%C3%A9s%20de%20m%C3%A1s%20de%2010%20a%C3%B1os%2C%20Lago%20Verde%20contar%C3%A1%20con%20Plan%20Municipal%20de%20Cultura' aria-hidden='false' data-av_icon='\ue8f3' data-av_iconfont='entypo-fontello' title='' data-avia-related-tooltip='Compartir en Facebook' rel=\"noopener\"><span class='avia_hidden_link_text'>Compartir en Facebook<\/span><\/a><\/li><li class='av-share-link av-social-link-twitter' ><a target=\"_blank\" aria-label=\"Compartir en Twitter\" href='https:\/\/twitter.com\/share?text=Despu%C3%A9s%20de%20m%C3%A1s%20de%2010%20a%C3%B1os%2C%20Lago%20Verde%20contar%C3%A1%20con%20Plan%20Municipal%20de%20Cultura&#038;url=https:\/\/radiorevelacionfm.cl\/?p=54480' aria-hidden='false' data-av_icon='\ue8f1' data-av_iconfont='entypo-fontello' title='' data-avia-related-tooltip='Compartir en Twitter' rel=\"noopener\"><span class='avia_hidden_link_text'>Compartir en Twitter<\/span><\/a><\/li><li class='av-share-link av-social-link-whatsapp' ><a target=\"_blank\" aria-label=\"Compartir en Whatsapp\" href='https:\/\/api.whatsapp.com\/send?text=https:\/\/radiorevelacionfm.cl\/?p=54480' aria-hidden='false' data-av_icon='\uf232' data-av_iconfont='entypo-fontello' title='' data-avia-related-tooltip='Compartir en Whatsapp' rel=\"noopener\"><span class='avia_hidden_link_text'>Compartir en Whatsapp<\/span><\/a><\/li><li class='av-share-link av-social-link-linkedin' ><a target=\"_blank\" aria-label=\"Compartir en LinkedIn\" href='https:\/\/linkedin.com\/shareArticle?mini=true&#038;title=Despu%C3%A9s%20de%20m%C3%A1s%20de%2010%20a%C3%B1os%2C%20Lago%20Verde%20contar%C3%A1%20con%20Plan%20Municipal%20de%20Cultura&#038;url=https:\/\/radiorevelacionfm.cl\/?p=54480' aria-hidden='false' data-av_icon='\ue8fc' data-av_iconfont='entypo-fontello' title='' data-avia-related-tooltip='Compartir en LinkedIn' rel=\"noopener\"><span class='avia_hidden_link_text'>Compartir en LinkedIn<\/span><\/a><\/li><li class='av-share-link av-social-link-mail' ><a  aria-label=\"Compartir por correo\" href='mailto:?subject=Despu%C3%A9s%20de%20m%C3%A1s%20de%2010%20a%C3%B1os%2C%20Lago%20Verde%20contar%C3%A1%20con%20Plan%20Municipal%20de%20Cultura&#038;body=https:\/\/radiorevelacionfm.cl\/?p=54480' aria-hidden='false' data-av_icon='\ue805' data-av_iconfont='entypo-fontello' title='' data-avia-related-tooltip='Compartir por correo'><span class='avia_hidden_link_text'>Compartir por correo<\/span><\/a><\/li><\/ul><\/div><\/div>\n<div  style='height:50px' class='hr hr-invisible   avia-builder-el-8  el_after_av_social_share  el_before_av_comments_list '><span class='hr-inner ' ><span class='hr-inner-style'><\/span><\/span><\/div>\n<div  class='av-buildercomment  av-blog-meta-html-info-disabled av-blog-meta-tag-disabled  '><\/div>\n","protected":false},"excerpt":{"rendered":"","protected":false},"author":1,"featured_media":54481,"comment_status":"closed","ping_status":"closed","sticky":false,"template":"","format":"standard","meta":{"footnotes":""},"categories":[52],"tags":[],"class_list":["post-54480","post","type-post","status-publish","format-standard","has-post-thumbnail","hentry","category-cultura"],"jetpack_featured_media_url":"https:\/\/radiorevelacionfm.cl\/wp-content\/uploads\/2025\/05\/convenio-lago-verde1-1_optimized.jpeg","_links":{"self":[{"href":"https:\/\/radiorevelacionfm.cl\/index.php?rest_route=\/wp\/v2\/posts\/54480","targetHints":{"allow":["GET"]}}],"collection":[{"href":"https:\/\/radiorevelacionfm.cl\/index.php?rest_route=\/wp\/v2\/posts"}],"about":[{"href":"https:\/\/radiorevelacionfm.cl\/index.php?rest_route=\/wp\/v2\/types\/post"}],"author":[{"embeddable":true,"href":"https:\/\/radiorevelacionfm.cl\/index.php?rest_route=\/wp\/v2\/users\/1"}],"replies":[{"embeddable":true,"href":"https:\/\/radiorevelacionfm.cl\/index.php?rest_route=%2Fwp%2Fv2%2Fcomments&post=54480"}],"version-history":[{"count":2,"href":"https:\/\/radiorevelacionfm.cl\/index.php?rest_route=\/wp\/v2\/posts\/54480\/revisions"}],"predecessor-version":[{"id":54483,"href":"https:\/\/radiorevelacionfm.cl\/index.php?rest_route=\/wp\/v2\/posts\/54480\/revisions\/54483"}],"wp:featuredmedia":[{"embeddable":true,"href":"https:\/\/radiorevelacionfm.cl\/index.php?rest_route=\/wp\/v2\/media\/54481"}],"wp:attachment":[{"href":"https:\/\/radiorevelacionfm.cl\/index.php?rest_route=%2Fwp%2Fv2%2Fmedia&parent=54480"}],"wp:term":[{"taxonomy":"category","embeddable":true,"href":"https:\/\/radiorevelacionfm.cl\/index.php?rest_route=%2Fwp%2Fv2%2Fcategories&post=54480"},{"taxonomy":"post_tag","embeddable":true,"href":"https:\/\/radiorevelacionfm.cl\/index.php?rest_route=%2Fwp%2Fv2%2Ftags&post=54480"}],"curies":[{"name":"wp","href":"https:\/\/api.w.org\/{rel}","templated":true}]}}