{"id":54477,"date":"2025-05-28T09:45:16","date_gmt":"2025-05-28T12:45:16","guid":{"rendered":"https:\/\/radiorevelacionfm.cl\/?p=54477"},"modified":"2025-05-28T09:45:16","modified_gmt":"2025-05-28T12:45:16","slug":"variada-agenda-de-actividades-ofrecio-semana-de-la-cultura-del-campus-patagonia-de-la-universidad-austral","status":"publish","type":"post","link":"https:\/\/radiorevelacionfm.cl\/?p=54477","title":{"rendered":"Variada agenda de actividades ofreci\u00f3 Semana de la Cultura del Campus Patagonia de la Universidad Austral"},"content":{"rendered":"<div class=\"flex_column av_one_full  flex_column_div av-zero-column-padding first  avia-builder-el-0  el_before_av_one_full  avia-builder-el-first  \" style='border-radius:0px; '><div  class='avia-image-container  av-styling-    avia-builder-el-1  avia-builder-el-no-sibling  avia-align-center '  itemprop=\"image\" itemscope=\"itemscope\" itemtype=\"https:\/\/schema.org\/ImageObject\"  ><div class='avia-image-container-inner'><div class='avia-image-overlay-wrap'><img decoding=\"async\" class='wp-image-54478 avia-img-lazy-loading-not-54478 avia_image' src=\"https:\/\/radiorevelacionfm.cl\/wp-content\/uploads\/2025\/05\/cultura-uach17-1-1_optimized.jpeg\" alt='' title='cultura-uach17-(1)-(1)_optimized' height=\"600\" width=\"800\"  itemprop=\"thumbnailUrl\" srcset=\"https:\/\/radiorevelacionfm.cl\/wp-content\/uploads\/2025\/05\/cultura-uach17-1-1_optimized.jpeg 800w, https:\/\/radiorevelacionfm.cl\/wp-content\/uploads\/2025\/05\/cultura-uach17-1-1_optimized-300x225.jpeg 300w, https:\/\/radiorevelacionfm.cl\/wp-content\/uploads\/2025\/05\/cultura-uach17-1-1_optimized-768x576.jpeg 768w, https:\/\/radiorevelacionfm.cl\/wp-content\/uploads\/2025\/05\/cultura-uach17-1-1_optimized-705x529.jpeg 705w, https:\/\/radiorevelacionfm.cl\/wp-content\/uploads\/2025\/05\/cultura-uach17-1-1_optimized-450x338.jpeg 450w, https:\/\/radiorevelacionfm.cl\/wp-content\/uploads\/2025\/05\/cultura-uach17-1-1_optimized-600x450.jpeg 600w\" sizes=\"(max-width: 800px) 100vw, 800px\" \/><\/div><\/div><\/div><\/div><div class=\"flex_column av_one_full  flex_column_div av-zero-column-padding first  avia-builder-el-2  el_after_av_one_full  el_before_av_one_full  column-top-margin\" style='border-radius:0px; '><section class=\"av_textblock_section \"  itemscope=\"itemscope\" itemtype=\"https:\/\/schema.org\/BlogPosting\" itemprop=\"blogPost\" ><div class='avia_textblock  '   itemprop=\"text\" ><p style=\"text-align: center;\"><strong><span style=\"font-size: 18pt;\">Variada agenda de actividades ofreci\u00f3 Semana de la Cultura del Campus Patagonia de la Universidad Austral<\/span><\/strong><\/p>\n<div id=\"gtx-trans\" style=\"position: absolute; left: -50px; top: 4.31534px;\">\n<div class=\"gtx-trans-icon\"><\/div>\n<\/div>\n<\/div><\/section><\/div><div class=\"flex_column av_one_full  flex_column_div av-zero-column-padding first  avia-builder-el-4  el_after_av_one_full  el_before_av_hr  column-top-margin\" style='border-radius:0px; '><section class=\"av_textblock_section \"  itemscope=\"itemscope\" itemtype=\"https:\/\/schema.org\/BlogPosting\" itemprop=\"blogPost\" ><div class='avia_textblock  '   itemprop=\"text\" ><ul>\n<li style=\"text-align: justify;\"><em>Presentaciones art\u00edsticas, charlas, cine, conversatorios literarios y de rescate patrimonial, fueron algunas de las actividades organizadas para la comunidad regional. <\/em><\/li>\n<\/ul>\n<p style=\"text-align: justify;\">Una amplia variedad de actividades art\u00edsticas y de rescate patrimonial, ofreci\u00f3 el Campus Patagonia en su semana de la cultura 2025, donde se relevaron las tradiciones ayseninas, las expresiones art\u00edsticas de los y las j\u00f3venes, adem\u00e1s de organizar conversatorios literarios y de rescate de la cultura patagona vinculada al sector agr\u00edcola regional, contado con un nutrido programa, tanto en jornada diurna, como vespertina.<\/p>\n<p style=\"text-align: justify;\">El programa de la semana comenz\u00f3 con la ceremonia de inauguraci\u00f3n, cuya actividad central fue la charla \u201cLa madera y las pr\u00e1cticas constructivas tradicionales; El estrecho rol entre las manualidades, las herramientas, los materiales, el medio geogr\u00e1fico y el contexto social\u00bb a cargo del ingeniero agr\u00f3nomo de la UACh y tejuelero artesanal de Ays\u00e9n, Carlos Castillo Levicoy, quien es maestro de este oficio y a la vez Tesoro Humano Vivo, declarado por el Estado de Chile y la UNESCO.<\/p>\n<p style=\"text-align: justify;\">Adem\u00e1s, los asistentes pudieron disfrutar de la m\u00fasica folcl\u00f3rica chilena interpretada por el grupo \u201cCanto, Quinchas y Tradiciones\u201d, integrado por los hermanos Saavedra, quienes interpretaron cuecas y tonadas en guitarra y arpa.<\/p>\n<p style=\"text-align: justify;\">El director del Campus Patagonia, Profesor Mario Brito, destac\u00f3 que \u201cnuestra semana de la cultura como Campus fue un espacio de di\u00e1logo con la comunidad acad\u00e9mica, donde se integraron estudiantes, funcionarios e invitados externos, sirvi\u00f3 para conocernos un poco m\u00e1s, disfrutar de las habilidades art\u00edsticas de nuestros estudiantes y compartir con interesantes cultores de las tradiciones locales, una experiencia de aprendizaje muy significativa, felicito a toda la comunidad universitaria por haber aceptado y haber participado activamente en esta celebraci\u00f3n\u201d<\/p>\n<p style=\"text-align: justify;\"><strong>Expresiones musicales juveniles<\/strong><\/p>\n<p style=\"text-align: justify;\">La segunda jornada fue destinada a una muestra de diferentes expresiones musicales de estudiantes de diferentes carreras del Campus Patagonia y que cultivan variadas disciplinas art\u00edsticas.<\/p>\n<p style=\"text-align: justify;\">La actividad se inici\u00f3 con la presentaci\u00f3n del grupo \u201cNuevos Aires de la Patagonia\u201d, integrado por algunas estudiantes de la carrera T\u00e9cnico Universitario en Producci\u00f3n Agropecuaria, quienes prepararon un cuadro con danzas t\u00edpicas de la Patagonia.<\/p>\n<p style=\"text-align: justify;\">Posteriormente, se dio paso a una muestra de cueca, a cargo de la pareja campeona nacional joven del Aconcagua 2025, formada por Valentina Candia y Benjam\u00edn Saavedra, tambi\u00e9n estudiantes del Campus.<\/p>\n<p style=\"text-align: justify;\">Durante la actividad tambi\u00e9n se present\u00f3 Daniela Baeza, estudiante de Pedagog\u00eda en Educaci\u00f3n B\u00e1sica, quien ofreci\u00f3 un emotivo momento a tev\u00e9s de la danza contempor\u00e1nea, con el tema \u201cLo que M\u00e1s Quiero\u201d del grupo nacional Inti Illimani.<\/p>\n<p style=\"text-align: justify;\">Al culminar la jornada de la ma\u00f1ana, se present\u00f3 el d\u00fao de m\u00fasica de la Patagonia, integrado por Diego Mora y Gustavo G\u00f3mez, conocidos cantantes regionales, que hicieron bailar a los asistentes con los sones de chamam\u00e9.<\/p>\n<p style=\"text-align: justify;\">Para la jornada vespertina tambi\u00e9n se cont\u00f3 con una muestra de diferentes estilos musicales, comenzando por una muestra de danza contempor\u00e1nea, interpretada por Daniela Baeza, para continuar con una pieza de Caporal a cargo de la bailarina Betsy Villagr\u00e1n y posteriormente, una selecci\u00f3n de danzas argentinas a cargo de la \u00a0pareja compuesta por el bailar\u00edn e instructor de danza, Crist\u00f3bal Montecinos, acompa\u00f1ado por la bailarina Mariana Ch\u00e1vez.<\/p>\n<p style=\"text-align: justify;\">Finalmente, el estudiante de Construcci\u00f3n y Obras Civiles del Campus, Sebasti\u00e1n L\u00f3pez \u00c1guila, interpret\u00f3 en guitarra, un tema tradicional de una comunidad de pueblos originarios americanos.<\/p>\n<p style=\"text-align: justify;\"><strong>Tertulia Literaria<\/strong><\/p>\n<p style=\"text-align: justify;\">La semana cultural tambi\u00e9n dio espacio a la literatura, a trav\u00e9s de una tertulia en la que participaron escritores regionales y docentes del Liceo Josefina Aguirre Montenegro de Coyhaique.<\/p>\n<p style=\"text-align: justify;\">Carina Decker, Enrique Mart\u00ednez y Denis Aldridge, conversaron con quienes se dieron cita en esta actividad, con el prop\u00f3sito de intercambiar opiniones acerca de la motivaci\u00f3n para comenzar a escribir, el inter\u00e9s por la lectura y el valor de la literatura en un mundo dominado por las redes sociales.<\/p>\n<p style=\"text-align: justify;\">La tertulia estuvo a cargo de la acad\u00e9mica del Campus, profesora Bernardita Maillard, quien dio paso a las consultas de estudiantes de diversas carreras, del liceo Josefina Aguirre y p\u00fablico en general que se mostr\u00f3 muy interesado en participar en la conversaci\u00f3n.<\/p>\n<p style=\"text-align: justify;\"><strong>Cine de acci\u00f3n<\/strong><\/p>\n<p style=\"text-align: justify;\">En horas de la tarde de la tercera jornada, tambi\u00e9n hubo espacio para el cine en una pantalla gigante, donde exhibi\u00f3 el filme Deadpool &amp; Wolverine, haciendo las delicias toda la comunidad del Campus que asisti\u00f3 en compa\u00f1\u00eda de sus familias, amenizada con palomitas de ma\u00edz, t\u00edpicas de las salas de cine.<\/p>\n<p style=\"text-align: justify;\"><strong>Conversatorio de rescate de semillas y tradiciones agr\u00edcolas patagonas<\/strong><\/p>\n<p style=\"text-align: justify;\">Para la actividad de cierre de la semana de la cultura, se organiz\u00f3 un conversatorio y muestra de semillas tradicionales de la Patagonia, donde participaron representantes de la agrupaci\u00f3n Mujeres Productoras de la Patagonia, Fermenter\u00edaysen, profesionales de INDAP Ays\u00e9n y acad\u00e9micos del Campus.<\/p>\n<p style=\"text-align: justify;\">Durante la actividad, se dio a conocer el valor de las semillas originarias de la zona, la dedicaci\u00f3n y adecuado resguardo de las productoras de Ays\u00e9n, adem\u00e1s del apoyo que ofrece INDAP a quienes desarrollan esta funci\u00f3n patrimonial.<\/p>\n<p style=\"text-align: justify;\">As\u00ed tambi\u00e9n se intercambiaron experiencias y opiniones en torno a la agricultura tradicional, complementada con los avances de la tecnolog\u00eda en \u00e1rea agropecuaria, cuyo prop\u00f3sito es mejorar la producci\u00f3n, manteniendo la sabidur\u00eda de los antiguos productores que han traspasado sus conocimientos a las generaciones actuales.<\/p>\n<\/div><\/section><\/div><div  style='height:50px' class='hr hr-invisible   avia-builder-el-6  el_after_av_one_full  el_before_av_social_share '><span class='hr-inner ' ><span class='hr-inner-style'><\/span><\/span><\/div><\/p>\n<div  class='av-social-sharing-box  avia-builder-el-7  el_after_av_hr  el_before_av_hr  '><div class='av-share-box'><h5 class='av-share-link-description av-no-toc '>Compartir esta noticia<\/h5><ul class='av-share-box-list noLightbox'><li class='av-share-link av-social-link-facebook' ><a target=\"_blank\" aria-label=\"Compartir en Facebook\" href='https:\/\/www.facebook.com\/sharer.php?u=https:\/\/radiorevelacionfm.cl\/?p=54477&#038;t=Variada%20agenda%20de%20actividades%20ofreci%C3%B3%20Semana%20de%20la%20Cultura%20del%20Campus%20Patagonia%20de%20la%20Universidad%20Austral' aria-hidden='false' data-av_icon='\ue8f3' data-av_iconfont='entypo-fontello' title='' data-avia-related-tooltip='Compartir en Facebook' rel=\"noopener\"><span class='avia_hidden_link_text'>Compartir en Facebook<\/span><\/a><\/li><li class='av-share-link av-social-link-twitter' ><a target=\"_blank\" aria-label=\"Compartir en Twitter\" href='https:\/\/twitter.com\/share?text=Variada%20agenda%20de%20actividades%20ofreci%C3%B3%20Semana%20de%20la%20Cultura%20del%20Campus%20Patagonia%20de%20la%20Universidad%20Austral&#038;url=https:\/\/radiorevelacionfm.cl\/?p=54477' aria-hidden='false' data-av_icon='\ue8f1' data-av_iconfont='entypo-fontello' title='' data-avia-related-tooltip='Compartir en Twitter' rel=\"noopener\"><span class='avia_hidden_link_text'>Compartir en Twitter<\/span><\/a><\/li><li class='av-share-link av-social-link-whatsapp' ><a target=\"_blank\" aria-label=\"Compartir en Whatsapp\" href='https:\/\/api.whatsapp.com\/send?text=https:\/\/radiorevelacionfm.cl\/?p=54477' aria-hidden='false' data-av_icon='\uf232' data-av_iconfont='entypo-fontello' title='' data-avia-related-tooltip='Compartir en Whatsapp' rel=\"noopener\"><span class='avia_hidden_link_text'>Compartir en Whatsapp<\/span><\/a><\/li><li class='av-share-link av-social-link-linkedin' ><a target=\"_blank\" aria-label=\"Compartir en LinkedIn\" href='https:\/\/linkedin.com\/shareArticle?mini=true&#038;title=Variada%20agenda%20de%20actividades%20ofreci%C3%B3%20Semana%20de%20la%20Cultura%20del%20Campus%20Patagonia%20de%20la%20Universidad%20Austral&#038;url=https:\/\/radiorevelacionfm.cl\/?p=54477' aria-hidden='false' data-av_icon='\ue8fc' data-av_iconfont='entypo-fontello' title='' data-avia-related-tooltip='Compartir en LinkedIn' rel=\"noopener\"><span class='avia_hidden_link_text'>Compartir en LinkedIn<\/span><\/a><\/li><li class='av-share-link av-social-link-mail' ><a  aria-label=\"Compartir por correo\" href='mailto:?subject=Variada%20agenda%20de%20actividades%20ofreci%C3%B3%20Semana%20de%20la%20Cultura%20del%20Campus%20Patagonia%20de%20la%20Universidad%20Austral&#038;body=https:\/\/radiorevelacionfm.cl\/?p=54477' aria-hidden='false' data-av_icon='\ue805' data-av_iconfont='entypo-fontello' title='' data-avia-related-tooltip='Compartir por correo'><span class='avia_hidden_link_text'>Compartir por correo<\/span><\/a><\/li><\/ul><\/div><\/div>\n<div  style='height:50px' class='hr hr-invisible   avia-builder-el-8  el_after_av_social_share  el_before_av_comments_list '><span class='hr-inner ' ><span class='hr-inner-style'><\/span><\/span><\/div>\n<div  class='av-buildercomment  av-blog-meta-html-info-disabled av-blog-meta-tag-disabled  '><\/div>\n","protected":false},"excerpt":{"rendered":"","protected":false},"author":1,"featured_media":54478,"comment_status":"closed","ping_status":"closed","sticky":false,"template":"","format":"standard","meta":{"footnotes":""},"categories":[49],"tags":[],"class_list":["post-54477","post","type-post","status-publish","format-standard","has-post-thumbnail","hentry","category-educacion"],"jetpack_featured_media_url":"https:\/\/radiorevelacionfm.cl\/wp-content\/uploads\/2025\/05\/cultura-uach17-1-1_optimized.jpeg","_links":{"self":[{"href":"https:\/\/radiorevelacionfm.cl\/index.php?rest_route=\/wp\/v2\/posts\/54477","targetHints":{"allow":["GET"]}}],"collection":[{"href":"https:\/\/radiorevelacionfm.cl\/index.php?rest_route=\/wp\/v2\/posts"}],"about":[{"href":"https:\/\/radiorevelacionfm.cl\/index.php?rest_route=\/wp\/v2\/types\/post"}],"author":[{"embeddable":true,"href":"https:\/\/radiorevelacionfm.cl\/index.php?rest_route=\/wp\/v2\/users\/1"}],"replies":[{"embeddable":true,"href":"https:\/\/radiorevelacionfm.cl\/index.php?rest_route=%2Fwp%2Fv2%2Fcomments&post=54477"}],"version-history":[{"count":2,"href":"https:\/\/radiorevelacionfm.cl\/index.php?rest_route=\/wp\/v2\/posts\/54477\/revisions"}],"predecessor-version":[{"id":54498,"href":"https:\/\/radiorevelacionfm.cl\/index.php?rest_route=\/wp\/v2\/posts\/54477\/revisions\/54498"}],"wp:featuredmedia":[{"embeddable":true,"href":"https:\/\/radiorevelacionfm.cl\/index.php?rest_route=\/wp\/v2\/media\/54478"}],"wp:attachment":[{"href":"https:\/\/radiorevelacionfm.cl\/index.php?rest_route=%2Fwp%2Fv2%2Fmedia&parent=54477"}],"wp:term":[{"taxonomy":"category","embeddable":true,"href":"https:\/\/radiorevelacionfm.cl\/index.php?rest_route=%2Fwp%2Fv2%2Fcategories&post=54477"},{"taxonomy":"post_tag","embeddable":true,"href":"https:\/\/radiorevelacionfm.cl\/index.php?rest_route=%2Fwp%2Fv2%2Ftags&post=54477"}],"curies":[{"name":"wp","href":"https:\/\/api.w.org\/{rel}","templated":true}]}}