{"id":54474,"date":"2025-05-27T18:59:11","date_gmt":"2025-05-27T21:59:11","guid":{"rendered":"https:\/\/radiorevelacionfm.cl\/?p=54474"},"modified":"2025-05-27T19:01:28","modified_gmt":"2025-05-27T22:01:28","slug":"alcalde-martinez-por-licencia-medicas-los-sumarios-administrativos-ya-han-sido-iniciados-y-no-voy-a-dar-juicios-por-adelantado","status":"publish","type":"post","link":"https:\/\/radiorevelacionfm.cl\/?p=54474","title":{"rendered":"Alcalde Mart\u00ednez por caso Licencias M\u00e9dicas: \u201cLos sumarios administrativos ya han sido iniciados y no voy a dar juicios por adelantado\u201d"},"content":{"rendered":"<div class=\"flex_column av_one_full  flex_column_div av-zero-column-padding first  avia-builder-el-0  el_before_av_one_full  avia-builder-el-first  \" style='border-radius:0px; '><div  class='avia-image-container  av-styling-    avia-builder-el-1  avia-builder-el-no-sibling  avia-align-center '  itemprop=\"image\" itemscope=\"itemscope\" itemtype=\"https:\/\/schema.org\/ImageObject\"  ><div class='avia-image-container-inner'><div class='avia-image-overlay-wrap'><img decoding=\"async\" class='wp-image-31481 avia-img-lazy-loading-not-31481 avia_image' src=\"https:\/\/radiorevelacionfm.cl\/wp-content\/uploads\/2023\/05\/municipalidad-aysen-2023-05-30-1_optimized.jpeg\" alt='' title='municipalidad-aysen-2023-05-30-(1)_optimized' height=\"600\" width=\"900\"  itemprop=\"thumbnailUrl\" srcset=\"https:\/\/radiorevelacionfm.cl\/wp-content\/uploads\/2023\/05\/municipalidad-aysen-2023-05-30-1_optimized.jpeg 900w, https:\/\/radiorevelacionfm.cl\/wp-content\/uploads\/2023\/05\/municipalidad-aysen-2023-05-30-1_optimized-300x200.jpeg 300w, https:\/\/radiorevelacionfm.cl\/wp-content\/uploads\/2023\/05\/municipalidad-aysen-2023-05-30-1_optimized-768x512.jpeg 768w, https:\/\/radiorevelacionfm.cl\/wp-content\/uploads\/2023\/05\/municipalidad-aysen-2023-05-30-1_optimized-705x470.jpeg 705w, https:\/\/radiorevelacionfm.cl\/wp-content\/uploads\/2023\/05\/municipalidad-aysen-2023-05-30-1_optimized-450x300.jpeg 450w, https:\/\/radiorevelacionfm.cl\/wp-content\/uploads\/2023\/05\/municipalidad-aysen-2023-05-30-1_optimized-600x400.jpeg 600w\" sizes=\"(max-width: 900px) 100vw, 900px\" \/><\/div><\/div><\/div><\/div>\n<div class=\"flex_column av_one_full  flex_column_div av-zero-column-padding first  avia-builder-el-2  el_after_av_one_full  el_before_av_one_full  column-top-margin\" style='border-radius:0px; '><section class=\"av_textblock_section \"  itemscope=\"itemscope\" itemtype=\"https:\/\/schema.org\/BlogPosting\" itemprop=\"blogPost\" ><div class='avia_textblock  '   itemprop=\"text\" ><p style=\"text-align: center;\"><strong><span style=\"font-size: 18pt;\">Alcalde Mart\u00ednez por caso Licencias M\u00e9dicas: \u201cLos sumarios administrativos ya han sido iniciados y no voy a dar juicios por adelantado\u201d<\/span><\/strong><\/p>\n<div id=\"gtx-trans\" style=\"position: absolute; left: -50px; top: 4.31534px;\">\n<div class=\"gtx-trans-icon\"><\/div>\n<\/div>\n<\/div><\/section><\/div><div class=\"flex_column av_one_full  flex_column_div av-zero-column-padding first  avia-builder-el-4  el_after_av_one_full  el_before_av_hr  column-top-margin\" style='border-radius:0px; '><section class=\"av_textblock_section \"  itemscope=\"itemscope\" itemtype=\"https:\/\/schema.org\/BlogPosting\" itemprop=\"blogPost\" ><div class='avia_textblock  '   itemprop=\"text\" ><p style=\"text-align: justify;\"><em>De los 39 nombres emitidos por la CGR, 30 corresponden a funcionarios de la ex Direcci\u00f3n de Educaci\u00f3n Municipal, por ende, hoy a cargo del SLEP. Mientras que otros tres, se habr\u00edan retirado o jubilado previo a conocer la informaci\u00f3n. Siendo seis quienes actualmente desempe\u00f1an funciones al interior del municipio aysenino. <\/em><\/p>\n<p style=\"text-align: justify;\">Referente al informe emanado en los \u00faltimos d\u00edas por la Contralor\u00eda General de la Rep\u00fablica, en que se da cuenta de la existencia de numerosos funcionarios p\u00fablicos a nivel pa\u00eds, quienes habr\u00edan salido al extranjero estando con licencia m\u00e9dica. En el caso particular de la municipalidad de Ays\u00e9n, y tras haberse hecho p\u00fablica la misiva que remitieron al alcalde de la comuna, Luis Mart\u00ednez, los concejales Tatiana Villarroel y Jorge Figueroa, en que solicitan antecedentes dado que Contralor\u00eda se\u00f1ala que se tratar\u00eda de, al menos, 39 casos, mientras que el edil, sindica que \u201cson menos de 10\u201d.<\/p>\n<p style=\"text-align: justify;\">En el marco de su programa radial \u201cSigamos Creciendo\u201d, en videollamada desde Islas Huichas, este martes y tras ser consultado por la situaci\u00f3n, el alcalde de Ays\u00e9n, Luis Mart\u00ednez, se\u00f1al\u00f3 que \u201cm\u00e1s all\u00e1 de que Contralor\u00eda tenga uno u otro n\u00famero, cuando uno redacta una carta, hay que hacerlo lo m\u00e1s informado posible. Para eso, basta que se llame a este alcalde. Los concejales tienen l\u00ednea directa conmigo\u201d.<\/p>\n<p style=\"text-align: justify;\">Sobre la materia, para contextualizar se tratar\u00eda de hechos acontecidos durante 2023-2024. \u201cYo no era alcalde y, al menos, la mitad del concejo actual no eran concejales como para hacer una fiscalizaci\u00f3n tan acuciosa, que es lo que se debe hacer\u201d.<\/p>\n<p style=\"text-align: justify;\">A\u00f1adi\u00f3 la primera autoridad comunal que el d\u00eda jueves 22 de mayo lleg\u00f3 desde Contralor\u00eda General de la Rep\u00fablica un oficio con car\u00e1cter de confidencial, \u201cque nos indica que 39 funcionarios tienen esta condici\u00f3n de haber salido del pa\u00eds, estando con licencia m\u00e9dica. Al depurar la lista, nos encontramos con 30 funcionarios que pertenec\u00edan a la Direcci\u00f3n de Educaci\u00f3n Municipal, ex DEM, que hoy d\u00eda no son funcionarios municipales, sino del Servicio Local de Educaci\u00f3n P\u00fablica. Ese acto administrativo de informar al SLEP ya est\u00e1 hecho, para que ellos tomen las acciones pertinentes\u201d.<\/p>\n<p style=\"text-align: justify;\">Explic\u00f3 que \u201cnos quedan nueve funcionarios, de los cuales tres se han retirado o han jubilado\u201d. Nos quedan seis, para quienes ya hemos generado la instancia de sumario administrativo, tal cual se nos indic\u00f3 desde la Contralor\u00eda\u201d.<\/p>\n<p style=\"text-align: justify;\">Mart\u00ednez Gallardo agreg\u00f3 que \u201chay una investigaci\u00f3n, ya est\u00e1n asignados los fiscales para los seis casos, y para los otros tres que pertenecieron al municipio, aunque hoy no est\u00e9n. Tomamos las acciones inmediatamente, tal cual hacemos en todo tipo de cosas. Tambi\u00e9n inform\u00e9 la semana pasada sobre una serie de irregularidades que habr\u00edan tenido lugar en la anterior administraci\u00f3n, como las horas extras que se pagaron a las personas de confianza del alcalde anterior\u201d.<\/p>\n<p style=\"text-align: justify;\">En este sentido, el alcalde enfatiz\u00f3 en que \u201cesta es la verdad de lo que ocurre en el municipio. Nosotros no vamos a hacer ning\u00fan acto fuera de la ley, pero tampoco vamos a demonizar a estos funcionarios, hasta que no haya culminado la debida investigaci\u00f3n. Hoy d\u00eda, este tema se encuentra en la Direcci\u00f3n Jur\u00eddica, y por m\u00e1s que la gente nos pida, que los concejales nos pidan, no podemos entregar nombres. El documento es oficial, y as\u00ed lo mantendremos. Adem\u00e1s, yo debo ser quien al final tome decisiones, y no voy a dar juicios por adelantado\u201d.<\/p>\n<p style=\"text-align: justify;\">Sobre los pr\u00f3ximos pasos, la autoridad edilicia explic\u00f3 que a su retorno del litoral aysenino deber\u00e1 reunirse con el gremio municipal a quien informar\u00e1 sobre todo lo acontecido respecto a esta situaci\u00f3n. Asimismo, \u201cen la siguiente sesi\u00f3n de concejo municipal toda esta informaci\u00f3n estar\u00e1. No tenemos problemas en contestar, no hay nada oculto para que el concejal haga su labor. Es muy bueno que se fiscalice, de hecho, hay que continuar fiscalizando lo que todav\u00eda nos deben desde la administraci\u00f3n anterior. Por lo pronto, seis son los funcionarios de un total de 350 que son los que trabajan en el municipio, y yo no voy a usar adjetivos calificativos contra ellos o su desempe\u00f1o, mientras no est\u00e9 la investigaci\u00f3n, la cual como se\u00f1al\u00e9 ya ha sido iniciada\u201d, finaliz\u00f3.<\/p>\n<\/div><\/section><\/div><\/p>\n<div  style='height:50px' class='hr hr-invisible   avia-builder-el-6  el_after_av_one_full  el_before_av_social_share '><span class='hr-inner ' ><span class='hr-inner-style'><\/span><\/span><\/div>\n<div  class='av-social-sharing-box  avia-builder-el-7  el_after_av_hr  el_before_av_hr  '><div class='av-share-box'><h5 class='av-share-link-description av-no-toc '>Compartir esta noticia<\/h5><ul class='av-share-box-list noLightbox'><li class='av-share-link av-social-link-facebook' ><a target=\"_blank\" aria-label=\"Compartir en Facebook\" href='https:\/\/www.facebook.com\/sharer.php?u=https:\/\/radiorevelacionfm.cl\/?p=54474&#038;t=Alcalde%20Mart%C3%ADnez%20por%20caso%20Licencias%20M%C3%A9dicas%3A%20%E2%80%9CLos%20sumarios%20administrativos%20ya%20han%20sido%20iniciados%20y%20no%20voy%20a%20dar%20juicios%20por%20adelantado%E2%80%9D' aria-hidden='false' data-av_icon='\ue8f3' data-av_iconfont='entypo-fontello' title='' data-avia-related-tooltip='Compartir en Facebook' rel=\"noopener\"><span class='avia_hidden_link_text'>Compartir en Facebook<\/span><\/a><\/li><li class='av-share-link av-social-link-twitter' ><a target=\"_blank\" aria-label=\"Compartir en Twitter\" href='https:\/\/twitter.com\/share?text=Alcalde%20Mart%C3%ADnez%20por%20caso%20Licencias%20M%C3%A9dicas%3A%20%E2%80%9CLos%20sumarios%20administrativos%20ya%20han%20sido%20iniciados%20y%20no%20voy%20a%20dar%20juicios%20por%20adelantado%E2%80%9D&#038;url=https:\/\/radiorevelacionfm.cl\/?p=54474' aria-hidden='false' data-av_icon='\ue8f1' data-av_iconfont='entypo-fontello' title='' data-avia-related-tooltip='Compartir en Twitter' rel=\"noopener\"><span class='avia_hidden_link_text'>Compartir en Twitter<\/span><\/a><\/li><li class='av-share-link av-social-link-whatsapp' ><a target=\"_blank\" aria-label=\"Compartir en Whatsapp\" href='https:\/\/api.whatsapp.com\/send?text=https:\/\/radiorevelacionfm.cl\/?p=54474' aria-hidden='false' data-av_icon='\uf232' data-av_iconfont='entypo-fontello' title='' data-avia-related-tooltip='Compartir en Whatsapp' rel=\"noopener\"><span class='avia_hidden_link_text'>Compartir en Whatsapp<\/span><\/a><\/li><li class='av-share-link av-social-link-linkedin' ><a target=\"_blank\" aria-label=\"Compartir en LinkedIn\" href='https:\/\/linkedin.com\/shareArticle?mini=true&#038;title=Alcalde%20Mart%C3%ADnez%20por%20caso%20Licencias%20M%C3%A9dicas%3A%20%E2%80%9CLos%20sumarios%20administrativos%20ya%20han%20sido%20iniciados%20y%20no%20voy%20a%20dar%20juicios%20por%20adelantado%E2%80%9D&#038;url=https:\/\/radiorevelacionfm.cl\/?p=54474' aria-hidden='false' data-av_icon='\ue8fc' data-av_iconfont='entypo-fontello' title='' data-avia-related-tooltip='Compartir en LinkedIn' rel=\"noopener\"><span class='avia_hidden_link_text'>Compartir en LinkedIn<\/span><\/a><\/li><li class='av-share-link av-social-link-mail' ><a  aria-label=\"Compartir por correo\" href='mailto:?subject=Alcalde%20Mart%C3%ADnez%20por%20caso%20Licencias%20M%C3%A9dicas%3A%20%E2%80%9CLos%20sumarios%20administrativos%20ya%20han%20sido%20iniciados%20y%20no%20voy%20a%20dar%20juicios%20por%20adelantado%E2%80%9D&#038;body=https:\/\/radiorevelacionfm.cl\/?p=54474' aria-hidden='false' data-av_icon='\ue805' data-av_iconfont='entypo-fontello' title='' data-avia-related-tooltip='Compartir por correo'><span class='avia_hidden_link_text'>Compartir por correo<\/span><\/a><\/li><\/ul><\/div><\/div>\n<div  style='height:50px' class='hr hr-invisible   avia-builder-el-8  el_after_av_social_share  el_before_av_comments_list '><span class='hr-inner ' ><span class='hr-inner-style'><\/span><\/span><\/div>\n<div  class='av-buildercomment  av-blog-meta-html-info-disabled av-blog-meta-tag-disabled  '><\/div>\n","protected":false},"excerpt":{"rendered":"","protected":false},"author":1,"featured_media":31481,"comment_status":"closed","ping_status":"closed","sticky":false,"template":"","format":"standard","meta":{"footnotes":""},"categories":[38],"tags":[],"class_list":["post-54474","post","type-post","status-publish","format-standard","has-post-thumbnail","hentry","category-regional"],"jetpack_featured_media_url":"https:\/\/radiorevelacionfm.cl\/wp-content\/uploads\/2023\/05\/municipalidad-aysen-2023-05-30-1_optimized.jpeg","_links":{"self":[{"href":"https:\/\/radiorevelacionfm.cl\/index.php?rest_route=\/wp\/v2\/posts\/54474","targetHints":{"allow":["GET"]}}],"collection":[{"href":"https:\/\/radiorevelacionfm.cl\/index.php?rest_route=\/wp\/v2\/posts"}],"about":[{"href":"https:\/\/radiorevelacionfm.cl\/index.php?rest_route=\/wp\/v2\/types\/post"}],"author":[{"embeddable":true,"href":"https:\/\/radiorevelacionfm.cl\/index.php?rest_route=\/wp\/v2\/users\/1"}],"replies":[{"embeddable":true,"href":"https:\/\/radiorevelacionfm.cl\/index.php?rest_route=%2Fwp%2Fv2%2Fcomments&post=54474"}],"version-history":[{"count":3,"href":"https:\/\/radiorevelacionfm.cl\/index.php?rest_route=\/wp\/v2\/posts\/54474\/revisions"}],"predecessor-version":[{"id":54489,"href":"https:\/\/radiorevelacionfm.cl\/index.php?rest_route=\/wp\/v2\/posts\/54474\/revisions\/54489"}],"wp:featuredmedia":[{"embeddable":true,"href":"https:\/\/radiorevelacionfm.cl\/index.php?rest_route=\/wp\/v2\/media\/31481"}],"wp:attachment":[{"href":"https:\/\/radiorevelacionfm.cl\/index.php?rest_route=%2Fwp%2Fv2%2Fmedia&parent=54474"}],"wp:term":[{"taxonomy":"category","embeddable":true,"href":"https:\/\/radiorevelacionfm.cl\/index.php?rest_route=%2Fwp%2Fv2%2Fcategories&post=54474"},{"taxonomy":"post_tag","embeddable":true,"href":"https:\/\/radiorevelacionfm.cl\/index.php?rest_route=%2Fwp%2Fv2%2Ftags&post=54474"}],"curies":[{"name":"wp","href":"https:\/\/api.w.org\/{rel}","templated":true}]}}