{"id":5447,"date":"2021-06-18T15:57:14","date_gmt":"2021-06-18T18:57:14","guid":{"rendered":"https:\/\/radiorevelacionfm.cl\/?p=5447"},"modified":"2021-06-18T15:57:14","modified_gmt":"2021-06-18T18:57:14","slug":"familias-de-puerto-aysen-contaran-con-terrenos-para-sus-futuras-viviendas","status":"publish","type":"post","link":"https:\/\/radiorevelacionfm.cl\/?p=5447","title":{"rendered":"Familias de Puerto Ays\u00e9n contar\u00e1n con terrenos para sus futuras viviendas"},"content":{"rendered":"<div class=\"flex_column av_one_full  flex_column_div av-zero-column-padding first  avia-builder-el-0  el_before_av_one_full  avia-builder-el-first  \" style='border-radius:0px; '><div  class='avia-image-container  av-styling-    avia-builder-el-1  avia-builder-el-no-sibling  avia-align-center '  itemprop=\"image\" itemscope=\"itemscope\" itemtype=\"https:\/\/schema.org\/ImageObject\"  ><div class='avia-image-container-inner'><div class='avia-image-overlay-wrap'><img decoding=\"async\" class='wp-image-0 avia-img-lazy-loading-not-0 avia_image' src=\"https:\/\/radiorevelacionfm.cl\/wp-content\/uploads\/2021\/06\/IMG-TerrenosTA5-1-1.jpeg\" alt='' title=''   itemprop=\"thumbnailUrl\"  \/><\/div><\/div><\/div><\/div><div class=\"flex_column av_one_full  flex_column_div av-zero-column-padding first  avia-builder-el-2  el_after_av_one_full  el_before_av_one_full  column-top-margin\" style='border-radius:0px; '><section class=\"av_textblock_section \"  itemscope=\"itemscope\" itemtype=\"https:\/\/schema.org\/BlogPosting\" itemprop=\"blogPost\" ><div class='avia_textblock  '   itemprop=\"text\" ><p style=\"text-align: center;\"><strong><span style=\"font-size: 18pt;\">Familias de Puerto Ays\u00e9n contar\u00e1n con terrenos para sus futuras viviendas\u00a0<\/span><\/strong><\/p>\n<div id=\"gtx-trans\" style=\"position: absolute; left: -50px; top: 4.31534px;\">\n<div class=\"gtx-trans-icon\"><\/div>\n<\/div>\n<\/div><\/section><\/div><div class=\"flex_column av_one_full  flex_column_div av-zero-column-padding first  avia-builder-el-4  el_after_av_one_full  el_before_av_hr  column-top-margin\" style='border-radius:0px; '><section class=\"av_textblock_section \"  itemscope=\"itemscope\" itemtype=\"https:\/\/schema.org\/BlogPosting\" itemprop=\"blogPost\" ><div class='avia_textblock  '   itemprop=\"text\" ><p style=\"text-align: justify;\">Un importante hito se materializ\u00f3 recientemente en las oficinas de la Delegaci\u00f3n Provincial Ays\u00e9n del Servicio de Vivienda y Urbanismo (Serviu) dependiente del Ministerio de Vivienda y Urbanismo (Minvu), puesto que, en esta instancia se efectu\u00f3 la firma de compromiso por parte del ministerio con el representante del Comit\u00e9 de Vivienda \u201cTesoro Austral\u201d Luis Mu\u00f1oz, a fin de asegurar los terrenos donde se emplazar\u00e1n sus futuras viviendas en la ciudad de Puerto Ays\u00e9n. Una gesti\u00f3n liderada por el alcalde de la comuna, Luis Mart\u00ednez Gallardo y que ahora se encuentra a la espera de los tr\u00e1mites administrativos para comenzar un arduo y amplio trabajo con el equipo del municipio aysenino.<\/p>\n<p style=\"text-align: justify;\">Son 50 familias las que se ver\u00e1n beneficiadas con esta iniciativa que pretende seguir ampliando el radio urbano de Puerto Ays\u00e9n, en terrenos que actualmente la Secretar\u00eda Regional Ministerial de Vivienda de Ays\u00e9n, representada por Diego Silva Barrera, se encuentra gestionando con el Vicariato Apost\u00f3lico de Ays\u00e9n. Cabe destacar, que este es el paso m\u00e1s importante en cuanto a la construcci\u00f3n de nuevos conjuntos habitacionales por lo que ahora las familias podr\u00e1n desarrollar su postulaci\u00f3n a subsidios, junto a un gran avance, con el apoyo de los profesionales de la Secretar\u00eda Comunal de Planificaci\u00f3n.<\/p>\n<p style=\"text-align: justify;\">Al respecto, la primera autoridad de la comuna porte\u00f1a coment\u00f3 que \u201cse entreg\u00f3 el compromiso de que ellos ya tienen su terreno para construir las casas y viene ahora un trabajo junto a la Entidad Patrocinante Municipal para poder postular ojal\u00e1 antes de fin de a\u00f1o ya este proyecto. Ahora, en las etapas a seguir, el Serviu mejorar\u00e1 el terreno, va a hacer el loteo y despu\u00e9s ya nosotros tendremos que trabajar en tener los dise\u00f1os y comenzar la licitaci\u00f3n para materializar estas casas, una vez que ya ellos tengan su subsidio. As\u00ed es que, tienen terreno, la Entidad Patrocinante y viene la etapa de subsidios y junto al municipio, si todo va bien, estar\u00e1n el pr\u00f3ximo a\u00f1o ya construyendo sus casas\u201d, sentenci\u00f3 el alcalde Mart\u00ednez.<\/p>\n<\/div><\/section><\/div><div  style='height:50px' class='hr hr-invisible   avia-builder-el-6  el_after_av_one_full  el_before_av_social_share '><span class='hr-inner ' ><span class='hr-inner-style'><\/span><\/span><\/div><\/p>\n<div  class='av-social-sharing-box  avia-builder-el-7  el_after_av_hr  el_before_av_hr  '><div class='av-share-box'><h5 class='av-share-link-description av-no-toc '>Compartir esta noticia<\/h5><ul class='av-share-box-list noLightbox'><li class='av-share-link av-social-link-facebook' ><a target=\"_blank\" aria-label=\"Compartir en Facebook\" href='https:\/\/www.facebook.com\/sharer.php?u=https:\/\/radiorevelacionfm.cl\/?p=5447&#038;t=Familias%20de%20Puerto%20Ays%C3%A9n%20contar%C3%A1n%20con%20terrenos%20para%20sus%20futuras%20viviendas' aria-hidden='false' data-av_icon='\ue8f3' data-av_iconfont='entypo-fontello' title='' data-avia-related-tooltip='Compartir en Facebook' rel=\"noopener\"><span class='avia_hidden_link_text'>Compartir en Facebook<\/span><\/a><\/li><li class='av-share-link av-social-link-twitter' ><a target=\"_blank\" aria-label=\"Compartir en Twitter\" href='https:\/\/twitter.com\/share?text=Familias%20de%20Puerto%20Ays%C3%A9n%20contar%C3%A1n%20con%20terrenos%20para%20sus%20futuras%20viviendas&#038;url=https:\/\/radiorevelacionfm.cl\/?p=5447' aria-hidden='false' data-av_icon='\ue8f1' data-av_iconfont='entypo-fontello' title='' data-avia-related-tooltip='Compartir en Twitter' rel=\"noopener\"><span class='avia_hidden_link_text'>Compartir en Twitter<\/span><\/a><\/li><li class='av-share-link av-social-link-whatsapp' ><a target=\"_blank\" aria-label=\"Compartir en Whatsapp\" href='https:\/\/api.whatsapp.com\/send?text=https:\/\/radiorevelacionfm.cl\/?p=5447' aria-hidden='false' data-av_icon='\uf232' data-av_iconfont='entypo-fontello' title='' data-avia-related-tooltip='Compartir en Whatsapp' rel=\"noopener\"><span class='avia_hidden_link_text'>Compartir en Whatsapp<\/span><\/a><\/li><li class='av-share-link av-social-link-linkedin' ><a target=\"_blank\" aria-label=\"Compartir en LinkedIn\" href='https:\/\/linkedin.com\/shareArticle?mini=true&#038;title=Familias%20de%20Puerto%20Ays%C3%A9n%20contar%C3%A1n%20con%20terrenos%20para%20sus%20futuras%20viviendas&#038;url=https:\/\/radiorevelacionfm.cl\/?p=5447' aria-hidden='false' data-av_icon='\ue8fc' data-av_iconfont='entypo-fontello' title='' data-avia-related-tooltip='Compartir en LinkedIn' rel=\"noopener\"><span class='avia_hidden_link_text'>Compartir en LinkedIn<\/span><\/a><\/li><li class='av-share-link av-social-link-mail' ><a  aria-label=\"Compartir por correo\" href='mailto:?subject=Familias%20de%20Puerto%20Ays%C3%A9n%20contar%C3%A1n%20con%20terrenos%20para%20sus%20futuras%20viviendas&#038;body=https:\/\/radiorevelacionfm.cl\/?p=5447' aria-hidden='false' data-av_icon='\ue805' data-av_iconfont='entypo-fontello' title='' data-avia-related-tooltip='Compartir por correo'><span class='avia_hidden_link_text'>Compartir por correo<\/span><\/a><\/li><\/ul><\/div><\/div>\n<div  style='height:50px' class='hr hr-invisible   avia-builder-el-8  el_after_av_social_share  el_before_av_comments_list '><span class='hr-inner ' ><span class='hr-inner-style'><\/span><\/span><\/div>\n<div  class='av-buildercomment  av-blog-meta-html-info-disabled av-blog-meta-tag-disabled  '><\/div>\n","protected":false},"excerpt":{"rendered":"","protected":false},"author":1,"featured_media":0,"comment_status":"open","ping_status":"open","sticky":false,"template":"","format":"standard","meta":{"footnotes":""},"categories":[57],"tags":[],"class_list":["post-5447","post","type-post","status-publish","format-standard","hentry","category-vivienda"],"jetpack_featured_media_url":"","_links":{"self":[{"href":"https:\/\/radiorevelacionfm.cl\/index.php?rest_route=\/wp\/v2\/posts\/5447","targetHints":{"allow":["GET"]}}],"collection":[{"href":"https:\/\/radiorevelacionfm.cl\/index.php?rest_route=\/wp\/v2\/posts"}],"about":[{"href":"https:\/\/radiorevelacionfm.cl\/index.php?rest_route=\/wp\/v2\/types\/post"}],"author":[{"embeddable":true,"href":"https:\/\/radiorevelacionfm.cl\/index.php?rest_route=\/wp\/v2\/users\/1"}],"replies":[{"embeddable":true,"href":"https:\/\/radiorevelacionfm.cl\/index.php?rest_route=%2Fwp%2Fv2%2Fcomments&post=5447"}],"version-history":[{"count":1,"href":"https:\/\/radiorevelacionfm.cl\/index.php?rest_route=\/wp\/v2\/posts\/5447\/revisions"}],"predecessor-version":[{"id":5449,"href":"https:\/\/radiorevelacionfm.cl\/index.php?rest_route=\/wp\/v2\/posts\/5447\/revisions\/5449"}],"wp:attachment":[{"href":"https:\/\/radiorevelacionfm.cl\/index.php?rest_route=%2Fwp%2Fv2%2Fmedia&parent=5447"}],"wp:term":[{"taxonomy":"category","embeddable":true,"href":"https:\/\/radiorevelacionfm.cl\/index.php?rest_route=%2Fwp%2Fv2%2Fcategories&post=5447"},{"taxonomy":"post_tag","embeddable":true,"href":"https:\/\/radiorevelacionfm.cl\/index.php?rest_route=%2Fwp%2Fv2%2Ftags&post=5447"}],"curies":[{"name":"wp","href":"https:\/\/api.w.org\/{rel}","templated":true}]}}