{"id":54467,"date":"2025-05-27T21:25:10","date_gmt":"2025-05-28T00:25:10","guid":{"rendered":"https:\/\/radiorevelacionfm.cl\/?p=54467"},"modified":"2025-05-27T21:25:10","modified_gmt":"2025-05-28T00:25:10","slug":"alto-manihuales-cronica-de-una-contaminacion-anunciada","status":"publish","type":"post","link":"https:\/\/radiorevelacionfm.cl\/?p=54467","title":{"rendered":"Alto Ma\u00f1ihuales: Cr\u00f3nica de una contaminaci\u00f3n anunciada"},"content":{"rendered":"<div class=\"flex_column av_one_full  flex_column_div av-zero-column-padding first  avia-builder-el-0  el_before_av_one_full  avia-builder-el-first  \" style='border-radius:0px; '><div  class='avia-image-container  av-styling-    avia-builder-el-1  avia-builder-el-no-sibling  avia-align-center '  itemprop=\"image\" itemscope=\"itemscope\" itemtype=\"https:\/\/schema.org\/ImageObject\"  ><div class='avia-image-container-inner'><div class='avia-image-overlay-wrap'><img decoding=\"async\" class='wp-image-54468 avia-img-lazy-loading-not-54468 avia_image' src=\"https:\/\/radiorevelacionfm.cl\/wp-content\/uploads\/2025\/05\/alto-manihuales1-1_optimized-1.jpg\" alt='' title='alto-ma\u00f1ihuales1-(1)_optimized (1)' height=\"600\" width=\"1067\"  itemprop=\"thumbnailUrl\" srcset=\"https:\/\/radiorevelacionfm.cl\/wp-content\/uploads\/2025\/05\/alto-manihuales1-1_optimized-1.jpg 1067w, https:\/\/radiorevelacionfm.cl\/wp-content\/uploads\/2025\/05\/alto-manihuales1-1_optimized-1-300x169.jpg 300w, https:\/\/radiorevelacionfm.cl\/wp-content\/uploads\/2025\/05\/alto-manihuales1-1_optimized-1-1030x579.jpg 1030w, https:\/\/radiorevelacionfm.cl\/wp-content\/uploads\/2025\/05\/alto-manihuales1-1_optimized-1-768x432.jpg 768w, https:\/\/radiorevelacionfm.cl\/wp-content\/uploads\/2025\/05\/alto-manihuales1-1_optimized-1-705x396.jpg 705w, https:\/\/radiorevelacionfm.cl\/wp-content\/uploads\/2025\/05\/alto-manihuales1-1_optimized-1-450x253.jpg 450w, https:\/\/radiorevelacionfm.cl\/wp-content\/uploads\/2025\/05\/alto-manihuales1-1_optimized-1-600x337.jpg 600w\" sizes=\"(max-width: 1067px) 100vw, 1067px\" \/><\/div><\/div><\/div><\/div><div class=\"flex_column av_one_full  flex_column_div av-zero-column-padding first  avia-builder-el-2  el_after_av_one_full  el_before_av_one_full  column-top-margin\" style='border-radius:0px; '><section class=\"av_textblock_section \"  itemscope=\"itemscope\" itemtype=\"https:\/\/schema.org\/BlogPosting\" itemprop=\"blogPost\" ><div class='avia_textblock  '   itemprop=\"text\" ><p style=\"text-align: center;\"><strong><span style=\"font-size: 18pt;\">Alto Ma\u00f1ihuales: Cr\u00f3nica de una contaminaci\u00f3n anunciada<\/span><\/strong><\/p>\n<div id=\"gtx-trans\" style=\"position: absolute; left: -50px; top: 4.31534px;\">\n<div class=\"gtx-trans-icon\"><\/div>\n<\/div>\n<\/div><\/section><\/div><div class=\"flex_column av_one_full  flex_column_div av-zero-column-padding first  avia-builder-el-4  el_after_av_one_full  el_before_av_hr  column-top-margin\" style='border-radius:0px; '><section class=\"av_textblock_section \"  itemscope=\"itemscope\" itemtype=\"https:\/\/schema.org\/BlogPosting\" itemprop=\"blogPost\" ><div class='avia_textblock  '   itemprop=\"text\" ><p class=\"v1MsoNormal\" style=\"text-align: justify;\"><span lang=\"ES-TRAD\">Ya son 10 a\u00f1os.\u00a0 Una d\u00e9cada.\u00a0 Quiz\u00e1s un poco m\u00e1s.\u00a0<\/span><\/p>\n<p class=\"v1MsoNormal\" style=\"text-align: justify;\"><span lang=\"ES-TRAD\">El\u00a0<b>24 de septiembre de 2014<\/b> se supo que estaban muriendo animales. Dos vacas en el predio El Mirador fue la primera alerta.\u00a0<\/span><\/p>\n<p class=\"v1MsoNormal\" style=\"text-align: justify;\"><span lang=\"ES-TRAD\">\u00ab<i>Detectan plomo y ars\u00e9nico en vacunos del sector Alto Ma\u00f1ihuales<\/i>\u00bb titul\u00f3 por esos d\u00edas\u00a0<a href=\"https:\/\/www.patagonjournal.com\/index.php?option=com_content&amp;view=article&amp;id=3105:detectan-plomo-y-arsenico-en-vacunos-del-sector-alto-manihuales&amp;catid=66:medioambiente&amp;lang=es&amp;Itemid=\" target=\"_blank\" rel=\"noopener noreferrer\">El Diario de Ays\u00e9n<\/a>.\u00a0 \u00ab<i>Presencia de metales pesados en vaquilla muerta activa rigurosa fiscalizaci\u00f3n<\/i>\u00bb agregaba El Divisadero.<\/span><\/p>\n<p class=\"v1MsoNormal\" style=\"text-align: justify;\"><span lang=\"ES-TRAD\">El Colegio M\u00e9dico de Ays\u00e9n se sum\u00f3 a los cuestionamientos, tras realizar sus propios an\u00e1lisis que\u00a0<a href=\"https:\/\/chilesustentable.net\/2015\/12\/presentan-querella-por-caso-de-contaminacion-con-arsenico-y-plomo-en-alto-manihuales\/\" target=\"_blank\" rel=\"noopener noreferrer\">confirmaron lo que se presum\u00eda<\/a>: varias familias del sector presentaban altos niveles de concentraci\u00f3n de metales pesados como plomo y ars\u00e9nico, incluido zinc. Zinc, el mineral matriz de las operaciones de El Toqui, la compa\u00f1\u00eda que bajo diversas controladoras ha explotado la zona desde mediados de los 80.\u00a0 La que desde 2019 es propiedad de la Sociedad Minera Pac\u00edfico del Sur.<\/span><\/p>\n<p class=\"v1MsoNormal\" style=\"text-align: justify;\"><span lang=\"ES-TRAD\">Por esos d\u00edas el gobierno abord\u00f3 el asunto.\u00a0 Eran los tiempos de\u00a0<b>Bachelet 2<\/b>.<\/span><\/p>\n<p class=\"v1MsoNormal\" style=\"text-align: justify;\"><span lang=\"ES-TRAD\">El Ministerio de Salud identific\u00f3 a las familias afectadas -y que estuvieron disponibles para ser parte del proceso- para impulsar un trabajo de atenci\u00f3n de salud personalizada.\u00a0 Dur\u00f3 dos a\u00f1os el procedimiento, con controles, medicamentos y la sugerencia de que usaran, permanentemente, mascarillas. Familias que est\u00e1n desde antes de las operaciones mineras.<\/span><\/p>\n<p class=\"v1MsoNormal\" style=\"text-align: justify;\"><span lang=\"ES-TRAD\">Como confirmara la se\u00f1ora Raquel este viernes en reuni\u00f3n con las autoridades: \u00ab<i>Somos nacidos y criados ah\u00ed. No somos de afuera\u00bb. <\/i>Cuando se retiraron del sector aleda\u00f1o a los relaves, todos sus hijos ya hab\u00edan sido impactados, incluida la m\u00e1s peque\u00f1a de cuatro a\u00f1os que \u00ab<i>ya sali\u00f3 contaminada. Y tambi\u00e9n yo. Y as\u00ed varios vecinos m\u00e1s<\/i>\u00ab.<\/span><\/p>\n<p class=\"v1MsoNormal\" style=\"text-align: justify;\"><span lang=\"ES-TRAD\">Se tomaron muestras al agua, se iniciaron fiscalizaciones, se impusieron sanciones. Todo mientras dur\u00f3 el revuelo. Unos dos a\u00f1os, m\u00e1s o menos.<\/span><\/p>\n<p class=\"v1MsoNormal\" style=\"text-align: justify;\"><span lang=\"ES-TRAD\">El gobernador de Coyhaique, Cristian L\u00f3pez Montecinos (DC), constituy\u00f3 una\u00a0<a href=\"http:\/\/www.gobernacioncoihaique.gov.cl\/sin-categoria\/diversos-actores-valoran-la-mesa-tripartita-de-soluciones-ambientales-de-alto-manihuales-que-instauro-el-gobierno\/\" target=\"_blank\" rel=\"noopener noreferrer\">mesa tripartita en el \u00e1rea<\/a>: gobierno, empresa, vecinos. Como <a href=\"https:\/\/noalamina.org\/latinoamerica\/chile\/item\/15036-alto-manihuales-pobladores-entregan-fotografias-para-denunciar-que-empresa-minera-habria-vertido-desechos-en-lecho-de-rio\" target=\"_blank\" rel=\"noopener noreferrer\">CODESA fuimos parte de las primeras reuniones<\/a>, al ser una de las organizaciones que\u00a0<a href=\"https:\/\/eldesconcierto.cl\/2015\/07\/09\/tranques-de-relave-de-mina-el-toqui-donde-se-intoxican-los-suenos-de-una-comunidad\" target=\"_blank\" rel=\"noopener noreferrer\">viabiliz\u00f3 que se conociera el tema a nivel regional y nacional<\/a>. R\u00e1pidamente la autoridad provincial cerr\u00f3 la posibilidad para que \u00e9sta y otras agrupaciones cautelaran el avance del proceso.\u00a0<\/span><\/p>\n<p class=\"v1MsoNormal\" style=\"text-align: justify;\"><span lang=\"ES-TRAD\">Hoy, a m\u00e1s de tres mil kil\u00f3metros, L\u00f3pez cumple otras funciones. Es ministro suplente en el Primer Tribunal Ambiental de Antofagasta. En estos a\u00f1os, ha favorecido con sus votos otro proyecto minero: Dominga, en Coquimbo.<\/span><\/p>\n<p class=\"v1MsoNormal\" style=\"text-align: justify;\"><span lang=\"ES-TRAD\">El resultado de esa mesa qued\u00f3 a la vista: Al poco tiempo ya estaba encaminada, con la recurrida pr\u00e1ctica transaccional del Estado y ciertas empresas: <a href=\"http:\/\/www.gobernacioncoihaique.gov.cl\/noticias\/gobernador-de-coyhaique-da-respuesta-a-las-demandas-de-pobladores-de-sectores-de-lago-norte-alto-manihuales-arroyo-el-gato-y-manihuales\/\" target=\"_blank\" rel=\"noopener noreferrer\">asistencia econ\u00f3mica a cambio de la salud de las personas y la integridad de los ecosistemas<\/a>. Ah\u00ed estuvo el <a href=\"https:\/\/aquiaysen.wordpress.com\/2016\/12\/28\/hoy-se-inicia-subsidio-transportes-coyhaique-alto-manihuales\/\" target=\"_blank\" rel=\"noopener noreferrer\">transporte p\u00fablico subsidiado<\/a>\u00a0hacia Coyhaique, un curso de alfabetizaci\u00f3n de adultos, instalaci\u00f3n de paneles fotovoltaicos, entre otras medidas.<\/span><\/p>\n<p class=\"v1MsoNormal\" style=\"text-align: justify;\"><span lang=\"ES-TRAD\">En esa \u00e9poca, el gerente de la empresa se\u00f1alaba que \u00ab<i>el plan definitivo de encapsulamiento de la corona del tranque est\u00e1 financiado para el a\u00f1o 2016, en enero comenzar\u00e1 el cierre definitivo, y evitar la poluci\u00f3n. Esta tendr\u00eda una inversi\u00f3n de 2 millones de d\u00f3lares, aproximadamente, cumpliendo con esto el compromiso con la mesa<\/i>\u00ab.<\/span><\/p>\n<p class=\"v1MsoNormal\" style=\"text-align: justify;\"><span lang=\"ES-TRAD\">A los pocos a\u00f1os de los hechos de 2014, nos olvidamos. O, mejor dicho, el Estado y las controladoras. Porque desde la sociedad civil se sigui\u00f3 exponiendo el tema. En 2018 se organiz\u00f3 en Puerto Ingeniero Ib\u00e1\u00f1ez el seminario \u00ab<a href=\"https:\/\/elecowebtivista.wordpress.com\/2018\/09\/20\/sara-larrain-sera-oradora-principal-de-seminario-agua-mineria-y-agricultura-una-relacion-virtuosa\/\" target=\"_blank\" rel=\"noopener noreferrer\">Agua, miner\u00eda y agricultura: \u00bfUna relaci\u00f3n virtuosa?<\/a>\u00ab. Por cierto, ninguna autoridad particip\u00f3.\u00a0 Est\u00e1bamos en el gobierno de <b>Pi\u00f1era 2<\/b>, que un a\u00f1o despu\u00e9s ser\u00eda\u00a0<a href=\"https:\/\/tehuelchenoticias.cl\/sitio_anterior\/ver-noticias\/68\" target=\"_blank\" rel=\"noopener noreferrer\">raudo en apoyar la venta minera a sus actuales due\u00f1os<\/a>, luego de la quiebra de la australiana Laguna Gold.<\/span><\/p>\n<p class=\"v1MsoNormal\" style=\"text-align: justify;\"><span lang=\"ES-TRAD\">Lo ocurrido en este verano, con la muerte de una decena de vacunos es, dir\u00eda alguien, cr\u00f3nica de una muerte anunciada. De varias muertes, m\u00e1s bien. No es que fuera novedad. En la reuni\u00f3n del viernes el SAG confirm\u00f3 que en 2021 ya se tuvo conocimiento de p\u00e9rdida de equinos por la misma raz\u00f3n: metales pesados.<\/span><\/p>\n<p class=\"v1MsoNormal\" style=\"text-align: justify;\"><span lang=\"ES-TRAD\">En estos a\u00f1os no se ha activado un mecanismo de medici\u00f3n sistem\u00e1tico en el ecosistema del lugar para conocer a ciencia cierta y peri\u00f3dicamente los niveles de contaminaci\u00f3n de los suelos, forraje, ganado, agua, hortalizas, no s\u00f3lo al lado de los relaves sino mucho m\u00e1s all\u00e1. La gente lo dice: el polvo vuela hasta Lago Norte, a unos 10 kil\u00f3metros del relave Confluencia.<\/span><\/p>\n<p class=\"v1MsoNormal\" style=\"text-align: justify;\"><span lang=\"ES-TRAD\">Tampoco, ex\u00e1menes peri\u00f3dicos a los vecinos y pobladores. Que la log\u00edstica, que es muy caro, que quiz\u00e1s no es tan grave. La oferta, los ex\u00e1menes del sistema de salud normal al que accede toda la poblaci\u00f3n. Y que se sabe detectan problemas cuando ya es demasiado tarde.<\/span><\/p>\n<p class=\"v1MsoNormal\" style=\"text-align: justify;\"><span lang=\"ES-TRAD\">Y lo que es peor, ninguna medida concreta sobre el tranque de relaves Confluencia, de casi 6 millones de toneladas de material contaminante, que a la intemperie permanece distribuyendo mineral hacia los sectores aleda\u00f1os.\u00a0<\/span><\/p>\n<p class=\"v1MsoNormal\" style=\"text-align: justify;\"><span lang=\"ES-TRAD\">Desde hace ya cinco a\u00f1os este pasivo ambiental est\u00e1 con orden de someterse a evaluaci\u00f3n ambiental, medida que la Superintendencia del Medio Ambiente\u00a0<a href=\"https:\/\/eldesconcierto.cl\/2024\/06\/24\/alianza-mineria-gobierno-en-aysen-una-nueva-renuncia-del-gobierno-ecologista\" target=\"_blank\" rel=\"noopener noreferrer\">no ha tenido la voluntad de materializar<\/a>. El organismo no concurri\u00f3 a la reuni\u00f3n a la que se convoc\u00f3 el viernes \u00faltimo, a pesar de haber sido formalmente invitado el jefe de la oficina regional Oscar Leal.<\/span><\/p>\n<p class=\"v1MsoNormal\" style=\"text-align: justify;\"><span lang=\"ES-TRAD\">En estos a\u00f1os, durante\u00a0<b>Boric 1<\/b>, el seremi de Miner\u00eda Juan V\u00e1squez, parad\u00f3jicamente militante del partido Federaci\u00f3n Ecologista Verde Social (al cual hace un tiempo se integraron en\u00a0<a href=\"https:\/\/frevs.cl\/2022\/03\/20\/federacion-regionalista-verde-social-fortalece-compromiso-ecologico-con-nueva-alianza\/\" target=\"_blank\" rel=\"noopener noreferrer\">masa m\u00faltiples militantes del extinto Partido Ecologista Verde<\/a>), se ha dedicado a relatar \u00ab<a href=\"https:\/\/www.reporteminero.cl\/noticia\/noticias\/2025\/05\/minera-pacifico-del-sur-celebra-el-dia-del-trabajo\" target=\"_blank\" rel=\"noopener noreferrer\">el liderazgo de la compa\u00f1\u00eda<\/a>\u00ab. A pesar de estar informado de las irregularidades, tampoco concurri\u00f3 a la convocatoria.<\/span><\/p>\n<p class=\"v1MsoNormal\" style=\"text-align: justify;\"><span lang=\"ES-TRAD\">Lo mismo ocurri\u00f3 con Sernageomin, cuya directora regional Andrea Aguilar fue otra autoridad que se rest\u00f3.<\/span><\/p>\n<p class=\"v1MsoNormal\" style=\"text-align: justify;\"><span lang=\"ES-TRAD\">Ausencias que se notaron. Y que mantienen preguntas sin respuesta. Las mismas que el Estado, en distintos gobiernos, no ha tenido voluntad de zanjar. Y que valida lo que el viernes <a href=\"https:\/\/www.diarioregionalaysen.cl\/noticia\/actualidad\/2025\/05\/vecinos-de-alto-manihuales-exponen-dramaticos-testimonios-a-organismos-publicos\" target=\"_blank\" rel=\"noopener noreferrer\">resumi\u00f3 la se\u00f1ora Raquel<\/a>: \u00ab<i>No hay que dejar que caiga<\/i>\u00a0(el tema)<i>, porque ah\u00ed s\u00ed que vamos a perder<\/i>\u00ab.<\/span><\/p>\n<\/div><\/section><\/div><div  style='height:50px' class='hr hr-invisible   avia-builder-el-6  el_after_av_one_full  el_before_av_social_share '><span class='hr-inner ' ><span class='hr-inner-style'><\/span><\/span><\/div><\/p>\n<div  class='av-social-sharing-box  avia-builder-el-7  el_after_av_hr  el_before_av_hr  '><div class='av-share-box'><h5 class='av-share-link-description av-no-toc '>Compartir esta noticia<\/h5><ul class='av-share-box-list noLightbox'><li class='av-share-link av-social-link-facebook' ><a target=\"_blank\" aria-label=\"Compartir en Facebook\" href='https:\/\/www.facebook.com\/sharer.php?u=https:\/\/radiorevelacionfm.cl\/?p=54467&#038;t=Alto%20Ma%C3%B1ihuales%3A%20Cr%C3%B3nica%20de%20una%20contaminaci%C3%B3n%20anunciada' aria-hidden='false' data-av_icon='\ue8f3' data-av_iconfont='entypo-fontello' title='' data-avia-related-tooltip='Compartir en Facebook' rel=\"noopener\"><span class='avia_hidden_link_text'>Compartir en Facebook<\/span><\/a><\/li><li class='av-share-link av-social-link-twitter' ><a target=\"_blank\" aria-label=\"Compartir en Twitter\" href='https:\/\/twitter.com\/share?text=Alto%20Ma%C3%B1ihuales%3A%20Cr%C3%B3nica%20de%20una%20contaminaci%C3%B3n%20anunciada&#038;url=https:\/\/radiorevelacionfm.cl\/?p=54467' aria-hidden='false' data-av_icon='\ue8f1' data-av_iconfont='entypo-fontello' title='' data-avia-related-tooltip='Compartir en Twitter' rel=\"noopener\"><span class='avia_hidden_link_text'>Compartir en Twitter<\/span><\/a><\/li><li class='av-share-link av-social-link-whatsapp' ><a target=\"_blank\" aria-label=\"Compartir en Whatsapp\" href='https:\/\/api.whatsapp.com\/send?text=https:\/\/radiorevelacionfm.cl\/?p=54467' aria-hidden='false' data-av_icon='\uf232' data-av_iconfont='entypo-fontello' title='' data-avia-related-tooltip='Compartir en Whatsapp' rel=\"noopener\"><span class='avia_hidden_link_text'>Compartir en Whatsapp<\/span><\/a><\/li><li class='av-share-link av-social-link-linkedin' ><a target=\"_blank\" aria-label=\"Compartir en LinkedIn\" href='https:\/\/linkedin.com\/shareArticle?mini=true&#038;title=Alto%20Ma%C3%B1ihuales%3A%20Cr%C3%B3nica%20de%20una%20contaminaci%C3%B3n%20anunciada&#038;url=https:\/\/radiorevelacionfm.cl\/?p=54467' aria-hidden='false' data-av_icon='\ue8fc' data-av_iconfont='entypo-fontello' title='' data-avia-related-tooltip='Compartir en LinkedIn' rel=\"noopener\"><span class='avia_hidden_link_text'>Compartir en LinkedIn<\/span><\/a><\/li><li class='av-share-link av-social-link-mail' ><a  aria-label=\"Compartir por correo\" href='mailto:?subject=Alto%20Ma%C3%B1ihuales%3A%20Cr%C3%B3nica%20de%20una%20contaminaci%C3%B3n%20anunciada&#038;body=https:\/\/radiorevelacionfm.cl\/?p=54467' aria-hidden='false' data-av_icon='\ue805' data-av_iconfont='entypo-fontello' title='' data-avia-related-tooltip='Compartir por correo'><span class='avia_hidden_link_text'>Compartir por correo<\/span><\/a><\/li><\/ul><\/div><\/div>\n<div  style='height:50px' class='hr hr-invisible   avia-builder-el-8  el_after_av_social_share  el_before_av_comments_list '><span class='hr-inner ' ><span class='hr-inner-style'><\/span><\/span><\/div>\n<div  class='av-buildercomment  av-blog-meta-html-info-disabled av-blog-meta-tag-disabled  '><\/div>\n","protected":false},"excerpt":{"rendered":"","protected":false},"author":1,"featured_media":54468,"comment_status":"closed","ping_status":"closed","sticky":false,"template":"","format":"standard","meta":{"footnotes":""},"categories":[38],"tags":[],"class_list":["post-54467","post","type-post","status-publish","format-standard","has-post-thumbnail","hentry","category-regional"],"jetpack_featured_media_url":"https:\/\/radiorevelacionfm.cl\/wp-content\/uploads\/2025\/05\/alto-manihuales1-1_optimized-1.jpg","_links":{"self":[{"href":"https:\/\/radiorevelacionfm.cl\/index.php?rest_route=\/wp\/v2\/posts\/54467","targetHints":{"allow":["GET"]}}],"collection":[{"href":"https:\/\/radiorevelacionfm.cl\/index.php?rest_route=\/wp\/v2\/posts"}],"about":[{"href":"https:\/\/radiorevelacionfm.cl\/index.php?rest_route=\/wp\/v2\/types\/post"}],"author":[{"embeddable":true,"href":"https:\/\/radiorevelacionfm.cl\/index.php?rest_route=\/wp\/v2\/users\/1"}],"replies":[{"embeddable":true,"href":"https:\/\/radiorevelacionfm.cl\/index.php?rest_route=%2Fwp%2Fv2%2Fcomments&post=54467"}],"version-history":[{"count":2,"href":"https:\/\/radiorevelacionfm.cl\/index.php?rest_route=\/wp\/v2\/posts\/54467\/revisions"}],"predecessor-version":[{"id":54496,"href":"https:\/\/radiorevelacionfm.cl\/index.php?rest_route=\/wp\/v2\/posts\/54467\/revisions\/54496"}],"wp:featuredmedia":[{"embeddable":true,"href":"https:\/\/radiorevelacionfm.cl\/index.php?rest_route=\/wp\/v2\/media\/54468"}],"wp:attachment":[{"href":"https:\/\/radiorevelacionfm.cl\/index.php?rest_route=%2Fwp%2Fv2%2Fmedia&parent=54467"}],"wp:term":[{"taxonomy":"category","embeddable":true,"href":"https:\/\/radiorevelacionfm.cl\/index.php?rest_route=%2Fwp%2Fv2%2Fcategories&post=54467"},{"taxonomy":"post_tag","embeddable":true,"href":"https:\/\/radiorevelacionfm.cl\/index.php?rest_route=%2Fwp%2Fv2%2Ftags&post=54467"}],"curies":[{"name":"wp","href":"https:\/\/api.w.org\/{rel}","templated":true}]}}