{"id":54460,"date":"2025-05-28T10:06:08","date_gmt":"2025-05-28T13:06:08","guid":{"rendered":"https:\/\/radiorevelacionfm.cl\/?p=54460"},"modified":"2025-05-28T10:06:08","modified_gmt":"2025-05-28T13:06:08","slug":"opinion-avanzar-con-respeto-la-importancia-de-la-inclusion-en-aysen","status":"publish","type":"post","link":"https:\/\/radiorevelacionfm.cl\/?p=54460","title":{"rendered":"Opini\u00f3n | \u00abAvanzar con respeto: la importancia de la inclusi\u00f3n en Ays\u00e9n\u00bb"},"content":{"rendered":"<div class=\"flex_column av_one_full  flex_column_div av-zero-column-padding first  avia-builder-el-0  el_before_av_one_full  avia-builder-el-first  \" style='border-radius:0px; '><div  class='avia-image-container  av-styling-    avia-builder-el-1  avia-builder-el-no-sibling  avia-align-center '  itemprop=\"image\" itemscope=\"itemscope\" itemtype=\"https:\/\/schema.org\/ImageObject\"  ><div class='avia-image-container-inner'><div class='avia-image-overlay-wrap'><img decoding=\"async\" class='wp-image-49619 avia-img-lazy-loading-not-49619 avia_image' src=\"https:\/\/radiorevelacionfm.cl\/wp-content\/uploads\/2025\/01\/seremi-de-gobierno-1-1_optimized-1.jpeg\" alt='' title='seremi-de-gobierno-1-(1)_optimized (1)' height=\"600\" width=\"1067\"  itemprop=\"thumbnailUrl\" srcset=\"https:\/\/radiorevelacionfm.cl\/wp-content\/uploads\/2025\/01\/seremi-de-gobierno-1-1_optimized-1.jpeg 1067w, https:\/\/radiorevelacionfm.cl\/wp-content\/uploads\/2025\/01\/seremi-de-gobierno-1-1_optimized-1-300x169.jpeg 300w, https:\/\/radiorevelacionfm.cl\/wp-content\/uploads\/2025\/01\/seremi-de-gobierno-1-1_optimized-1-1030x579.jpeg 1030w, https:\/\/radiorevelacionfm.cl\/wp-content\/uploads\/2025\/01\/seremi-de-gobierno-1-1_optimized-1-768x432.jpeg 768w, https:\/\/radiorevelacionfm.cl\/wp-content\/uploads\/2025\/01\/seremi-de-gobierno-1-1_optimized-1-705x396.jpeg 705w, https:\/\/radiorevelacionfm.cl\/wp-content\/uploads\/2025\/01\/seremi-de-gobierno-1-1_optimized-1-450x253.jpeg 450w, https:\/\/radiorevelacionfm.cl\/wp-content\/uploads\/2025\/01\/seremi-de-gobierno-1-1_optimized-1-600x337.jpeg 600w\" sizes=\"(max-width: 1067px) 100vw, 1067px\" \/><\/div><\/div><\/div><\/div><div class=\"flex_column av_one_full  flex_column_div av-zero-column-padding first  avia-builder-el-2  el_after_av_one_full  el_before_av_one_full  column-top-margin\" style='border-radius:0px; '><section class=\"av_textblock_section \"  itemscope=\"itemscope\" itemtype=\"https:\/\/schema.org\/BlogPosting\" itemprop=\"blogPost\" ><div class='avia_textblock  '   itemprop=\"text\" ><p style=\"text-align: center;\"><strong><span style=\"font-size: 18pt;\">Opini\u00f3n | \u00abAvanzar con respeto: la importancia de la inclusi\u00f3n en Ays\u00e9n\u00bb<\/span><\/strong><\/p>\n<div id=\"gtx-trans\" style=\"position: absolute; left: -50px; top: 4.31534px;\">\n<div class=\"gtx-trans-icon\"><\/div>\n<\/div>\n<\/div><\/section><\/div><div class=\"flex_column av_one_full  flex_column_div av-zero-column-padding first  avia-builder-el-4  el_after_av_one_full  el_before_av_hr  column-top-margin\" style='border-radius:0px; '><section class=\"av_textblock_section \"  itemscope=\"itemscope\" itemtype=\"https:\/\/schema.org\/BlogPosting\" itemprop=\"blogPost\" ><div class='avia_textblock  '   itemprop=\"text\" ><div>\n<p class=\"v1MsoNormal\" style=\"text-align: justify;\"><em>Por: \u00darsula Mix Jim\u00e9nez, Seremi de Gobierno de la Regi\u00f3n de Ays\u00e9n<\/em><\/p>\n<p class=\"v1MsoNormal\" style=\"text-align: justify;\">Como una forma de avanzar en derechos hacia las personas transg\u00e9nero y no en opiniones, nace \u00abCrece con orgullo\u00bb, Programa de Acompa\u00f1amiento a la Identidad de G\u00e9nero (PAIG), desarrollado por el Ministerio de Desarrollo Social y Familia y el Ministerio de Salud del Gobierno de Chile. \u00c9ste, permite acceder a acompa\u00f1amientos con orientaci\u00f3n profesional multidisciplinaria, que incluyen asesoramiento psicol\u00f3gico y biopsicosocial, otorgando herramientas que favorezcan un desarrollo integral, en concordancia con la identidad de g\u00e9nero de cada persona.\u00bb<\/p>\n<p class=\"v1MsoNormal\" style=\"text-align: justify;\">Desafortunadamente, vemos c\u00f3mo la C\u00e1mara de Diputados aprob\u00f3 el informe de la Comisi\u00f3n Investigadora sobre el PAIG, recomendando la suspensi\u00f3n de tratamientos hormonales y cirug\u00edas de reafirmaci\u00f3n de g\u00e9nero en menores de edad, creando un retroceso en materia de igualdad y respeto hacia las personas transg\u00e9nero. Pese a no ser vinculante, marca un p\u00e9simo antecedente en el avance por eliminar la vulneraci\u00f3n de derechos.<\/p>\n<p class=\"v1MsoNormal\" style=\"text-align: justify;\">A su vez, el Gobierno del Presidente Gabriel Boric Font ha avanzado en iniciativas que promueven el respeto hacia todas las personas, dando a conocer instancias como la p\u00e1gina web<a href=\"http:\/\/www.lugarderespeto.cl\/\" target=\"_blank\" rel=\"noopener noreferrer\">\u00a0<\/a><a href=\"http:\/\/www.lugarderespeto.cl\/\" target=\"_blank\" rel=\"noopener noreferrer\">www.lugarderespeto.cl<\/a>, donde se insta a la eliminaci\u00f3n de la violencia hacia las personas LGBTIQA+, destacando que las personas transg\u00e9nero son sujeto de violencia y discriminaci\u00f3n desde la ni\u00f1ez.<\/p>\n<p class=\"v1MsoNormal\" style=\"text-align: justify;\">Ante la aprobaci\u00f3n del Informe por parte de la C\u00e1mara de Diputados, la diputada Emilia Scheneider fue enf\u00e1tica en declarar que \u00abAlgunos de la ultraderecha, quisieron usar esta comisi\u00f3n como un espacio para hacer retroceder los pocos derechos que tenemos las personas trans (&#8230;) presentamos evidencia en pol\u00edticas p\u00fablicas, en la ciencia y en los testimonios de familias sobre la importancia del programa que ustedes quieren eliminar\u00bb<\/p>\n<p class=\"v1MsoNormal\" style=\"text-align: justify;\">Adem\u00e1s, se\u00f1al\u00f3 que el Estado no ofrece terapias hormonales ni cirug\u00edas para menores, enfatizando en que el PAIG es voluntario y de apoyo psicosocial, sin hormonoterapia ni intervenciones quir\u00fargicas, enfocado en ni\u00f1os, ni\u00f1as y sus familias, y que el 99% de los participantes acude con su familia, buscando prevenir el bullying, la deserci\u00f3n escolar, la depresi\u00f3n e incluso, el suicidio. Culp\u00f3 a la ultraderecha por este retroceso: \u00abMuchos de ustedes hace un tiempo reivindicaban con locura el legado de Sebasti\u00e1n Pi\u00f1era. Y este programa viene de ese gobierno. Y ahora no les da ning\u00fan remordimiento echarlo por la borda cuando hay presi\u00f3n de la ultraderecha. Eso es carecer de convicci\u00f3n\u00bb.<\/p>\n<p class=\"v1MsoNormal\" style=\"text-align: justify;\">No podemos volver hacia atr\u00e1s en el avance de derechos, por el contrario, debemos lograr m\u00e1s y mejores oportunidades para todas las personas. Por esto, tambi\u00e9n debemos reflexionar en la regi\u00f3n de Ays\u00e9n y no quedar al margen de la discusi\u00f3n. Necesitamos generar espacios seguros y libres de discriminaci\u00f3n.<\/p>\n<p class=\"v1MsoNormal\" style=\"text-align: justify;\">Si quieres acceder en la regi\u00f3n de Ays\u00e9n al PAIG, la v\u00eda de ingreso es mediante derivaci\u00f3n. De igual forma, puedes obtener m\u00e1s informaci\u00f3n enviando un correo electr\u00f3nico a\u00a0<a href=\"mailto:crececonorgulloaysen@saludaysen.cl\" rel=\"noreferrer\">crececonorgulloaysen@saludaysen.cl<\/a>\u00a0o\u00a0<a href=\"mailto:karin.jaramillo@saludaysen.cl\" rel=\"noreferrer\">karin.jaramillo@saludaysen.cl<\/a><\/p>\n<p class=\"v1MsoNormal\" style=\"text-align: justify;\">Sabemos que la pol\u00edtica muchas veces se mancha con mentiras y desinformaci\u00f3n, por eso debemos tener claridad de que el progreso debe ir de la mano del respeto. No dejamos de pensar en el territorio, en las preocupaciones y temores que tiene la ciudadan\u00eda si pensamos en construir sin violencia. Por esto, el llamado es a pensar, a reflexionar en el marco del respeto. Avanzar hacia una sociedad m\u00e1s inclusiva, igualitaria y enfocada en el bien com\u00fan.<b><\/b><\/p>\n<\/div>\n<div style=\"text-align: justify;\"><\/div>\n<\/div><\/section><\/div><div  style='height:50px' class='hr hr-invisible   avia-builder-el-6  el_after_av_one_full  el_before_av_social_share '><span class='hr-inner ' ><span class='hr-inner-style'><\/span><\/span><\/div><\/p>\n<div  class='av-social-sharing-box  avia-builder-el-7  el_after_av_hr  el_before_av_hr  '><div class='av-share-box'><h5 class='av-share-link-description av-no-toc '>Compartir esta noticia<\/h5><ul class='av-share-box-list noLightbox'><li class='av-share-link av-social-link-facebook' ><a target=\"_blank\" aria-label=\"Compartir en Facebook\" href='https:\/\/www.facebook.com\/sharer.php?u=https:\/\/radiorevelacionfm.cl\/?p=54460&#038;t=Opini%C3%B3n%20%7C%20%C2%ABAvanzar%20con%20respeto%3A%20la%20importancia%20de%20la%20inclusi%C3%B3n%20en%20Ays%C3%A9n%C2%BB' aria-hidden='false' data-av_icon='\ue8f3' data-av_iconfont='entypo-fontello' title='' data-avia-related-tooltip='Compartir en Facebook' rel=\"noopener\"><span class='avia_hidden_link_text'>Compartir en Facebook<\/span><\/a><\/li><li class='av-share-link av-social-link-twitter' ><a target=\"_blank\" aria-label=\"Compartir en Twitter\" href='https:\/\/twitter.com\/share?text=Opini%C3%B3n%20%7C%20%C2%ABAvanzar%20con%20respeto%3A%20la%20importancia%20de%20la%20inclusi%C3%B3n%20en%20Ays%C3%A9n%C2%BB&#038;url=https:\/\/radiorevelacionfm.cl\/?p=54460' aria-hidden='false' data-av_icon='\ue8f1' data-av_iconfont='entypo-fontello' title='' data-avia-related-tooltip='Compartir en Twitter' rel=\"noopener\"><span class='avia_hidden_link_text'>Compartir en Twitter<\/span><\/a><\/li><li class='av-share-link av-social-link-whatsapp' ><a target=\"_blank\" aria-label=\"Compartir en Whatsapp\" href='https:\/\/api.whatsapp.com\/send?text=https:\/\/radiorevelacionfm.cl\/?p=54460' aria-hidden='false' data-av_icon='\uf232' data-av_iconfont='entypo-fontello' title='' data-avia-related-tooltip='Compartir en Whatsapp' rel=\"noopener\"><span class='avia_hidden_link_text'>Compartir en Whatsapp<\/span><\/a><\/li><li class='av-share-link av-social-link-linkedin' ><a target=\"_blank\" aria-label=\"Compartir en LinkedIn\" href='https:\/\/linkedin.com\/shareArticle?mini=true&#038;title=Opini%C3%B3n%20%7C%20%C2%ABAvanzar%20con%20respeto%3A%20la%20importancia%20de%20la%20inclusi%C3%B3n%20en%20Ays%C3%A9n%C2%BB&#038;url=https:\/\/radiorevelacionfm.cl\/?p=54460' aria-hidden='false' data-av_icon='\ue8fc' data-av_iconfont='entypo-fontello' title='' data-avia-related-tooltip='Compartir en LinkedIn' rel=\"noopener\"><span class='avia_hidden_link_text'>Compartir en LinkedIn<\/span><\/a><\/li><li class='av-share-link av-social-link-mail' ><a  aria-label=\"Compartir por correo\" href='mailto:?subject=Opini%C3%B3n%20%7C%20%C2%ABAvanzar%20con%20respeto%3A%20la%20importancia%20de%20la%20inclusi%C3%B3n%20en%20Ays%C3%A9n%C2%BB&#038;body=https:\/\/radiorevelacionfm.cl\/?p=54460' aria-hidden='false' data-av_icon='\ue805' data-av_iconfont='entypo-fontello' title='' data-avia-related-tooltip='Compartir por correo'><span class='avia_hidden_link_text'>Compartir por correo<\/span><\/a><\/li><\/ul><\/div><\/div>\n<div  style='height:50px' class='hr hr-invisible   avia-builder-el-8  el_after_av_social_share  el_before_av_comments_list '><span class='hr-inner ' ><span class='hr-inner-style'><\/span><\/span><\/div>\n<div  class='av-buildercomment  av-blog-meta-html-info-disabled av-blog-meta-tag-disabled  '><\/div>\n","protected":false},"excerpt":{"rendered":"","protected":false},"author":1,"featured_media":49619,"comment_status":"closed","ping_status":"closed","sticky":false,"template":"","format":"standard","meta":{"footnotes":""},"categories":[50],"tags":[],"class_list":["post-54460","post","type-post","status-publish","format-standard","has-post-thumbnail","hentry","category-cartas-y-opinion"],"jetpack_featured_media_url":"https:\/\/radiorevelacionfm.cl\/wp-content\/uploads\/2025\/01\/seremi-de-gobierno-1-1_optimized-1.jpeg","_links":{"self":[{"href":"https:\/\/radiorevelacionfm.cl\/index.php?rest_route=\/wp\/v2\/posts\/54460","targetHints":{"allow":["GET"]}}],"collection":[{"href":"https:\/\/radiorevelacionfm.cl\/index.php?rest_route=\/wp\/v2\/posts"}],"about":[{"href":"https:\/\/radiorevelacionfm.cl\/index.php?rest_route=\/wp\/v2\/types\/post"}],"author":[{"embeddable":true,"href":"https:\/\/radiorevelacionfm.cl\/index.php?rest_route=\/wp\/v2\/users\/1"}],"replies":[{"embeddable":true,"href":"https:\/\/radiorevelacionfm.cl\/index.php?rest_route=%2Fwp%2Fv2%2Fcomments&post=54460"}],"version-history":[{"count":2,"href":"https:\/\/radiorevelacionfm.cl\/index.php?rest_route=\/wp\/v2\/posts\/54460\/revisions"}],"predecessor-version":[{"id":54499,"href":"https:\/\/radiorevelacionfm.cl\/index.php?rest_route=\/wp\/v2\/posts\/54460\/revisions\/54499"}],"wp:featuredmedia":[{"embeddable":true,"href":"https:\/\/radiorevelacionfm.cl\/index.php?rest_route=\/wp\/v2\/media\/49619"}],"wp:attachment":[{"href":"https:\/\/radiorevelacionfm.cl\/index.php?rest_route=%2Fwp%2Fv2%2Fmedia&parent=54460"}],"wp:term":[{"taxonomy":"category","embeddable":true,"href":"https:\/\/radiorevelacionfm.cl\/index.php?rest_route=%2Fwp%2Fv2%2Fcategories&post=54460"},{"taxonomy":"post_tag","embeddable":true,"href":"https:\/\/radiorevelacionfm.cl\/index.php?rest_route=%2Fwp%2Fv2%2Ftags&post=54460"}],"curies":[{"name":"wp","href":"https:\/\/api.w.org\/{rel}","templated":true}]}}