{"id":54454,"date":"2025-05-27T12:37:03","date_gmt":"2025-05-27T15:37:03","guid":{"rendered":"https:\/\/radiorevelacionfm.cl\/?p=54454"},"modified":"2025-05-27T12:37:03","modified_gmt":"2025-05-27T15:37:03","slug":"multa-de-480-millones-pone-en-jaque-las-arcas-municipales-por-negligencia-de-administracion-anterior-en-planta-de-puerto-guadal","status":"publish","type":"post","link":"https:\/\/radiorevelacionfm.cl\/?p=54454","title":{"rendered":"Multa de $480 millones pone en jaque las arcas municipales por negligencia de administraci\u00f3n anterior en planta de Puerto Guadal"},"content":{"rendered":"<div class=\"flex_column av_one_full  flex_column_div av-zero-column-padding first  avia-builder-el-0  el_before_av_one_full  avia-builder-el-first  \" style='border-radius:0px; '><div  class='avia-image-container  av-styling-    avia-builder-el-1  avia-builder-el-no-sibling  avia-align-center '  itemprop=\"image\" itemscope=\"itemscope\" itemtype=\"https:\/\/schema.org\/ImageObject\"  ><div class='avia-image-container-inner'><div class='avia-image-overlay-wrap'><img decoding=\"async\" class='wp-image-54455 avia-img-lazy-loading-not-54455 avia_image' src=\"https:\/\/radiorevelacionfm.cl\/wp-content\/uploads\/2025\/05\/Alcalde-Chile-Chico-1-1-1.jpg\" alt='' title='Alcalde Chile Chico 1 (1) (1)' height=\"600\" width=\"800\"  itemprop=\"thumbnailUrl\" srcset=\"https:\/\/radiorevelacionfm.cl\/wp-content\/uploads\/2025\/05\/Alcalde-Chile-Chico-1-1-1.jpg 800w, https:\/\/radiorevelacionfm.cl\/wp-content\/uploads\/2025\/05\/Alcalde-Chile-Chico-1-1-1-300x225.jpg 300w, https:\/\/radiorevelacionfm.cl\/wp-content\/uploads\/2025\/05\/Alcalde-Chile-Chico-1-1-1-768x576.jpg 768w, https:\/\/radiorevelacionfm.cl\/wp-content\/uploads\/2025\/05\/Alcalde-Chile-Chico-1-1-1-705x529.jpg 705w, https:\/\/radiorevelacionfm.cl\/wp-content\/uploads\/2025\/05\/Alcalde-Chile-Chico-1-1-1-450x338.jpg 450w, https:\/\/radiorevelacionfm.cl\/wp-content\/uploads\/2025\/05\/Alcalde-Chile-Chico-1-1-1-600x450.jpg 600w\" sizes=\"(max-width: 800px) 100vw, 800px\" \/><\/div><\/div><\/div><\/div><div class=\"flex_column av_one_full  flex_column_div av-zero-column-padding first  avia-builder-el-2  el_after_av_one_full  el_before_av_one_full  column-top-margin\" style='border-radius:0px; '><section class=\"av_textblock_section \"  itemscope=\"itemscope\" itemtype=\"https:\/\/schema.org\/BlogPosting\" itemprop=\"blogPost\" ><div class='avia_textblock  '   itemprop=\"text\" ><p style=\"text-align: center;\"><strong><span style=\"font-size: 18pt;\">Multa de $480 millones pone en jaque las arcas municipales por negligencia de administraci\u00f3n anterior en planta de Puerto Guadal<\/span><\/strong><\/p>\n<div id=\"gtx-trans\" style=\"position: absolute; left: -50px; top: 4.31534px;\">\n<div class=\"gtx-trans-icon\"><\/div>\n<\/div>\n<\/div><\/section><\/div><div class=\"flex_column av_one_full  flex_column_div av-zero-column-padding first  avia-builder-el-4  el_after_av_one_full  el_before_av_hr  column-top-margin\" style='border-radius:0px; '><section class=\"av_textblock_section \"  itemscope=\"itemscope\" itemtype=\"https:\/\/schema.org\/BlogPosting\" itemprop=\"blogPost\" ><div class='avia_textblock  '   itemprop=\"text\" ><p style=\"text-align: justify;\"><em>La actual gesti\u00f3n de Ariel Keim trabaja contrarreloj para solucionar el desastre heredado y evitar un colapso financiero.<\/em><\/p>\n<p style=\"text-align: justify;\">La Municipalidad de Chile Chico enfrenta un serio riesgo financiero debido al abandono prolongado de la planta de tratamiento de aguas servidas en Puerto Guadal durante la gesti\u00f3n del exalcalde Luperciano Mu\u00f1oz, que ha llevado al municipio a estar expuesto a multas millonarias que podr\u00edan superar los <strong>480 millones de pesos<\/strong>.<\/p>\n<p style=\"text-align: justify;\">El 5 de agosto de 2024, la Superintendencia del Medio Ambiente (SMA) entreg\u00f3 una \u00faltima oportunidad para que la Municipalidad respondiera y tomar\u00e1 medidas frente a las observaciones sobre el mal funcionamiento de la planta. Sin embargo, esta solicitud no fue atendida dentro del plazo legal, lo que agrav\u00f3 la situaci\u00f3n y aument\u00f3 el riesgo de sanciones econ\u00f3micas que afectar\u00edan directamente los fondos p\u00fablicos comunales.<\/p>\n<p style=\"text-align: justify;\">Seg\u00fan el informe oficial, el municipio no construy\u00f3 las obras b\u00e1sicas para mitigar la contaminaci\u00f3n, no caracteriz\u00f3 la planta como fuente emisora de residuos l\u00edquidos ni cumpli\u00f3 con el monitoreo exigido por la normativa. Esto provoc\u00f3 que el Lago General Carrera recibiera descargas contaminantes y que existieran focos de insalubridad durante el verano.<\/p>\n<p style=\"text-align: justify;\">Desde el inicio de su administraci\u00f3n, el alcalde Ariel Keim ha asumido la responsabilidad de enfrentar esta problem\u00e1tica heredada. Su gesti\u00f3n ingres\u00f3 un proyecto al Gobierno Regional por m\u00e1s de <strong>230 millones de pesos<\/strong> para realizar mejoras inmediatas y estabilizar la planta. Adem\u00e1s, trabaja en la planificaci\u00f3n y financiamiento de una nueva planta, cuyo costo se estima en alrededor de <strong>3.500 millones de pesos<\/strong>.<\/p>\n<p style=\"text-align: justify;\">El equipo jur\u00eddico y t\u00e9cnico municipal trabaja contrarreloj para presentar los descargos formales y formalizar un plan de cumplimiento que permita evitar las multas m\u00e1s severas y proteger el patrimonio p\u00fablico.<\/p>\n<p style=\"text-align: justify;\">El alcalde Keim destac\u00f3 que, durante su periodo como concejal, advirti\u00f3 en m\u00faltiples ocasiones la gravedad de la situaci\u00f3n en Puerto Guadal, sin que se tomar\u00e1n medidas efectivas. \u201cHoy enfrentamos las consecuencias de esa falta de acci\u00f3n, pero desde nuestra gesti\u00f3n no escatimamos esfuerzos para solucionar este problema\u00bb, afirm\u00f3.<\/p>\n<p style=\"text-align: justify;\">La comunidad de Puerto Guadal ha sufrido por a\u00f1os el abandono institucional, que ha generado un da\u00f1o ambiental y sanitario que ahora tambi\u00e9n podr\u00eda impactar de forma grave en las finanzas comunales. La actual administraci\u00f3n trabaja con urgencia para evitar que esta crisis sigue afectando a la comuna.<\/p>\n<p style=\"text-align: justify;\">\u201cLa negligencia de la administraci\u00f3n anterior puso en riesgo a la comunidad, el medio ambiente y los recursos p\u00fablicos. Desde el primer d\u00eda, nuestra gesti\u00f3n est\u00e1 comprometida con reparar este da\u00f1o y proteger a nuestra gente \u00ab, concluy\u00f3 Keim.<\/p>\n<\/div><\/section><\/div><div  style='height:50px' class='hr hr-invisible   avia-builder-el-6  el_after_av_one_full  el_before_av_social_share '><span class='hr-inner ' ><span class='hr-inner-style'><\/span><\/span><\/div><\/p>\n<div  class='av-social-sharing-box  avia-builder-el-7  el_after_av_hr  el_before_av_hr  '><div class='av-share-box'><h5 class='av-share-link-description av-no-toc '>Compartir esta noticia<\/h5><ul class='av-share-box-list noLightbox'><li class='av-share-link av-social-link-facebook' ><a target=\"_blank\" aria-label=\"Compartir en Facebook\" href='https:\/\/www.facebook.com\/sharer.php?u=https:\/\/radiorevelacionfm.cl\/?p=54454&#038;t=Multa%20de%20%24480%20millones%20pone%20en%20jaque%20las%20arcas%20municipales%20por%20negligencia%20de%20administraci%C3%B3n%20anterior%20en%20planta%20de%20Puerto%20Guadal' aria-hidden='false' data-av_icon='\ue8f3' data-av_iconfont='entypo-fontello' title='' data-avia-related-tooltip='Compartir en Facebook' rel=\"noopener\"><span class='avia_hidden_link_text'>Compartir en Facebook<\/span><\/a><\/li><li class='av-share-link av-social-link-twitter' ><a target=\"_blank\" aria-label=\"Compartir en Twitter\" href='https:\/\/twitter.com\/share?text=Multa%20de%20%24480%20millones%20pone%20en%20jaque%20las%20arcas%20municipales%20por%20negligencia%20de%20administraci%C3%B3n%20anterior%20en%20planta%20de%20Puerto%20Guadal&#038;url=https:\/\/radiorevelacionfm.cl\/?p=54454' aria-hidden='false' data-av_icon='\ue8f1' data-av_iconfont='entypo-fontello' title='' data-avia-related-tooltip='Compartir en Twitter' rel=\"noopener\"><span class='avia_hidden_link_text'>Compartir en Twitter<\/span><\/a><\/li><li class='av-share-link av-social-link-whatsapp' ><a target=\"_blank\" aria-label=\"Compartir en Whatsapp\" href='https:\/\/api.whatsapp.com\/send?text=https:\/\/radiorevelacionfm.cl\/?p=54454' aria-hidden='false' data-av_icon='\uf232' data-av_iconfont='entypo-fontello' title='' data-avia-related-tooltip='Compartir en Whatsapp' rel=\"noopener\"><span class='avia_hidden_link_text'>Compartir en Whatsapp<\/span><\/a><\/li><li class='av-share-link av-social-link-linkedin' ><a target=\"_blank\" aria-label=\"Compartir en LinkedIn\" href='https:\/\/linkedin.com\/shareArticle?mini=true&#038;title=Multa%20de%20%24480%20millones%20pone%20en%20jaque%20las%20arcas%20municipales%20por%20negligencia%20de%20administraci%C3%B3n%20anterior%20en%20planta%20de%20Puerto%20Guadal&#038;url=https:\/\/radiorevelacionfm.cl\/?p=54454' aria-hidden='false' data-av_icon='\ue8fc' data-av_iconfont='entypo-fontello' title='' data-avia-related-tooltip='Compartir en LinkedIn' rel=\"noopener\"><span class='avia_hidden_link_text'>Compartir en LinkedIn<\/span><\/a><\/li><li class='av-share-link av-social-link-mail' ><a  aria-label=\"Compartir por correo\" href='mailto:?subject=Multa%20de%20%24480%20millones%20pone%20en%20jaque%20las%20arcas%20municipales%20por%20negligencia%20de%20administraci%C3%B3n%20anterior%20en%20planta%20de%20Puerto%20Guadal&#038;body=https:\/\/radiorevelacionfm.cl\/?p=54454' aria-hidden='false' data-av_icon='\ue805' data-av_iconfont='entypo-fontello' title='' data-avia-related-tooltip='Compartir por correo'><span class='avia_hidden_link_text'>Compartir por correo<\/span><\/a><\/li><\/ul><\/div><\/div>\n<div  style='height:50px' class='hr hr-invisible   avia-builder-el-8  el_after_av_social_share  el_before_av_comments_list '><span class='hr-inner ' ><span class='hr-inner-style'><\/span><\/span><\/div>\n<div  class='av-buildercomment  av-blog-meta-html-info-disabled av-blog-meta-tag-disabled  '><\/div>\n","protected":false},"excerpt":{"rendered":"","protected":false},"author":1,"featured_media":54455,"comment_status":"closed","ping_status":"closed","sticky":false,"template":"","format":"standard","meta":{"footnotes":""},"categories":[38],"tags":[],"class_list":["post-54454","post","type-post","status-publish","format-standard","has-post-thumbnail","hentry","category-regional"],"jetpack_featured_media_url":"https:\/\/radiorevelacionfm.cl\/wp-content\/uploads\/2025\/05\/Alcalde-Chile-Chico-1-1-1.jpg","_links":{"self":[{"href":"https:\/\/radiorevelacionfm.cl\/index.php?rest_route=\/wp\/v2\/posts\/54454","targetHints":{"allow":["GET"]}}],"collection":[{"href":"https:\/\/radiorevelacionfm.cl\/index.php?rest_route=\/wp\/v2\/posts"}],"about":[{"href":"https:\/\/radiorevelacionfm.cl\/index.php?rest_route=\/wp\/v2\/types\/post"}],"author":[{"embeddable":true,"href":"https:\/\/radiorevelacionfm.cl\/index.php?rest_route=\/wp\/v2\/users\/1"}],"replies":[{"embeddable":true,"href":"https:\/\/radiorevelacionfm.cl\/index.php?rest_route=%2Fwp%2Fv2%2Fcomments&post=54454"}],"version-history":[{"count":2,"href":"https:\/\/radiorevelacionfm.cl\/index.php?rest_route=\/wp\/v2\/posts\/54454\/revisions"}],"predecessor-version":[{"id":54457,"href":"https:\/\/radiorevelacionfm.cl\/index.php?rest_route=\/wp\/v2\/posts\/54454\/revisions\/54457"}],"wp:featuredmedia":[{"embeddable":true,"href":"https:\/\/radiorevelacionfm.cl\/index.php?rest_route=\/wp\/v2\/media\/54455"}],"wp:attachment":[{"href":"https:\/\/radiorevelacionfm.cl\/index.php?rest_route=%2Fwp%2Fv2%2Fmedia&parent=54454"}],"wp:term":[{"taxonomy":"category","embeddable":true,"href":"https:\/\/radiorevelacionfm.cl\/index.php?rest_route=%2Fwp%2Fv2%2Fcategories&post=54454"},{"taxonomy":"post_tag","embeddable":true,"href":"https:\/\/radiorevelacionfm.cl\/index.php?rest_route=%2Fwp%2Fv2%2Ftags&post=54454"}],"curies":[{"name":"wp","href":"https:\/\/api.w.org\/{rel}","templated":true}]}}