{"id":54433,"date":"2025-05-27T10:16:14","date_gmt":"2025-05-27T13:16:14","guid":{"rendered":"https:\/\/radiorevelacionfm.cl\/?p=54433"},"modified":"2025-05-27T10:16:14","modified_gmt":"2025-05-27T13:16:14","slug":"xi-encuentro-nacional-de-acordeonistas-el-baker-se-une-en-acordeon-vuelve-con-fuerza-este-31-de-mayo-en-cochrane","status":"publish","type":"post","link":"https:\/\/radiorevelacionfm.cl\/?p=54433","title":{"rendered":"XI Encuentro Nacional de Acordeonistas: El Baker se une en acorde\u00f3n vuelve con fuerza este 31 de mayo en Cochrane"},"content":{"rendered":"<div class=\"flex_column av_one_full  flex_column_div av-zero-column-padding first  avia-builder-el-0  el_before_av_one_full  avia-builder-el-first  \" style='border-radius:0px; '><div  class='avia-image-container  av-styling-    avia-builder-el-1  avia-builder-el-no-sibling  avia-align-center '  itemprop=\"image\" itemscope=\"itemscope\" itemtype=\"https:\/\/schema.org\/ImageObject\"  ><div class='avia-image-container-inner'><div class='avia-image-overlay-wrap'><img decoding=\"async\" class='wp-image-54434 avia-img-lazy-loading-not-54434 avia_image' src=\"https:\/\/radiorevelacionfm.cl\/wp-content\/uploads\/2025\/05\/SECUNDINO-OLIVEROS-ACORDEONISTA-LOCAL-1-1.jpg\" alt='' title='SECUNDINO-OLIVEROS-ACORDEONISTA-LOCAL (1) (1)' height=\"600\" width=\"800\"  itemprop=\"thumbnailUrl\" srcset=\"https:\/\/radiorevelacionfm.cl\/wp-content\/uploads\/2025\/05\/SECUNDINO-OLIVEROS-ACORDEONISTA-LOCAL-1-1.jpg 800w, https:\/\/radiorevelacionfm.cl\/wp-content\/uploads\/2025\/05\/SECUNDINO-OLIVEROS-ACORDEONISTA-LOCAL-1-1-300x225.jpg 300w, https:\/\/radiorevelacionfm.cl\/wp-content\/uploads\/2025\/05\/SECUNDINO-OLIVEROS-ACORDEONISTA-LOCAL-1-1-768x576.jpg 768w, https:\/\/radiorevelacionfm.cl\/wp-content\/uploads\/2025\/05\/SECUNDINO-OLIVEROS-ACORDEONISTA-LOCAL-1-1-705x529.jpg 705w, https:\/\/radiorevelacionfm.cl\/wp-content\/uploads\/2025\/05\/SECUNDINO-OLIVEROS-ACORDEONISTA-LOCAL-1-1-450x338.jpg 450w, https:\/\/radiorevelacionfm.cl\/wp-content\/uploads\/2025\/05\/SECUNDINO-OLIVEROS-ACORDEONISTA-LOCAL-1-1-600x450.jpg 600w\" sizes=\"(max-width: 800px) 100vw, 800px\" \/><\/div><\/div><\/div><\/div><div class=\"flex_column av_one_full  flex_column_div av-zero-column-padding first  avia-builder-el-2  el_after_av_one_full  el_before_av_one_full  column-top-margin\" style='border-radius:0px; '><section class=\"av_textblock_section \"  itemscope=\"itemscope\" itemtype=\"https:\/\/schema.org\/BlogPosting\" itemprop=\"blogPost\" ><div class='avia_textblock  '   itemprop=\"text\" ><p style=\"text-align: center;\"><strong><span style=\"font-size: 18pt;\">XI Encuentro Nacional de Acordeonistas: El Baker se une en acorde\u00f3n vuelve con fuerza este 31 de mayo en Cochrane<\/span><\/strong><\/p>\n<div id=\"gtx-trans\" style=\"position: absolute; left: -50px; top: 4.31534px;\">\n<div class=\"gtx-trans-icon\"><\/div>\n<\/div>\n<\/div><\/section><\/div><div class=\"flex_column av_one_full  flex_column_div av-zero-column-padding first  avia-builder-el-4  el_after_av_one_full  el_before_av_hr  column-top-margin\" style='border-radius:0px; '><section class=\"av_textblock_section \"  itemscope=\"itemscope\" itemtype=\"https:\/\/schema.org\/BlogPosting\" itemprop=\"blogPost\" ><div class='avia_textblock  '   itemprop=\"text\" ><p style=\"text-align: justify;\">Este s\u00e1bado 31 de mayo, a las 19:00 horas, el Gimnasio Municipal de Cochrane se llenar\u00e1 de m\u00fasica, emoci\u00f3n e identidad con el desarrollo de la XI versi\u00f3n del Encuentro Nacional de Acordeonistas \u201cEl Baker se une en Acorde\u00f3n\u201d, una fiesta cultural que destaca por ser el festival de acorde\u00f3n m\u00e1s antiguo de la Regi\u00f3n de Ays\u00e9n y uno de los m\u00e1s queridos por la comunidad.<\/p>\n<p style=\"text-align: justify;\">Este evento forma parte del proyecto adjudicado por la Ilustre Municipalidad de Cochrane al Fondo de la M\u00fasica del Ministerio de las Culturas, las Artes y el Patrimonio, en la l\u00ednea de Festivales de Trayectoria, que permiti\u00f3 financiar las versiones X y actualmente el XI de este tradicional encuentro, reconociendo su relevancia hist\u00f3rica, social y art\u00edstica.<\/p>\n<p style=\"text-align: justify;\"><strong>El alcalde de la comuna, Patricio Ulloa Georgia<\/strong>, extendi\u00f3 la invitaci\u00f3n a toda la comunidad: \u201cEstamos muy contentos de dar vida nuevamente a este Encuentro que naci\u00f3 en 2001 por la inquietud del gran acordeonista local Lelo Cruces, quien propuso que Cochrane tuviera un espacio propio para rendir tributo al acorde\u00f3n. Esta es una tradici\u00f3n que honra nuestra identidad, nuestras ra\u00edces y la m\u00fasica que nos acompa\u00f1a en cada fiesta, encuentro familiar o rural. Queremos invitar no solo a las familias de Cochrane, sino tambi\u00e9n a nuestros vecinos de Tortel, Villa O\u2019Higgins, Puerto Bertrand, Guadal y de toda la regi\u00f3n, a vivir juntos esta experiencia este s\u00e1bado 31 a las 19:00 horas en el gimnasio municipal. Tendremos exponentes locales como don Freddy P\u00e9rez y tambi\u00e9n artistas de renombre nacional que llegan desde distintas regiones del pa\u00eds. Ser\u00e1 una noche imperdible\u201d.<\/p>\n<p style=\"text-align: justify;\">Desde la <strong>Oficina de Cultura de la municipalidad, Edgar Osses<\/strong> destac\u00f3 que esta nueva versi\u00f3n contar\u00e1 con la presencia de grandes referentes locales como Enzo Inostroza, Atilio Cruces, Secundino Oliveros, Rolindo Mansilla, Las Aut\u00e9nticas del Baker,\u00a0 \u00cdtalo Vidal, Abraham Figueroa y Freddy P\u00e9rez, todos ellos portadores de un patrimonio musical que se resiste a desaparecer y que se fortalece generaci\u00f3n tras generaci\u00f3n en esta tierra patagona.<\/p>\n<p style=\"text-align: justify;\">El componente nacional no se queda atr\u00e1s. <strong>Danilo Cruces, encargado Municipal del proyecto<\/strong>, coment\u00f3 que esta edici\u00f3n tendr\u00e1 invitados de primer nivel: \u201cEstamos muy felices de contar con artistas que representan al pa\u00eds en competencias internacionales, como Joaqu\u00edn Mu\u00f1oz Donoso, campe\u00f3n sudamericano y mundial de acorde\u00f3n. Tambi\u00e9n tendremos la presencia del grupo Los Chamanes de la Patagonia, representantes del chamam\u00e9 en importantes escenarios de Argentina, y una propuesta novedosa como el cuarteto Danae Tais, que fusiona Latin Jazz con acorde\u00f3n. A ellos se suma el talento ya consagrado de Luciano Auad Grupo, un artista local que ha llevado su m\u00fasica a escenarios nacionales\u201d.<\/p>\n<p style=\"text-align: justify;\">Este encuentro contempla no solo las presentaciones art\u00edsticas, sino tambi\u00e9n actividades de mediaci\u00f3n cultural en escuelas, transmisi\u00f3n v\u00eda streaming y jornadas de confraternizaci\u00f3n, con el objetivo de acercar el arte a todos los rincones del territorio.<\/p>\n<p style=\"text-align: justify;\">Con una inversi\u00f3n total de m\u00e1s de 30 millones de pesos, este proyecto busca reducir brechas territoriales, fortalecer la identidad cultural y garantizar el acceso a experiencias art\u00edsticas de calidad en zonas extremas de nuestro pa\u00eds.<\/p>\n<p style=\"text-align: justify;\">Este s\u00e1bado 31 de mayo la invitaci\u00f3n es a sumarse a una noche de tradiciones, talento y emoci\u00f3n en Cochrane tierra de Pioneros.<\/p>\n<\/div><\/section><\/div><div  style='height:50px' class='hr hr-invisible   avia-builder-el-6  el_after_av_one_full  el_before_av_social_share '><span class='hr-inner ' ><span class='hr-inner-style'><\/span><\/span><\/div><\/p>\n<div  class='av-social-sharing-box  avia-builder-el-7  el_after_av_hr  el_before_av_hr  '><div class='av-share-box'><h5 class='av-share-link-description av-no-toc '>Compartir esta noticia<\/h5><ul class='av-share-box-list noLightbox'><li class='av-share-link av-social-link-facebook' ><a target=\"_blank\" aria-label=\"Compartir en Facebook\" href='https:\/\/www.facebook.com\/sharer.php?u=https:\/\/radiorevelacionfm.cl\/?p=54433&#038;t=XI%20Encuentro%20Nacional%20de%20Acordeonistas%3A%20El%20Baker%20se%20une%20en%20acorde%C3%B3n%20vuelve%20con%20fuerza%20este%2031%20de%20mayo%20en%20Cochrane' aria-hidden='false' data-av_icon='\ue8f3' data-av_iconfont='entypo-fontello' title='' data-avia-related-tooltip='Compartir en Facebook' rel=\"noopener\"><span class='avia_hidden_link_text'>Compartir en Facebook<\/span><\/a><\/li><li class='av-share-link av-social-link-twitter' ><a target=\"_blank\" aria-label=\"Compartir en Twitter\" href='https:\/\/twitter.com\/share?text=XI%20Encuentro%20Nacional%20de%20Acordeonistas%3A%20El%20Baker%20se%20une%20en%20acorde%C3%B3n%20vuelve%20con%20fuerza%20este%2031%20de%20mayo%20en%20Cochrane&#038;url=https:\/\/radiorevelacionfm.cl\/?p=54433' aria-hidden='false' data-av_icon='\ue8f1' data-av_iconfont='entypo-fontello' title='' data-avia-related-tooltip='Compartir en Twitter' rel=\"noopener\"><span class='avia_hidden_link_text'>Compartir en Twitter<\/span><\/a><\/li><li class='av-share-link av-social-link-whatsapp' ><a target=\"_blank\" aria-label=\"Compartir en Whatsapp\" href='https:\/\/api.whatsapp.com\/send?text=https:\/\/radiorevelacionfm.cl\/?p=54433' aria-hidden='false' data-av_icon='\uf232' data-av_iconfont='entypo-fontello' title='' data-avia-related-tooltip='Compartir en Whatsapp' rel=\"noopener\"><span class='avia_hidden_link_text'>Compartir en Whatsapp<\/span><\/a><\/li><li class='av-share-link av-social-link-linkedin' ><a target=\"_blank\" aria-label=\"Compartir en LinkedIn\" href='https:\/\/linkedin.com\/shareArticle?mini=true&#038;title=XI%20Encuentro%20Nacional%20de%20Acordeonistas%3A%20El%20Baker%20se%20une%20en%20acorde%C3%B3n%20vuelve%20con%20fuerza%20este%2031%20de%20mayo%20en%20Cochrane&#038;url=https:\/\/radiorevelacionfm.cl\/?p=54433' aria-hidden='false' data-av_icon='\ue8fc' data-av_iconfont='entypo-fontello' title='' data-avia-related-tooltip='Compartir en LinkedIn' rel=\"noopener\"><span class='avia_hidden_link_text'>Compartir en LinkedIn<\/span><\/a><\/li><li class='av-share-link av-social-link-mail' ><a  aria-label=\"Compartir por correo\" href='mailto:?subject=XI%20Encuentro%20Nacional%20de%20Acordeonistas%3A%20El%20Baker%20se%20une%20en%20acorde%C3%B3n%20vuelve%20con%20fuerza%20este%2031%20de%20mayo%20en%20Cochrane&#038;body=https:\/\/radiorevelacionfm.cl\/?p=54433' aria-hidden='false' data-av_icon='\ue805' data-av_iconfont='entypo-fontello' title='' data-avia-related-tooltip='Compartir por correo'><span class='avia_hidden_link_text'>Compartir por correo<\/span><\/a><\/li><\/ul><\/div><\/div>\n<div  style='height:50px' class='hr hr-invisible   avia-builder-el-8  el_after_av_social_share  el_before_av_comments_list '><span class='hr-inner ' ><span class='hr-inner-style'><\/span><\/span><\/div>\n<div  class='av-buildercomment  av-blog-meta-html-info-disabled av-blog-meta-tag-disabled  '><\/div>\n","protected":false},"excerpt":{"rendered":"","protected":false},"author":1,"featured_media":54434,"comment_status":"closed","ping_status":"closed","sticky":false,"template":"","format":"standard","meta":{"footnotes":""},"categories":[38],"tags":[],"class_list":["post-54433","post","type-post","status-publish","format-standard","has-post-thumbnail","hentry","category-regional"],"jetpack_featured_media_url":"https:\/\/radiorevelacionfm.cl\/wp-content\/uploads\/2025\/05\/SECUNDINO-OLIVEROS-ACORDEONISTA-LOCAL-1-1.jpg","_links":{"self":[{"href":"https:\/\/radiorevelacionfm.cl\/index.php?rest_route=\/wp\/v2\/posts\/54433","targetHints":{"allow":["GET"]}}],"collection":[{"href":"https:\/\/radiorevelacionfm.cl\/index.php?rest_route=\/wp\/v2\/posts"}],"about":[{"href":"https:\/\/radiorevelacionfm.cl\/index.php?rest_route=\/wp\/v2\/types\/post"}],"author":[{"embeddable":true,"href":"https:\/\/radiorevelacionfm.cl\/index.php?rest_route=\/wp\/v2\/users\/1"}],"replies":[{"embeddable":true,"href":"https:\/\/radiorevelacionfm.cl\/index.php?rest_route=%2Fwp%2Fv2%2Fcomments&post=54433"}],"version-history":[{"count":2,"href":"https:\/\/radiorevelacionfm.cl\/index.php?rest_route=\/wp\/v2\/posts\/54433\/revisions"}],"predecessor-version":[{"id":54436,"href":"https:\/\/radiorevelacionfm.cl\/index.php?rest_route=\/wp\/v2\/posts\/54433\/revisions\/54436"}],"wp:featuredmedia":[{"embeddable":true,"href":"https:\/\/radiorevelacionfm.cl\/index.php?rest_route=\/wp\/v2\/media\/54434"}],"wp:attachment":[{"href":"https:\/\/radiorevelacionfm.cl\/index.php?rest_route=%2Fwp%2Fv2%2Fmedia&parent=54433"}],"wp:term":[{"taxonomy":"category","embeddable":true,"href":"https:\/\/radiorevelacionfm.cl\/index.php?rest_route=%2Fwp%2Fv2%2Fcategories&post=54433"},{"taxonomy":"post_tag","embeddable":true,"href":"https:\/\/radiorevelacionfm.cl\/index.php?rest_route=%2Fwp%2Fv2%2Ftags&post=54433"}],"curies":[{"name":"wp","href":"https:\/\/api.w.org\/{rel}","templated":true}]}}