{"id":54430,"date":"2025-05-27T10:35:51","date_gmt":"2025-05-27T13:35:51","guid":{"rendered":"https:\/\/radiorevelacionfm.cl\/?p=54430"},"modified":"2025-05-27T10:35:51","modified_gmt":"2025-05-27T13:35:51","slug":"capacitacion-en-tecnicas-de-instalacion-de-piedra-laja-fortalece-a-productores-de-lago-pollux","status":"publish","type":"post","link":"https:\/\/radiorevelacionfm.cl\/?p=54430","title":{"rendered":"Capacitaci\u00f3n en t\u00e9cnicas de instalaci\u00f3n de piedra laja fortalece a productores de Lago Pollux"},"content":{"rendered":"<div class=\"flex_column av_one_full  flex_column_div av-zero-column-padding first  avia-builder-el-0  el_before_av_one_full  avia-builder-el-first  \" style='border-radius:0px; '><div  class='avia-image-container  av-styling-    avia-builder-el-1  avia-builder-el-no-sibling  avia-align-center '  itemprop=\"image\" itemscope=\"itemscope\" itemtype=\"https:\/\/schema.org\/ImageObject\"  ><div class='avia-image-container-inner'><div class='avia-image-overlay-wrap'><img decoding=\"async\" class='wp-image-54431 avia-img-lazy-loading-not-54431 avia_image' src=\"https:\/\/radiorevelacionfm.cl\/wp-content\/uploads\/2025\/05\/15-15-1_optimized-1.jpg\" alt='' title='15-(15)-(1)_optimized (1)' height=\"600\" width=\"800\"  itemprop=\"thumbnailUrl\" srcset=\"https:\/\/radiorevelacionfm.cl\/wp-content\/uploads\/2025\/05\/15-15-1_optimized-1.jpg 800w, https:\/\/radiorevelacionfm.cl\/wp-content\/uploads\/2025\/05\/15-15-1_optimized-1-300x225.jpg 300w, https:\/\/radiorevelacionfm.cl\/wp-content\/uploads\/2025\/05\/15-15-1_optimized-1-768x576.jpg 768w, https:\/\/radiorevelacionfm.cl\/wp-content\/uploads\/2025\/05\/15-15-1_optimized-1-705x529.jpg 705w, https:\/\/radiorevelacionfm.cl\/wp-content\/uploads\/2025\/05\/15-15-1_optimized-1-450x338.jpg 450w, https:\/\/radiorevelacionfm.cl\/wp-content\/uploads\/2025\/05\/15-15-1_optimized-1-600x450.jpg 600w\" sizes=\"(max-width: 800px) 100vw, 800px\" \/><\/div><\/div><\/div><\/div><div class=\"flex_column av_one_full  flex_column_div av-zero-column-padding first  avia-builder-el-2  el_after_av_one_full  el_before_av_one_full  column-top-margin\" style='border-radius:0px; '><section class=\"av_textblock_section \"  itemscope=\"itemscope\" itemtype=\"https:\/\/schema.org\/BlogPosting\" itemprop=\"blogPost\" ><div class='avia_textblock  '   itemprop=\"text\" ><p style=\"text-align: center;\"><strong><span style=\"font-size: 18pt;\">Capacitaci\u00f3n en t\u00e9cnicas de instalaci\u00f3n de piedra laja fortalece a productores de Lago Pollux<\/span><\/strong><\/p>\n<div id=\"gtx-trans\" style=\"position: absolute; left: -50px; top: 4.31534px;\">\n<div class=\"gtx-trans-icon\"><\/div>\n<\/div>\n<\/div><\/section><\/div><div class=\"flex_column av_one_full  flex_column_div av-zero-column-padding first  avia-builder-el-4  el_after_av_one_full  el_before_av_hr  column-top-margin\" style='border-radius:0px; '><section class=\"av_textblock_section \"  itemscope=\"itemscope\" itemtype=\"https:\/\/schema.org\/BlogPosting\" itemprop=\"blogPost\" ><div class='avia_textblock  '   itemprop=\"text\" ><p style=\"text-align: justify;\"><em>Una valiosa iniciativa de capacitaci\u00f3n t\u00e9cnica se llev\u00f3 a cabo recientemente en Coyhaique, dirigida a integrantes de la Asociaci\u00f3n Gremial de Piedra Laja del Lago Pollux. La actividad, organizada por la Secretar\u00eda Regional Ministerial de Ays\u00e9n, se enmarca en el programa F.N.D.R. \u201cFomento Productivo Minero Artesanal de Rocas Ornamentales\u201d y tuvo como objetivo principal fortalecer las capacidades productivas de los artesanos y trabajadores de la roca ornamental en la regi\u00f3n.<\/em><\/p>\n<p style=\"text-align: justify;\">La capacitaci\u00f3n, titulada \u201cT\u00e9cnicas de instalaci\u00f3n de piedra laja\u201d, se desarroll\u00f3 durante la primera quincena de mayo y benefici\u00f3 a alrededor de 20 participantes del sector Lago Pollux. Las jornadas se realizaron en horario vespertino, durante cinco d\u00edas consecutivos, e incluyeron contenidos pr\u00e1cticos y t\u00e9cnicos impartidos por un relator con amplia experiencia en el rubro del revestimiento con piedra natural.<\/p>\n<p style=\"text-align: justify;\">El taller contempl\u00f3 el uso de materiales y herramientas espec\u00edficas como cemento, malla hexagonal, fibrocemento y discos de corte diamantado, y se enfoc\u00f3 en t\u00e9cnicas de instalaci\u00f3n que permiten agregar valor al producto final, especialmente en aplicaciones para construcci\u00f3n y decoraci\u00f3n. La piedra utilizada fue extra\u00edda desde las canteras locales del Lago Pollux, garantizando as\u00ed la conexi\u00f3n entre la materia prima regional y el aprendizaje pr\u00e1ctico de los asistentes.<\/p>\n<p style=\"text-align: justify;\">\u201cEste tipo de iniciativas son clave para potenciar la identidad productiva local, profesionalizar los oficios tradicionales y abrir nuevas oportunidades comerciales para nuestros artesanos\u201d, destac\u00f3 el Coordinador del Programa FNDR, Nicol\u00e1s L\u00f3pez Carrozzi, quien tambi\u00e9n valor\u00f3 el compromiso de los participantes.<\/p>\n<p style=\"text-align: justify;\">La capacitaci\u00f3n no solo aport\u00f3 competencias t\u00e9cnicas, sino tambi\u00e9n gener\u00f3 un espacio de encuentro y colaboraci\u00f3n entre productores locales, reforzando el trabajo asociativo y la sustentabilidad del sector.<\/p>\n<p style=\"text-align: justify;\">Con esta actividad, el programa FNDR avanza en su componente de traspaso de competencias t\u00e9cnicas a las Asociaciones Gremiales, contribuyendo al desarrollo econ\u00f3mico regional mediante el impulso de oficios con tradici\u00f3n e identidad territorial.<\/p>\n<\/div><\/section><\/div><div  style='height:50px' class='hr hr-invisible   avia-builder-el-6  el_after_av_one_full  el_before_av_social_share '><span class='hr-inner ' ><span class='hr-inner-style'><\/span><\/span><\/div><\/p>\n<div  class='av-social-sharing-box  avia-builder-el-7  el_after_av_hr  el_before_av_hr  '><div class='av-share-box'><h5 class='av-share-link-description av-no-toc '>Compartir esta noticia<\/h5><ul class='av-share-box-list noLightbox'><li class='av-share-link av-social-link-facebook' ><a target=\"_blank\" aria-label=\"Compartir en Facebook\" href='https:\/\/www.facebook.com\/sharer.php?u=https:\/\/radiorevelacionfm.cl\/?p=54430&#038;t=Capacitaci%C3%B3n%20en%20t%C3%A9cnicas%20de%20instalaci%C3%B3n%20de%20piedra%20laja%20fortalece%20a%20productores%20de%20Lago%20Pollux' aria-hidden='false' data-av_icon='\ue8f3' data-av_iconfont='entypo-fontello' title='' data-avia-related-tooltip='Compartir en Facebook' rel=\"noopener\"><span class='avia_hidden_link_text'>Compartir en Facebook<\/span><\/a><\/li><li class='av-share-link av-social-link-twitter' ><a target=\"_blank\" aria-label=\"Compartir en Twitter\" href='https:\/\/twitter.com\/share?text=Capacitaci%C3%B3n%20en%20t%C3%A9cnicas%20de%20instalaci%C3%B3n%20de%20piedra%20laja%20fortalece%20a%20productores%20de%20Lago%20Pollux&#038;url=https:\/\/radiorevelacionfm.cl\/?p=54430' aria-hidden='false' data-av_icon='\ue8f1' data-av_iconfont='entypo-fontello' title='' data-avia-related-tooltip='Compartir en Twitter' rel=\"noopener\"><span class='avia_hidden_link_text'>Compartir en Twitter<\/span><\/a><\/li><li class='av-share-link av-social-link-whatsapp' ><a target=\"_blank\" aria-label=\"Compartir en Whatsapp\" href='https:\/\/api.whatsapp.com\/send?text=https:\/\/radiorevelacionfm.cl\/?p=54430' aria-hidden='false' data-av_icon='\uf232' data-av_iconfont='entypo-fontello' title='' data-avia-related-tooltip='Compartir en Whatsapp' rel=\"noopener\"><span class='avia_hidden_link_text'>Compartir en Whatsapp<\/span><\/a><\/li><li class='av-share-link av-social-link-linkedin' ><a target=\"_blank\" aria-label=\"Compartir en LinkedIn\" href='https:\/\/linkedin.com\/shareArticle?mini=true&#038;title=Capacitaci%C3%B3n%20en%20t%C3%A9cnicas%20de%20instalaci%C3%B3n%20de%20piedra%20laja%20fortalece%20a%20productores%20de%20Lago%20Pollux&#038;url=https:\/\/radiorevelacionfm.cl\/?p=54430' aria-hidden='false' data-av_icon='\ue8fc' data-av_iconfont='entypo-fontello' title='' data-avia-related-tooltip='Compartir en LinkedIn' rel=\"noopener\"><span class='avia_hidden_link_text'>Compartir en LinkedIn<\/span><\/a><\/li><li class='av-share-link av-social-link-mail' ><a  aria-label=\"Compartir por correo\" href='mailto:?subject=Capacitaci%C3%B3n%20en%20t%C3%A9cnicas%20de%20instalaci%C3%B3n%20de%20piedra%20laja%20fortalece%20a%20productores%20de%20Lago%20Pollux&#038;body=https:\/\/radiorevelacionfm.cl\/?p=54430' aria-hidden='false' data-av_icon='\ue805' data-av_iconfont='entypo-fontello' title='' data-avia-related-tooltip='Compartir por correo'><span class='avia_hidden_link_text'>Compartir por correo<\/span><\/a><\/li><\/ul><\/div><\/div>\n<div  style='height:50px' class='hr hr-invisible   avia-builder-el-8  el_after_av_social_share  el_before_av_comments_list '><span class='hr-inner ' ><span class='hr-inner-style'><\/span><\/span><\/div>\n<div  class='av-buildercomment  av-blog-meta-html-info-disabled av-blog-meta-tag-disabled  '><\/div>\n","protected":false},"excerpt":{"rendered":"","protected":false},"author":1,"featured_media":54431,"comment_status":"closed","ping_status":"closed","sticky":false,"template":"","format":"standard","meta":{"footnotes":""},"categories":[38],"tags":[],"class_list":["post-54430","post","type-post","status-publish","format-standard","has-post-thumbnail","hentry","category-regional"],"jetpack_featured_media_url":"https:\/\/radiorevelacionfm.cl\/wp-content\/uploads\/2025\/05\/15-15-1_optimized-1.jpg","_links":{"self":[{"href":"https:\/\/radiorevelacionfm.cl\/index.php?rest_route=\/wp\/v2\/posts\/54430","targetHints":{"allow":["GET"]}}],"collection":[{"href":"https:\/\/radiorevelacionfm.cl\/index.php?rest_route=\/wp\/v2\/posts"}],"about":[{"href":"https:\/\/radiorevelacionfm.cl\/index.php?rest_route=\/wp\/v2\/types\/post"}],"author":[{"embeddable":true,"href":"https:\/\/radiorevelacionfm.cl\/index.php?rest_route=\/wp\/v2\/users\/1"}],"replies":[{"embeddable":true,"href":"https:\/\/radiorevelacionfm.cl\/index.php?rest_route=%2Fwp%2Fv2%2Fcomments&post=54430"}],"version-history":[{"count":2,"href":"https:\/\/radiorevelacionfm.cl\/index.php?rest_route=\/wp\/v2\/posts\/54430\/revisions"}],"predecessor-version":[{"id":54442,"href":"https:\/\/radiorevelacionfm.cl\/index.php?rest_route=\/wp\/v2\/posts\/54430\/revisions\/54442"}],"wp:featuredmedia":[{"embeddable":true,"href":"https:\/\/radiorevelacionfm.cl\/index.php?rest_route=\/wp\/v2\/media\/54431"}],"wp:attachment":[{"href":"https:\/\/radiorevelacionfm.cl\/index.php?rest_route=%2Fwp%2Fv2%2Fmedia&parent=54430"}],"wp:term":[{"taxonomy":"category","embeddable":true,"href":"https:\/\/radiorevelacionfm.cl\/index.php?rest_route=%2Fwp%2Fv2%2Fcategories&post=54430"},{"taxonomy":"post_tag","embeddable":true,"href":"https:\/\/radiorevelacionfm.cl\/index.php?rest_route=%2Fwp%2Fv2%2Ftags&post=54430"}],"curies":[{"name":"wp","href":"https:\/\/api.w.org\/{rel}","templated":true}]}}