{"id":54422,"date":"2025-05-26T19:06:39","date_gmt":"2025-05-26T22:06:39","guid":{"rendered":"https:\/\/radiorevelacionfm.cl\/?p=54422"},"modified":"2025-05-26T19:06:39","modified_gmt":"2025-05-26T22:06:39","slug":"indap-celebra-el-patrimonio-y-la-soberania-alimentaria-con-gran-porotada-campesina-en-coyhaique","status":"publish","type":"post","link":"https:\/\/radiorevelacionfm.cl\/?p=54422","title":{"rendered":"Indap celebra el patrimonio y la soberan\u00eda alimentaria con gran porotada campesina en Coyhaique"},"content":{"rendered":"<div class=\"flex_column av_one_full  flex_column_div av-zero-column-padding first  avia-builder-el-0  el_before_av_one_full  avia-builder-el-first  \" style='border-radius:0px; '><div  class='avia-image-container  av-styling-    avia-builder-el-1  avia-builder-el-no-sibling  avia-align-center '  itemprop=\"image\" itemscope=\"itemscope\" itemtype=\"https:\/\/schema.org\/ImageObject\"  ><div class='avia-image-container-inner'><div class='avia-image-overlay-wrap'><img decoding=\"async\" class='wp-image-54424 avia-img-lazy-loading-not-54424 avia_image' src=\"https:\/\/radiorevelacionfm.cl\/wp-content\/uploads\/2025\/05\/POROTADA-DIA-DE-LOS-PATRIMONIOS-INDAP-5-1-1-1.jpeg\" alt='' title='POROTADA DIA DE LOS PATRIMONIOS INDAP (5)-1 (1) (1)' height=\"600\" width=\"800\"  itemprop=\"thumbnailUrl\" srcset=\"https:\/\/radiorevelacionfm.cl\/wp-content\/uploads\/2025\/05\/POROTADA-DIA-DE-LOS-PATRIMONIOS-INDAP-5-1-1-1.jpeg 800w, https:\/\/radiorevelacionfm.cl\/wp-content\/uploads\/2025\/05\/POROTADA-DIA-DE-LOS-PATRIMONIOS-INDAP-5-1-1-1-300x225.jpeg 300w, https:\/\/radiorevelacionfm.cl\/wp-content\/uploads\/2025\/05\/POROTADA-DIA-DE-LOS-PATRIMONIOS-INDAP-5-1-1-1-768x576.jpeg 768w, https:\/\/radiorevelacionfm.cl\/wp-content\/uploads\/2025\/05\/POROTADA-DIA-DE-LOS-PATRIMONIOS-INDAP-5-1-1-1-705x529.jpeg 705w, https:\/\/radiorevelacionfm.cl\/wp-content\/uploads\/2025\/05\/POROTADA-DIA-DE-LOS-PATRIMONIOS-INDAP-5-1-1-1-450x338.jpeg 450w, https:\/\/radiorevelacionfm.cl\/wp-content\/uploads\/2025\/05\/POROTADA-DIA-DE-LOS-PATRIMONIOS-INDAP-5-1-1-1-600x450.jpeg 600w\" sizes=\"(max-width: 800px) 100vw, 800px\" \/><\/div><\/div><\/div><\/div><div class=\"flex_column av_one_full  flex_column_div av-zero-column-padding first  avia-builder-el-2  el_after_av_one_full  el_before_av_one_full  column-top-margin\" style='border-radius:0px; '><section class=\"av_textblock_section \"  itemscope=\"itemscope\" itemtype=\"https:\/\/schema.org\/BlogPosting\" itemprop=\"blogPost\" ><div class='avia_textblock  '   itemprop=\"text\" ><p style=\"text-align: center;\"><strong><span style=\"font-size: 18pt;\">Indap celebra el patrimonio y la soberan\u00eda alimentaria con gran porotada campesina en Coyhaique<\/span><\/strong><\/p>\n<div id=\"gtx-trans\" style=\"position: absolute; left: -50px; top: 4.31534px;\">\n<div class=\"gtx-trans-icon\"><\/div>\n<\/div>\n<\/div><\/section><\/div><div class=\"flex_column av_one_full  flex_column_div av-zero-column-padding first  avia-builder-el-4  el_after_av_one_full  el_before_av_hr  column-top-margin\" style='border-radius:0px; '><section class=\"av_textblock_section \"  itemscope=\"itemscope\" itemtype=\"https:\/\/schema.org\/BlogPosting\" itemprop=\"blogPost\" ><div class='avia_textblock  '   itemprop=\"text\" ><p style=\"text-align: justify;\">En el marco del D\u00eda de los Patrimonios, INDAP Ays\u00e9n del Ministerio de Agricultura conmemor\u00f3 esta importante fecha con una sabrosa y emotiva actividad en la Feria Las Quintas: una gran porotada campesina organizada junto a las agrupaciones que cada s\u00e1bado abastecen a Coyhaique con alimentos frescos. La instancia busc\u00f3 relevar el valor de la agricultura local, la cocina tradicional y el trabajo esencial de nuestras comunidades rurales.<\/p>\n<p style=\"text-align: justify;\">La directora regional de INDAP, Yessica Lagos C\u00e1rdenas, destac\u00f3 el sentido profundo de esta celebraci\u00f3n, afirmando que desde la instituci\u00f3n tienen la misi\u00f3n de fortalecer tanto la agricultura familiar campesina e ind\u00edgena como los mercados inclusivos. \u00abEsta porotada masiva es una forma concreta de reconocer nuestras tradiciones, nuestros productos locales y el trabajo de las familias campesinas que producen alimentos sanos y saludables para la poblaci\u00f3n\u00bb, se\u00f1al\u00f3. En la actividad, tambi\u00e9n se instal\u00f3 un punto informativo con la oferta program\u00e1tica de INDAP, acercando sus herramientas a la comunidad local y a potenciales nuevos usuarios y usuarias.<\/p>\n<p style=\"text-align: justify;\">Durante la jornada se realiz\u00f3 un reconocimiento a integrantes de la Feria Victor Domingo Silva y el Comit\u00e9 de Horticultores de R\u00edo Claro y Coyhaique Bajo, quienes mediante la venta directa de productos frescos y saludables, impulsan circuitos cortos de comercializaci\u00f3n en la regi\u00f3n. Se trata de hombres y mujeres que abastecen semanalmente a la ciudad con alimentos que promueven la soberan\u00eda alimentaria, es decir, que nuestra regi\u00f3n no dependa de frutas y verduras que son tra\u00eddas desde otras regiones. Asimismo, la instancia destac\u00f3 que este acto de venta de productos locales significa llevar el patrimonio agroalimentario a nuestras mesas, con identidad territorial y cuidado por la salud.<\/p>\n<p style=\"text-align: justify;\">La directora regional del Servicio Nacional del Patrimonio Cultural, Claudia Cantero, valor\u00f3 la participaci\u00f3n de INDAP y la importancia de esta articulaci\u00f3n con el mundo rural. \u00abAgradecemos la invitaci\u00f3n de INDAP en este d\u00eda tan especial. Esta actividad forma parte de la agenda cultural m\u00e1s importante del a\u00f1o, donde celebramos el patrimonio material, las tradiciones vivas y el trabajo colaborativo que nos conecta con nuestra historia\u00bb, indic\u00f3. La actividad resalt\u00f3 especialmente el rol de las y los productores como portadores de saberes y protagonistas de la soberan\u00eda alimentaria de la regi\u00f3n de Ays\u00e9n.<\/p>\n<p style=\"text-align: justify;\">Por su parte, Marta Soto, presidenta de la Feria Las Quintas, puso \u00e9nfasis en la historia y el esfuerzo de quienes sostienen este espacio con trabajo constante. \u00abLas mujeres feriantes trabajamos todo el a\u00f1o, con fr\u00edo, lluvia o calor. Esta porotada es una forma de reconocer nuestro esfuerzo y el de todas las familias que sacamos adelante esta feria\u00bb, afirm\u00f3.<\/p>\n<p style=\"text-align: justify;\">Desde el Ministerio de las Culturas, las Artes y el Patrimonio, el SEREMI Felipe Quiroz destac\u00f3 la importancia de la articulaci\u00f3n entre el mundo rural y la cultura. \u00abEsta actividad reconoce el importante trabajo de quienes dan vida a la Feria Las Quintas, muchas de ellas hortaliceras que han forjado historia en este espacio. INDAP cumple aqu\u00ed un rol fundamental al visibilizar a quienes sostienen el patrimonio alimentario y cultural de nuestra regi\u00f3n\u00bb, se\u00f1al\u00f3.<\/p>\n<p style=\"text-align: justify;\">Con esta celebraci\u00f3n, INDAP reafirma su compromiso con el desarrollo rural sostenible, la promoci\u00f3n de dietas saludables y el reconocimiento del patrimonio alimentario como un bien com\u00fan que fortalece la identidad y la autonom\u00eda de los territorios.<\/p>\n<\/div><\/section><\/div><div  style='height:50px' class='hr hr-invisible   avia-builder-el-6  el_after_av_one_full  el_before_av_social_share '><span class='hr-inner ' ><span class='hr-inner-style'><\/span><\/span><\/div><\/p>\n<div  class='av-social-sharing-box  avia-builder-el-7  el_after_av_hr  el_before_av_hr  '><div class='av-share-box'><h5 class='av-share-link-description av-no-toc '>Compartir esta noticia<\/h5><ul class='av-share-box-list noLightbox'><li class='av-share-link av-social-link-facebook' ><a target=\"_blank\" aria-label=\"Compartir en Facebook\" href='https:\/\/www.facebook.com\/sharer.php?u=https:\/\/radiorevelacionfm.cl\/?p=54422&#038;t=Indap%20celebra%20el%20patrimonio%20y%20la%20soberan%C3%ADa%20alimentaria%20con%20gran%20porotada%20campesina%20en%20Coyhaique' aria-hidden='false' data-av_icon='\ue8f3' data-av_iconfont='entypo-fontello' title='' data-avia-related-tooltip='Compartir en Facebook' rel=\"noopener\"><span class='avia_hidden_link_text'>Compartir en Facebook<\/span><\/a><\/li><li class='av-share-link av-social-link-twitter' ><a target=\"_blank\" aria-label=\"Compartir en Twitter\" href='https:\/\/twitter.com\/share?text=Indap%20celebra%20el%20patrimonio%20y%20la%20soberan%C3%ADa%20alimentaria%20con%20gran%20porotada%20campesina%20en%20Coyhaique&#038;url=https:\/\/radiorevelacionfm.cl\/?p=54422' aria-hidden='false' data-av_icon='\ue8f1' data-av_iconfont='entypo-fontello' title='' data-avia-related-tooltip='Compartir en Twitter' rel=\"noopener\"><span class='avia_hidden_link_text'>Compartir en Twitter<\/span><\/a><\/li><li class='av-share-link av-social-link-whatsapp' ><a target=\"_blank\" aria-label=\"Compartir en Whatsapp\" href='https:\/\/api.whatsapp.com\/send?text=https:\/\/radiorevelacionfm.cl\/?p=54422' aria-hidden='false' data-av_icon='\uf232' data-av_iconfont='entypo-fontello' title='' data-avia-related-tooltip='Compartir en Whatsapp' rel=\"noopener\"><span class='avia_hidden_link_text'>Compartir en Whatsapp<\/span><\/a><\/li><li class='av-share-link av-social-link-linkedin' ><a target=\"_blank\" aria-label=\"Compartir en LinkedIn\" href='https:\/\/linkedin.com\/shareArticle?mini=true&#038;title=Indap%20celebra%20el%20patrimonio%20y%20la%20soberan%C3%ADa%20alimentaria%20con%20gran%20porotada%20campesina%20en%20Coyhaique&#038;url=https:\/\/radiorevelacionfm.cl\/?p=54422' aria-hidden='false' data-av_icon='\ue8fc' data-av_iconfont='entypo-fontello' title='' data-avia-related-tooltip='Compartir en LinkedIn' rel=\"noopener\"><span class='avia_hidden_link_text'>Compartir en LinkedIn<\/span><\/a><\/li><li class='av-share-link av-social-link-mail' ><a  aria-label=\"Compartir por correo\" href='mailto:?subject=Indap%20celebra%20el%20patrimonio%20y%20la%20soberan%C3%ADa%20alimentaria%20con%20gran%20porotada%20campesina%20en%20Coyhaique&#038;body=https:\/\/radiorevelacionfm.cl\/?p=54422' aria-hidden='false' data-av_icon='\ue805' data-av_iconfont='entypo-fontello' title='' data-avia-related-tooltip='Compartir por correo'><span class='avia_hidden_link_text'>Compartir por correo<\/span><\/a><\/li><\/ul><\/div><\/div>\n<div  style='height:50px' class='hr hr-invisible   avia-builder-el-8  el_after_av_social_share  el_before_av_comments_list '><span class='hr-inner ' ><span class='hr-inner-style'><\/span><\/span><\/div>\n<div  class='av-buildercomment  av-blog-meta-html-info-disabled av-blog-meta-tag-disabled  '><\/div>\n","protected":false},"excerpt":{"rendered":"","protected":false},"author":1,"featured_media":54424,"comment_status":"closed","ping_status":"closed","sticky":false,"template":"","format":"standard","meta":{"footnotes":""},"categories":[38],"tags":[],"class_list":["post-54422","post","type-post","status-publish","format-standard","has-post-thumbnail","hentry","category-regional"],"jetpack_featured_media_url":"https:\/\/radiorevelacionfm.cl\/wp-content\/uploads\/2025\/05\/POROTADA-DIA-DE-LOS-PATRIMONIOS-INDAP-5-1-1-1.jpeg","_links":{"self":[{"href":"https:\/\/radiorevelacionfm.cl\/index.php?rest_route=\/wp\/v2\/posts\/54422","targetHints":{"allow":["GET"]}}],"collection":[{"href":"https:\/\/radiorevelacionfm.cl\/index.php?rest_route=\/wp\/v2\/posts"}],"about":[{"href":"https:\/\/radiorevelacionfm.cl\/index.php?rest_route=\/wp\/v2\/types\/post"}],"author":[{"embeddable":true,"href":"https:\/\/radiorevelacionfm.cl\/index.php?rest_route=\/wp\/v2\/users\/1"}],"replies":[{"embeddable":true,"href":"https:\/\/radiorevelacionfm.cl\/index.php?rest_route=%2Fwp%2Fv2%2Fcomments&post=54422"}],"version-history":[{"count":2,"href":"https:\/\/radiorevelacionfm.cl\/index.php?rest_route=\/wp\/v2\/posts\/54422\/revisions"}],"predecessor-version":[{"id":54426,"href":"https:\/\/radiorevelacionfm.cl\/index.php?rest_route=\/wp\/v2\/posts\/54422\/revisions\/54426"}],"wp:featuredmedia":[{"embeddable":true,"href":"https:\/\/radiorevelacionfm.cl\/index.php?rest_route=\/wp\/v2\/media\/54424"}],"wp:attachment":[{"href":"https:\/\/radiorevelacionfm.cl\/index.php?rest_route=%2Fwp%2Fv2%2Fmedia&parent=54422"}],"wp:term":[{"taxonomy":"category","embeddable":true,"href":"https:\/\/radiorevelacionfm.cl\/index.php?rest_route=%2Fwp%2Fv2%2Fcategories&post=54422"},{"taxonomy":"post_tag","embeddable":true,"href":"https:\/\/radiorevelacionfm.cl\/index.php?rest_route=%2Fwp%2Fv2%2Ftags&post=54422"}],"curies":[{"name":"wp","href":"https:\/\/api.w.org\/{rel}","templated":true}]}}