{"id":54409,"date":"2025-05-26T16:24:54","date_gmt":"2025-05-26T19:24:54","guid":{"rendered":"https:\/\/radiorevelacionfm.cl\/?p=54409"},"modified":"2025-05-26T16:24:54","modified_gmt":"2025-05-26T19:24:54","slug":"invierno-2025-mas-fiscalizacion-de-uso-de-cadenas-y-cortes-de-ruta-preventivos-seran-medidas-para-reforzar-la-seguridad-de-la-ruta-7","status":"publish","type":"post","link":"https:\/\/radiorevelacionfm.cl\/?p=54409","title":{"rendered":"Invierno 2025: M\u00e1s fiscalizaci\u00f3n de uso de cadenas y cortes de ruta preventivos ser\u00e1n medidas para reforzar la seguridad de la Ruta 7"},"content":{"rendered":"<div class=\"flex_column av_one_full  flex_column_div av-zero-column-padding first  avia-builder-el-0  el_before_av_one_full  avia-builder-el-first  \" style='border-radius:0px; '><div  class='avia-image-container  av-styling-    avia-builder-el-1  avia-builder-el-no-sibling  avia-align-center '  itemprop=\"image\" itemscope=\"itemscope\" itemtype=\"https:\/\/schema.org\/ImageObject\"  ><div class='avia-image-container-inner'><div class='avia-image-overlay-wrap'><img decoding=\"async\" class='wp-image-54410 avia-img-lazy-loading-not-54410 avia_image' src=\"https:\/\/radiorevelacionfm.cl\/wp-content\/uploads\/2025\/05\/GM2Jh1_WkAAGanv-1-1-1.jpg\" alt='' title='GM2Jh1_WkAAGanv (1) (1) (1)' height=\"600\" width=\"800\"  itemprop=\"thumbnailUrl\" srcset=\"https:\/\/radiorevelacionfm.cl\/wp-content\/uploads\/2025\/05\/GM2Jh1_WkAAGanv-1-1-1.jpg 800w, https:\/\/radiorevelacionfm.cl\/wp-content\/uploads\/2025\/05\/GM2Jh1_WkAAGanv-1-1-1-300x225.jpg 300w, https:\/\/radiorevelacionfm.cl\/wp-content\/uploads\/2025\/05\/GM2Jh1_WkAAGanv-1-1-1-768x576.jpg 768w, https:\/\/radiorevelacionfm.cl\/wp-content\/uploads\/2025\/05\/GM2Jh1_WkAAGanv-1-1-1-705x529.jpg 705w, https:\/\/radiorevelacionfm.cl\/wp-content\/uploads\/2025\/05\/GM2Jh1_WkAAGanv-1-1-1-450x338.jpg 450w, https:\/\/radiorevelacionfm.cl\/wp-content\/uploads\/2025\/05\/GM2Jh1_WkAAGanv-1-1-1-600x450.jpg 600w\" sizes=\"(max-width: 800px) 100vw, 800px\" \/><\/div><\/div><\/div><\/div><div class=\"flex_column av_one_full  flex_column_div av-zero-column-padding first  avia-builder-el-2  el_after_av_one_full  el_before_av_one_full  column-top-margin\" style='border-radius:0px; '><section class=\"av_textblock_section \"  itemscope=\"itemscope\" itemtype=\"https:\/\/schema.org\/BlogPosting\" itemprop=\"blogPost\" ><div class='avia_textblock  '   itemprop=\"text\" ><p style=\"text-align: center;\"><strong><span style=\"font-size: 18pt;\">Invierno 2025: M\u00e1s fiscalizaci\u00f3n de uso de cadenas y cortes de ruta preventivos ser\u00e1n medidas para reforzar la seguridad de la Ruta 7<\/span><\/strong><\/p>\n<div id=\"gtx-trans\" style=\"position: absolute; left: -50px; top: 4.31534px;\">\n<div class=\"gtx-trans-icon\"><\/div>\n<\/div>\n<\/div><\/section><\/div><div class=\"flex_column av_one_full  flex_column_div av-zero-column-padding first  avia-builder-el-4  el_after_av_one_full  el_before_av_hr  column-top-margin\" style='border-radius:0px; '><section class=\"av_textblock_section \"  itemscope=\"itemscope\" itemtype=\"https:\/\/schema.org\/BlogPosting\" itemprop=\"blogPost\" ><div class='avia_textblock  '   itemprop=\"text\" ><p style=\"font-weight: 400; text-align: justify;\">Junto a la coordinaci\u00f3n de medidas se enfatiz\u00f3 que, ante todo, la preparaci\u00f3n de conductores y decisiones que se tomen en la ruta, son la mejor forma de evitar siniestros viales.<\/p>\n<p style=\"font-weight: 400; text-align: justify;\">En el marco de las coordinaciones de la Coreset (Comisi\u00f3n Regional de Seguridad de Tr\u00e1nsito) se planificaron una serie de acciones, cuyo prop\u00f3sito principal es reforzar la seguridad vial en la temporada de invierno. En esta oportunidad, encabezando la mesa de trabajo la delegaci\u00f3n regional y seremiTT, junto a seremi de Obras P\u00fablicas, Senapred y Carabineros hicieron un catastro de los trabajos de fiscalizaci\u00f3n y conservaci\u00f3n de v\u00edas que tendr\u00e1n lugar en la Ruta 7 durante este invierno.<\/p>\n<p style=\"font-weight: 400; text-align: justify;\">Una de las principales preocupaciones fue la experiencia de a\u00f1os anteriores en torno a camiones o veh\u00edculos de mayor volumen que al circular sin cadenas obstruyeron la ruta, siendo un inconveniente para la circulaci\u00f3n de otros veh\u00edculos, adem\u00e1s del peligro que esta situaci\u00f3n acarrea para quienes transitan por sectores m\u00e1s complejo. Adem\u00e1s de sumar mayor fiscalizaci\u00f3n, se definieron cortes de ruta preventivos en la eventualidad de cuadros clim\u00e1ticos m\u00e1s adversos.<\/p>\n<p style=\"font-weight: 400; text-align: justify;\">Seg\u00fan explic\u00f3 el seremiTT Hans Zimmermann estas suspensiones de ruta se realizar\u00e1n en los puntos m\u00e1s cr\u00edticos de la Ruta 7 y otras v\u00edas estructurantes. \u201cEstamos hablando particularmente de sectores como el portezuelo Queulat, el sector del Cofr\u00e9, la provincia de General Carrera, el sector Vagabundo y la Ruta 265, que son aquellos sectores que a\u00f1o a a\u00f1o presentan mayor complejidad frente a nevazones. Estos cortes de ruta preventivos en horarios nocturnos, se realizar\u00e1n a partir de las 20 horas para el tr\u00e1nsito de camiones. No hay que olvidarnos que un cami\u00f3n con remolque atravesado en la Ruta 7 puede generar grandes complicaciones para la conectividad en la regi\u00f3n, para el abastecimiento o incluso para la operaci\u00f3n de los veh\u00edculos de emergencia. Eso es lo que nosotros queremos prevenir y para eso como Gobierno nos estamos coordinando y anteponiendo a estas situaciones.\u201d<\/p>\n<p style=\"font-weight: 400; text-align: justify;\">El delegado presidencial regional (s) Samuel Navarro agreg\u00f3 que esta planificaci\u00f3n asesorada por los organismos t\u00e9cnicos pretende resguardar la vida humana, los bienes y la cadena log\u00edstica, y en donde es vital contar con la colaboraci\u00f3n de los conductores. \u201cNo sacamos nada con implementar estas medidas si la ciudadan\u00eda no coopera, colabora y est\u00e1 atenta a las indicaciones de todas las autoridades ac\u00e1 presentes, particularmente Sanapred, tambi\u00e9n del ministerio de Transportes, de Vialidad y de Carabineros. El llamado siempre es a la prevenci\u00f3n, a la planificaci\u00f3n, a la revisi\u00f3n de las medidas y a contar con la disponibilidad de la planificaci\u00f3n de los viajes, el agendamiento, porque van a haber restricciones en la movilidad. Esperamos que estas restricciones sean las m\u00ednimas, pero sean las necesarias\u201d.<\/p>\n<p style=\"font-weight: 400; text-align: justify;\">Desde el MOP, la seremi Paloma Jara se refiri\u00f3 a las obras desarrolladas en la red vial de la comuna en el acceso norte a Coyhaique, Lago Atravesado, Las Bandurrias, El Claro y Vista Hermosa. En cuanto a otros sectores de la Ruta afectados por las condiciones clim\u00e1ticas la autoridad se refiri\u00f3 especialmente al sector del Paso de Las Llaves y el sector Las Pulgas. \u201cEstuvimos viendo cu\u00e1les son puntos habituales de remoci\u00f3n en masa. Yo creo que el punto m\u00e1s cr\u00edtico es el paso Las Llaves, en la comuna de Chile Chico, donde por lo mismo vamos a hacer un corte preventivo, al igual que otros a\u00f1os. Tambi\u00e9n en Puyuhuapi, en Las Pulgas donde qued\u00f3 algo latente luego de los trabajos que se hicieron de las obras b\u00e1sicas. De todas maneras, hay atenci\u00f3n a eso. Lo que vemos en Las Pulgas es algo similar a lo que vemos en la Cuesta del Diablo, que m\u00e1s que una gran remoci\u00f3n es la ca\u00edda constante de algunas piedras que pueden ser peligrosas, sobre todo en la conducci\u00f3n nocturna. Efectivamente, en los lugares m\u00e1s bajos hay tendencia a remociones en masa. Las globales de viabilidad est\u00e1n preparadas y tambi\u00e9n nuestra administraci\u00f3n directa\u201d, asegur\u00f3 la autoridad, quien adem\u00e1s pidi\u00f3 a los conductores precauci\u00f3n en los sectores donde se est\u00e1 trabajando, para proteger a banderilleros y otros operarios de las obras.<\/p>\n<p style=\"font-weight: 400; text-align: justify;\">Desde Carabineros, el Subprefecto Fronterizo de Ays\u00e9n Rodrigo Molina subray\u00f3 la importancia de la prevenci\u00f3n y fiscalizaci\u00f3n. \u201cLa prevenci\u00f3n, \u00bfa trav\u00e9s de qu\u00e9? Se\u00f1alando a la comunidad, sobre los cortes de tr\u00e1nsito que se van a realizar y por otro lado, la fiscalizaci\u00f3n y el control del uso de las cadenas, el uso y el cumplimiento de las leyes de tr\u00e1nsito que est\u00e1n implementadas por toda la ruta. En ese sentido, podemos se\u00f1alar que durante el presente a\u00f1o, hasta la fecha, hemos disminuido los accidentes de tr\u00e1nsito comparativos con el periodo anterior, no obstante, las muertes han aumentado, no considerablemente, pero tenemos un leve aumento. Por eso la fiscalizaci\u00f3n va a ser en forma permanente, teniendo en consideraci\u00f3n que muchas de las faltas es por no ir atento a las condiciones del tr\u00e1nsito o por no darle cumplimiento a lo que los organismos estamos implementando.\u201d<\/p>\n<p style=\"font-weight: 400; text-align: justify;\">Finalmente, Alejandro Solar, director de Senapred se refiri\u00f3 a las\u00a0 condiciones clim\u00e1ticas que se proyectan para la temporada invernal 2025 \u201cProyecciones espec\u00edficas para el invierno es muy dif\u00edcil dar, derivado de las condiciones regionales. Lo que s\u00ed podr\u00edamos decir es que puede que sea un invierno un poco m\u00e1s c\u00e1lido, y vamos a tener distintos frentes de que pueden afectar en cortos periodos de tiempo, pero en forma muy fuerte a la regi\u00f3n. Derivado de eso es que llamamos a mantenerse informados por los canales oficiales para que puedan conducir en forma segura y prevenir, utilizando el empleo de cadenas principalmente y bajo las normas que de la autoridad pertinente.\u201d<\/p>\n<p style=\"font-weight: 400; text-align: justify;\">Adicionalmente, la seremiTT enviar\u00e1 a MOP Ays\u00e9n los trazados de transporte p\u00fablico de pasajeros en la regi\u00f3n de Ays\u00e9n, para poder reforzar obras de conservaci\u00f3n en dichas rutas.<\/p>\n<\/div><\/section><\/div><div  style='height:50px' class='hr hr-invisible   avia-builder-el-6  el_after_av_one_full  el_before_av_social_share '><span class='hr-inner ' ><span class='hr-inner-style'><\/span><\/span><\/div><\/p>\n<div  class='av-social-sharing-box  avia-builder-el-7  el_after_av_hr  el_before_av_hr  '><div class='av-share-box'><h5 class='av-share-link-description av-no-toc '>Compartir esta noticia<\/h5><ul class='av-share-box-list noLightbox'><li class='av-share-link av-social-link-facebook' ><a target=\"_blank\" aria-label=\"Compartir en Facebook\" href='https:\/\/www.facebook.com\/sharer.php?u=https:\/\/radiorevelacionfm.cl\/?p=54409&#038;t=Invierno%202025%3A%20M%C3%A1s%20fiscalizaci%C3%B3n%20de%20uso%20de%20cadenas%20y%20cortes%20de%20ruta%20preventivos%20ser%C3%A1n%20medidas%20para%20reforzar%20la%20seguridad%20de%20la%20Ruta%207' aria-hidden='false' data-av_icon='\ue8f3' data-av_iconfont='entypo-fontello' title='' data-avia-related-tooltip='Compartir en Facebook' rel=\"noopener\"><span class='avia_hidden_link_text'>Compartir en Facebook<\/span><\/a><\/li><li class='av-share-link av-social-link-twitter' ><a target=\"_blank\" aria-label=\"Compartir en Twitter\" href='https:\/\/twitter.com\/share?text=Invierno%202025%3A%20M%C3%A1s%20fiscalizaci%C3%B3n%20de%20uso%20de%20cadenas%20y%20cortes%20de%20ruta%20preventivos%20ser%C3%A1n%20medidas%20para%20reforzar%20la%20seguridad%20de%20la%20Ruta%207&#038;url=https:\/\/radiorevelacionfm.cl\/?p=54409' aria-hidden='false' data-av_icon='\ue8f1' data-av_iconfont='entypo-fontello' title='' data-avia-related-tooltip='Compartir en Twitter' rel=\"noopener\"><span class='avia_hidden_link_text'>Compartir en Twitter<\/span><\/a><\/li><li class='av-share-link av-social-link-whatsapp' ><a target=\"_blank\" aria-label=\"Compartir en Whatsapp\" href='https:\/\/api.whatsapp.com\/send?text=https:\/\/radiorevelacionfm.cl\/?p=54409' aria-hidden='false' data-av_icon='\uf232' data-av_iconfont='entypo-fontello' title='' data-avia-related-tooltip='Compartir en Whatsapp' rel=\"noopener\"><span class='avia_hidden_link_text'>Compartir en Whatsapp<\/span><\/a><\/li><li class='av-share-link av-social-link-linkedin' ><a target=\"_blank\" aria-label=\"Compartir en LinkedIn\" href='https:\/\/linkedin.com\/shareArticle?mini=true&#038;title=Invierno%202025%3A%20M%C3%A1s%20fiscalizaci%C3%B3n%20de%20uso%20de%20cadenas%20y%20cortes%20de%20ruta%20preventivos%20ser%C3%A1n%20medidas%20para%20reforzar%20la%20seguridad%20de%20la%20Ruta%207&#038;url=https:\/\/radiorevelacionfm.cl\/?p=54409' aria-hidden='false' data-av_icon='\ue8fc' data-av_iconfont='entypo-fontello' title='' data-avia-related-tooltip='Compartir en LinkedIn' rel=\"noopener\"><span class='avia_hidden_link_text'>Compartir en LinkedIn<\/span><\/a><\/li><li class='av-share-link av-social-link-mail' ><a  aria-label=\"Compartir por correo\" href='mailto:?subject=Invierno%202025%3A%20M%C3%A1s%20fiscalizaci%C3%B3n%20de%20uso%20de%20cadenas%20y%20cortes%20de%20ruta%20preventivos%20ser%C3%A1n%20medidas%20para%20reforzar%20la%20seguridad%20de%20la%20Ruta%207&#038;body=https:\/\/radiorevelacionfm.cl\/?p=54409' aria-hidden='false' data-av_icon='\ue805' data-av_iconfont='entypo-fontello' title='' data-avia-related-tooltip='Compartir por correo'><span class='avia_hidden_link_text'>Compartir por correo<\/span><\/a><\/li><\/ul><\/div><\/div>\n<div  style='height:50px' class='hr hr-invisible   avia-builder-el-8  el_after_av_social_share  el_before_av_comments_list '><span class='hr-inner ' ><span class='hr-inner-style'><\/span><\/span><\/div>\n<div  class='av-buildercomment  av-blog-meta-html-info-disabled av-blog-meta-tag-disabled  '><\/div>\n","protected":false},"excerpt":{"rendered":"","protected":false},"author":1,"featured_media":54410,"comment_status":"closed","ping_status":"closed","sticky":false,"template":"","format":"standard","meta":{"footnotes":""},"categories":[38],"tags":[],"class_list":["post-54409","post","type-post","status-publish","format-standard","has-post-thumbnail","hentry","category-regional"],"jetpack_featured_media_url":"https:\/\/radiorevelacionfm.cl\/wp-content\/uploads\/2025\/05\/GM2Jh1_WkAAGanv-1-1-1.jpg","_links":{"self":[{"href":"https:\/\/radiorevelacionfm.cl\/index.php?rest_route=\/wp\/v2\/posts\/54409","targetHints":{"allow":["GET"]}}],"collection":[{"href":"https:\/\/radiorevelacionfm.cl\/index.php?rest_route=\/wp\/v2\/posts"}],"about":[{"href":"https:\/\/radiorevelacionfm.cl\/index.php?rest_route=\/wp\/v2\/types\/post"}],"author":[{"embeddable":true,"href":"https:\/\/radiorevelacionfm.cl\/index.php?rest_route=\/wp\/v2\/users\/1"}],"replies":[{"embeddable":true,"href":"https:\/\/radiorevelacionfm.cl\/index.php?rest_route=%2Fwp%2Fv2%2Fcomments&post=54409"}],"version-history":[{"count":2,"href":"https:\/\/radiorevelacionfm.cl\/index.php?rest_route=\/wp\/v2\/posts\/54409\/revisions"}],"predecessor-version":[{"id":54412,"href":"https:\/\/radiorevelacionfm.cl\/index.php?rest_route=\/wp\/v2\/posts\/54409\/revisions\/54412"}],"wp:featuredmedia":[{"embeddable":true,"href":"https:\/\/radiorevelacionfm.cl\/index.php?rest_route=\/wp\/v2\/media\/54410"}],"wp:attachment":[{"href":"https:\/\/radiorevelacionfm.cl\/index.php?rest_route=%2Fwp%2Fv2%2Fmedia&parent=54409"}],"wp:term":[{"taxonomy":"category","embeddable":true,"href":"https:\/\/radiorevelacionfm.cl\/index.php?rest_route=%2Fwp%2Fv2%2Fcategories&post=54409"},{"taxonomy":"post_tag","embeddable":true,"href":"https:\/\/radiorevelacionfm.cl\/index.php?rest_route=%2Fwp%2Fv2%2Ftags&post=54409"}],"curies":[{"name":"wp","href":"https:\/\/api.w.org\/{rel}","templated":true}]}}