{"id":54405,"date":"2025-05-26T15:58:36","date_gmt":"2025-05-26T18:58:36","guid":{"rendered":"https:\/\/radiorevelacionfm.cl\/?p=54405"},"modified":"2025-05-26T15:58:36","modified_gmt":"2025-05-26T18:58:36","slug":"estaciones-meteorologicas-del-inia-buscan-apoyar-y-mejorar-la-planificacion-agricola-en-aysen","status":"publish","type":"post","link":"https:\/\/radiorevelacionfm.cl\/?p=54405","title":{"rendered":"Estaciones meteorol\u00f3gicas del INIA buscan apoyar y mejorar la planificaci\u00f3n agr\u00edcola en Ays\u00e9n"},"content":{"rendered":"<div class=\"flex_column av_one_full  flex_column_div av-zero-column-padding first  avia-builder-el-0  el_before_av_one_full  avia-builder-el-first  \" style='border-radius:0px; '><div  class='avia-image-container  av-styling-    avia-builder-el-1  avia-builder-el-no-sibling  avia-align-center '  itemprop=\"image\" itemscope=\"itemscope\" itemtype=\"https:\/\/schema.org\/ImageObject\"  ><div class='avia-image-container-inner'><div class='avia-image-overlay-wrap'><img decoding=\"async\" class='wp-image-54406 avia-img-lazy-loading-not-54406 avia_image' src=\"https:\/\/radiorevelacionfm.cl\/wp-content\/uploads\/2025\/05\/1z9a1637-1-1_optimized.jpg\" alt='' title='1z9a1637-(1)-(1)_optimized' height=\"600\" width=\"900\"  itemprop=\"thumbnailUrl\" srcset=\"https:\/\/radiorevelacionfm.cl\/wp-content\/uploads\/2025\/05\/1z9a1637-1-1_optimized.jpg 900w, https:\/\/radiorevelacionfm.cl\/wp-content\/uploads\/2025\/05\/1z9a1637-1-1_optimized-300x200.jpg 300w, https:\/\/radiorevelacionfm.cl\/wp-content\/uploads\/2025\/05\/1z9a1637-1-1_optimized-768x512.jpg 768w, https:\/\/radiorevelacionfm.cl\/wp-content\/uploads\/2025\/05\/1z9a1637-1-1_optimized-705x470.jpg 705w, https:\/\/radiorevelacionfm.cl\/wp-content\/uploads\/2025\/05\/1z9a1637-1-1_optimized-450x300.jpg 450w, https:\/\/radiorevelacionfm.cl\/wp-content\/uploads\/2025\/05\/1z9a1637-1-1_optimized-600x400.jpg 600w\" sizes=\"(max-width: 900px) 100vw, 900px\" \/><\/div><\/div><\/div><\/div><div class=\"flex_column av_one_full  flex_column_div av-zero-column-padding first  avia-builder-el-2  el_after_av_one_full  el_before_av_one_full  column-top-margin\" style='border-radius:0px; '><section class=\"av_textblock_section \"  itemscope=\"itemscope\" itemtype=\"https:\/\/schema.org\/BlogPosting\" itemprop=\"blogPost\" ><div class='avia_textblock  '   itemprop=\"text\" ><p style=\"text-align: center;\"><span style=\"font-size: 18pt;\"><b>Estaciones meteorol\u00f3gicas del INIA buscan apoyar y mejorar la planificaci\u00f3n agr\u00edcola en Ays\u00e9n<\/b><\/span><\/p>\n<div id=\"gtx-trans\" style=\"position: absolute; left: -50px; top: 4.31534px;\">\n<div class=\"gtx-trans-icon\"><\/div>\n<\/div>\n<\/div><\/section><\/div><div class=\"flex_column av_one_full  flex_column_div av-zero-column-padding first  avia-builder-el-4  el_after_av_one_full  el_before_av_hr  column-top-margin\" style='border-radius:0px; '><section class=\"av_textblock_section \"  itemscope=\"itemscope\" itemtype=\"https:\/\/schema.org\/BlogPosting\" itemprop=\"blogPost\" ><div class='avia_textblock  '   itemprop=\"text\" ><p class=\"v1MsoNormal\" style=\"text-align: justify;\">En la regi\u00f3n de Ays\u00e9n, INIA cuenta con una red de diez Estaciones Meteorol\u00f3gicas Autom\u00e1ticas (EMA) que, a trav\u00e9s de la plataforma Agrometeorolog\u00eda.cl (<a href=\"https:\/\/agrometeorologia.cl\/\" target=\"_blank\" rel=\"noopener noreferrer\">https:\/\/agrometeorologia.cl\/<\/a>), ofrecen acceso gratuito a datos en tiempo real, como forma de facilitar informaci\u00f3n para el manejo agr\u00edcola y la toma de decisiones ante eventos clim\u00e1ticos.<\/p>\n<p class=\"v1MsoNormal\" style=\"text-align: justify;\">Las EMAs, distribuidas estrat\u00e9gicamente desde el norte en La Junta hasta el sur en Cochrane, cubren una vasta extensi\u00f3n geogr\u00e1fica. Entre las localidades que cuentan con estos equipos est\u00e1n: La Junta, Arroyo el Gato, \u00d1irehuao, El Claro, Santa Elena (Valle Simpson), Vista Hermosa, Bajada Ib\u00e1\u00f1ez, Puerto Ib\u00e1\u00f1ez, Chile Chico y Cochrane.\u00a0 Esta cobertura permite obtener informaci\u00f3n precisa y oportuna sobre la evoluci\u00f3n de las variables clim\u00e1ticas a trav\u00e9s del tiempo en diferentes puntos de la regi\u00f3n.<\/p>\n<p class=\"v1MsoNormal\" style=\"text-align: justify;\">\u00abLas estaciones meteorol\u00f3gicas del INIA en Ays\u00e9n est\u00e1n distribuidas para cubrir los principales valles productivos de la regi\u00f3n, ampliando la cobertura de la Direcci\u00f3n Meteorol\u00f3gica de Chile. Esta red constituye una valiosa herramienta, ya que permite monitorear las principales variables agrometeorol\u00f3gicas de uso en la toma de decisiones agropecuarios\u00bb se\u00f1al\u00f3 Camila Reyes, directora de INIA Tamel Aike.<\/p>\n<p class=\"v1MsoNormal\" style=\"text-align: justify;\">Por otra parte, los datos obtenidos a trav\u00e9s de la EMAs, permiten aportar informaci\u00f3n que se utiliza para la calibraci\u00f3n de los modelos predictivos, como por ejemplo, los que realiza el Laboratorio Eco-Clim\u00e1tico.<\/p>\n<p class=\"v1MsoNormal\" style=\"text-align: justify;\"><b>Ocho variables en tiempo real<\/b><\/p>\n<p class=\"v1MsoNormal\" style=\"text-align: justify;\">Las estaciones meteorol\u00f3gicas del INIA registran en forma horaria un total de ocho variables para el an\u00e1lisis clim\u00e1tico: temperatura y humedad relativa del aire, presi\u00f3n barom\u00e9trica, velocidad y direcci\u00f3n del viento, precipitaciones acumuladas, radiaci\u00f3n solar, temperatura de suelo en superficie y temperatura a 10 cm de profundidad.<\/p>\n<p class=\"v1MsoNormal\" style=\"text-align: justify;\">Adem\u00e1s de generar estos datos, el INIA elabora mensualmente el Bolet\u00edn Agrometeorol\u00f3gico Regional de Ays\u00e9n, que integra informaci\u00f3n proveniente de las estaciones. Este documento incluye recomendaciones t\u00e9cnicas para el manejo de cultivos prioritarios en la regi\u00f3n, tales como praderas, cerezo, papa y hortalizas, as\u00ed como orientaciones para la ganader\u00eda.<\/p>\n<p class=\"v1MsoNormal\" style=\"text-align: justify;\">\u00abINIA mensualmente elabora un bolet\u00edn clim\u00e1tico con los datos que nos entregan las estaciones y, adem\u00e1s, hace una recomendaci\u00f3n t\u00e9cnica para los principales cultivos, como praderas y ganader\u00eda. En el caso de frutales, cerezo, el cultivo de la papa y hortalizas. As\u00ed que los invito a visitar nuestra p\u00e1gina\u00bb, destaca Diego Arribillaga, investigador de INIA Tamel Aike.<\/p>\n<p class=\"v1MsoNormal\" style=\"text-align: justify;\">El acceso a estas estaciones no solo ofrece datos actualizados, sino tambi\u00e9n la posibilidad de realizar comparaciones hist\u00f3ricas. As\u00ed, por ejemplo, es posible contrastar los registros de precipitaci\u00f3n de mayo de 2025 con los de los \u00faltimos diez a\u00f1os, lo que permite anticipar tendencias clim\u00e1ticas como un aumento de lluvias o una disminuci\u00f3n de heladas.<\/p>\n<p class=\"v1MsoNormal\" style=\"text-align: justify;\">\u00abSi el d\u00eda de ma\u00f1ana alguien quiere ver qu\u00e9 podr\u00eda pasar el pr\u00f3ximo mes, seg\u00fan la base hist\u00f3rica de los datos que manejamos y almacenamos, puede comparar lo que va a pasar en mayo de 2025 con lo que ocurri\u00f3 en mayo de los \u00faltimos diez a\u00f1os. Esto nos permite proyectar cu\u00e1l podr\u00eda ser la tendencia del mes en particular, si habr\u00e1 una mayor o menor precipitaci\u00f3n o incidencia de eventos de heladas\u00bb, resalt\u00f3 el Investigador Diego Arribillaga.<\/p>\n<\/div><\/section><\/div><div  style='height:50px' class='hr hr-invisible   avia-builder-el-6  el_after_av_one_full  el_before_av_social_share '><span class='hr-inner ' ><span class='hr-inner-style'><\/span><\/span><\/div><\/p>\n<div  class='av-social-sharing-box  avia-builder-el-7  el_after_av_hr  el_before_av_hr  '><div class='av-share-box'><h5 class='av-share-link-description av-no-toc '>Compartir esta noticia<\/h5><ul class='av-share-box-list noLightbox'><li class='av-share-link av-social-link-facebook' ><a target=\"_blank\" aria-label=\"Compartir en Facebook\" href='https:\/\/www.facebook.com\/sharer.php?u=https:\/\/radiorevelacionfm.cl\/?p=54405&#038;t=Estaciones%20meteorol%C3%B3gicas%20del%20INIA%20buscan%20apoyar%20y%20mejorar%20la%20planificaci%C3%B3n%20agr%C3%ADcola%20en%20Ays%C3%A9n' aria-hidden='false' data-av_icon='\ue8f3' data-av_iconfont='entypo-fontello' title='' data-avia-related-tooltip='Compartir en Facebook' rel=\"noopener\"><span class='avia_hidden_link_text'>Compartir en Facebook<\/span><\/a><\/li><li class='av-share-link av-social-link-twitter' ><a target=\"_blank\" aria-label=\"Compartir en Twitter\" href='https:\/\/twitter.com\/share?text=Estaciones%20meteorol%C3%B3gicas%20del%20INIA%20buscan%20apoyar%20y%20mejorar%20la%20planificaci%C3%B3n%20agr%C3%ADcola%20en%20Ays%C3%A9n&#038;url=https:\/\/radiorevelacionfm.cl\/?p=54405' aria-hidden='false' data-av_icon='\ue8f1' data-av_iconfont='entypo-fontello' title='' data-avia-related-tooltip='Compartir en Twitter' rel=\"noopener\"><span class='avia_hidden_link_text'>Compartir en Twitter<\/span><\/a><\/li><li class='av-share-link av-social-link-whatsapp' ><a target=\"_blank\" aria-label=\"Compartir en Whatsapp\" href='https:\/\/api.whatsapp.com\/send?text=https:\/\/radiorevelacionfm.cl\/?p=54405' aria-hidden='false' data-av_icon='\uf232' data-av_iconfont='entypo-fontello' title='' data-avia-related-tooltip='Compartir en Whatsapp' rel=\"noopener\"><span class='avia_hidden_link_text'>Compartir en Whatsapp<\/span><\/a><\/li><li class='av-share-link av-social-link-linkedin' ><a target=\"_blank\" aria-label=\"Compartir en LinkedIn\" href='https:\/\/linkedin.com\/shareArticle?mini=true&#038;title=Estaciones%20meteorol%C3%B3gicas%20del%20INIA%20buscan%20apoyar%20y%20mejorar%20la%20planificaci%C3%B3n%20agr%C3%ADcola%20en%20Ays%C3%A9n&#038;url=https:\/\/radiorevelacionfm.cl\/?p=54405' aria-hidden='false' data-av_icon='\ue8fc' data-av_iconfont='entypo-fontello' title='' data-avia-related-tooltip='Compartir en LinkedIn' rel=\"noopener\"><span class='avia_hidden_link_text'>Compartir en LinkedIn<\/span><\/a><\/li><li class='av-share-link av-social-link-mail' ><a  aria-label=\"Compartir por correo\" href='mailto:?subject=Estaciones%20meteorol%C3%B3gicas%20del%20INIA%20buscan%20apoyar%20y%20mejorar%20la%20planificaci%C3%B3n%20agr%C3%ADcola%20en%20Ays%C3%A9n&#038;body=https:\/\/radiorevelacionfm.cl\/?p=54405' aria-hidden='false' data-av_icon='\ue805' data-av_iconfont='entypo-fontello' title='' data-avia-related-tooltip='Compartir por correo'><span class='avia_hidden_link_text'>Compartir por correo<\/span><\/a><\/li><\/ul><\/div><\/div>\n<div  style='height:50px' class='hr hr-invisible   avia-builder-el-8  el_after_av_social_share  el_before_av_comments_list '><span class='hr-inner ' ><span class='hr-inner-style'><\/span><\/span><\/div>\n<div  class='av-buildercomment  av-blog-meta-html-info-disabled av-blog-meta-tag-disabled  '><\/div>\n","protected":false},"excerpt":{"rendered":"","protected":false},"author":1,"featured_media":54406,"comment_status":"closed","ping_status":"closed","sticky":false,"template":"","format":"standard","meta":{"footnotes":""},"categories":[58],"tags":[],"class_list":["post-54405","post","type-post","status-publish","format-standard","has-post-thumbnail","hentry","category-agricultura"],"jetpack_featured_media_url":"https:\/\/radiorevelacionfm.cl\/wp-content\/uploads\/2025\/05\/1z9a1637-1-1_optimized.jpg","_links":{"self":[{"href":"https:\/\/radiorevelacionfm.cl\/index.php?rest_route=\/wp\/v2\/posts\/54405","targetHints":{"allow":["GET"]}}],"collection":[{"href":"https:\/\/radiorevelacionfm.cl\/index.php?rest_route=\/wp\/v2\/posts"}],"about":[{"href":"https:\/\/radiorevelacionfm.cl\/index.php?rest_route=\/wp\/v2\/types\/post"}],"author":[{"embeddable":true,"href":"https:\/\/radiorevelacionfm.cl\/index.php?rest_route=\/wp\/v2\/users\/1"}],"replies":[{"embeddable":true,"href":"https:\/\/radiorevelacionfm.cl\/index.php?rest_route=%2Fwp%2Fv2%2Fcomments&post=54405"}],"version-history":[{"count":2,"href":"https:\/\/radiorevelacionfm.cl\/index.php?rest_route=\/wp\/v2\/posts\/54405\/revisions"}],"predecessor-version":[{"id":54408,"href":"https:\/\/radiorevelacionfm.cl\/index.php?rest_route=\/wp\/v2\/posts\/54405\/revisions\/54408"}],"wp:featuredmedia":[{"embeddable":true,"href":"https:\/\/radiorevelacionfm.cl\/index.php?rest_route=\/wp\/v2\/media\/54406"}],"wp:attachment":[{"href":"https:\/\/radiorevelacionfm.cl\/index.php?rest_route=%2Fwp%2Fv2%2Fmedia&parent=54405"}],"wp:term":[{"taxonomy":"category","embeddable":true,"href":"https:\/\/radiorevelacionfm.cl\/index.php?rest_route=%2Fwp%2Fv2%2Fcategories&post=54405"},{"taxonomy":"post_tag","embeddable":true,"href":"https:\/\/radiorevelacionfm.cl\/index.php?rest_route=%2Fwp%2Fv2%2Ftags&post=54405"}],"curies":[{"name":"wp","href":"https:\/\/api.w.org\/{rel}","templated":true}]}}