{"id":54401,"date":"2025-05-26T15:29:18","date_gmt":"2025-05-26T18:29:18","guid":{"rendered":"https:\/\/radiorevelacionfm.cl\/?p=54401"},"modified":"2025-05-26T15:29:18","modified_gmt":"2025-05-26T18:29:18","slug":"corfo-aysen-lanza-concurso-innova-region-2025-para-potenciar-la-innovacion-empresarial-local","status":"publish","type":"post","link":"https:\/\/radiorevelacionfm.cl\/?p=54401","title":{"rendered":"Corfo Ays\u00e9n lanza concurso Innova Regi\u00f3n 2025 para potenciar la innovaci\u00f3n empresarial local"},"content":{"rendered":"<div class=\"flex_column av_one_full  flex_column_div av-zero-column-padding first  avia-builder-el-0  el_before_av_one_full  avia-builder-el-first  \" style='border-radius:0px; '><div  class='avia-image-container  av-styling-    avia-builder-el-1  avia-builder-el-no-sibling  avia-align-center '  itemprop=\"image\" itemscope=\"itemscope\" itemtype=\"https:\/\/schema.org\/ImageObject\"  ><div class='avia-image-container-inner'><div class='avia-image-overlay-wrap'><img decoding=\"async\" class='wp-image-54402 avia-img-lazy-loading-not-54402 avia_image' src=\"https:\/\/radiorevelacionfm.cl\/wp-content\/uploads\/2025\/05\/pexels-thisisengineering-3862623-1-1.jpg\" alt='' title='pexels-thisisengineering-3862623 (1) (1)' height=\"600\" width=\"900\"  itemprop=\"thumbnailUrl\" srcset=\"https:\/\/radiorevelacionfm.cl\/wp-content\/uploads\/2025\/05\/pexels-thisisengineering-3862623-1-1.jpg 900w, https:\/\/radiorevelacionfm.cl\/wp-content\/uploads\/2025\/05\/pexels-thisisengineering-3862623-1-1-300x200.jpg 300w, https:\/\/radiorevelacionfm.cl\/wp-content\/uploads\/2025\/05\/pexels-thisisengineering-3862623-1-1-768x512.jpg 768w, https:\/\/radiorevelacionfm.cl\/wp-content\/uploads\/2025\/05\/pexels-thisisengineering-3862623-1-1-705x470.jpg 705w, https:\/\/radiorevelacionfm.cl\/wp-content\/uploads\/2025\/05\/pexels-thisisengineering-3862623-1-1-450x300.jpg 450w, https:\/\/radiorevelacionfm.cl\/wp-content\/uploads\/2025\/05\/pexels-thisisengineering-3862623-1-1-600x400.jpg 600w\" sizes=\"(max-width: 900px) 100vw, 900px\" \/><\/div><\/div><\/div><\/div><div class=\"flex_column av_one_full  flex_column_div av-zero-column-padding first  avia-builder-el-2  el_after_av_one_full  el_before_av_one_full  column-top-margin\" style='border-radius:0px; '><section class=\"av_textblock_section \"  itemscope=\"itemscope\" itemtype=\"https:\/\/schema.org\/BlogPosting\" itemprop=\"blogPost\" ><div class='avia_textblock  '   itemprop=\"text\" ><p style=\"text-align: center;\"><span style=\"font-size: 18pt;\"><b>Corfo Ays\u00e9n lanza concurso Innova Regi\u00f3n 2025 para potenciar la innovaci\u00f3n empresarial local<\/b><\/span><\/p>\n<div id=\"gtx-trans\" style=\"position: absolute; left: -50px; top: 4.31534px;\">\n<div class=\"gtx-trans-icon\"><\/div>\n<\/div>\n<\/div><\/section><\/div><div class=\"flex_column av_one_full  flex_column_div av-zero-column-padding first  avia-builder-el-4  el_after_av_one_full  el_before_av_hr  column-top-margin\" style='border-radius:0px; '><section class=\"av_textblock_section \"  itemscope=\"itemscope\" itemtype=\"https:\/\/schema.org\/BlogPosting\" itemprop=\"blogPost\" ><div class='avia_textblock  '   itemprop=\"text\" ><p class=\"v1MsoNormal\" style=\"text-align: justify;\"><i>La convocatoria busca impulsar el desarrollo de nuevos productos, procesos o servicios innovadores en la regi\u00f3n, fortaleciendo capacidades locales y dinamizando la econom\u00eda regional.<\/i><\/p>\n<p class=\"v1MsoNormal\" style=\"text-align: justify;\">Con el objetivo de impulsar el desarrollo de soluciones innovadoras desde el territorio, Corfo Ays\u00e9n lanz\u00f3 el concurso <a href=\"https:\/\/www.corfo.cl\/sites\/cpp\/convocatorias\/movil\/innova-region-aysen-2025\" target=\"_blank\" rel=\"noopener noreferrer\">Innova Regi\u00f3n 2025<\/a>, destinado a empresas y emprendedores\/as que busquen desarrollar productos, procesos o servicios con impacto econ\u00f3mico y tecnol\u00f3gico en la Regi\u00f3n de Ays\u00e9n. Con una disponibilidad de $180 millones, la convocatoria estar\u00e1 abierta hasta el lunes 23 de junio a las 15:00 horas, y se realizar\u00e1 exclusivamente a trav\u00e9s del sitio web\u00a0<span lang=\"es-419\"><a href=\"http:\/\/www.corfo.cl\/\" target=\"_blank\" rel=\"noopener noreferrer\"><span lang=\"ES-CL\">www.corfo.cl<\/span><\/a><\/span>.<\/p>\n<p class=\"v1MsoNormal\" style=\"text-align: justify;\">El llamado \u2014de car\u00e1cter multisectorial\u2014 forma parte de las iniciativas impulsadas por el Comit\u00e9 de Desarrollo Productivo Regional de Ays\u00e9n (CDPR), y tiene como prop\u00f3sito fortalecer el ecosistema de innovaci\u00f3n mediante el apoyo a proyectos que vayan desde la fase de prototipo hasta su validaci\u00f3n t\u00e9cnica o comercial. La postulaci\u00f3n est\u00e1 abierta tanto a personas naturales (con inicio de actividades) como a empresas con domicilio tributario en la regi\u00f3n.<\/p>\n<p class=\"v1MsoNormal\" style=\"text-align: justify;\">Seg\u00fan la Encuesta Nacional de Innovaci\u00f3n (ENI 2019-2020), s\u00f3lo un 16,7% de las empresas en Chile ha desarrollado innovaciones, cifra muy inferior al promedio OCDE (50%). En respuesta a este desaf\u00edo, Innova Regi\u00f3n se presenta como una herramienta concreta para cerrar esa brecha, promoviendo una transformaci\u00f3n productiva que sea inclusiva, sostenible y con pertinencia local.<\/p>\n<p class=\"v1MsoNormal\" style=\"text-align: justify;\">\u00abEl desarrollo econ\u00f3mico regional requiere ideas nuevas, tecnolog\u00edas aplicadas y talento local. Con esta convocatoria, queremos fomentar que nuestras empresas innoven con identidad regional, conectando capacidades t\u00e9cnicas con oportunidades reales de mercado. Esperamos que los proyectos seleccionados marquen un nuevo impulso para la innovaci\u00f3n en Ays\u00e9n, con miras a fortalecer las capacidades empresariales, diversificar la econom\u00eda regional y generar oportunidades sostenibles de desarrollo\u00bb, se\u00f1al\u00f3 Humberto Mar\u00edn, director regional de Corfo y director ejecutivo del CDPR Ays\u00e9n.<\/p>\n<p class=\"v1MsoNormal\" style=\"text-align: justify;\">Corfo Ays\u00e9n apoya iniciativas de esta naturaleza porque forman parte de un proceso m\u00e1s amplio de descentralizaci\u00f3n, que comenz\u00f3 con la instalaci\u00f3n del Comit\u00e9 de Desarrollo Productivo Regional en 2024. Esta instancia permite a la regi\u00f3n decidir sobre el uso de recursos p\u00fablicos, priorizando sectores y desaf\u00edos estrat\u00e9gicos de acuerdo con su propia visi\u00f3n de desarrollo. A trav\u00e9s de este comit\u00e9, se promueve un modelo m\u00e1s participativo, \u00e1gil y alineado con las capacidades del territorio.<\/p>\n<p class=\"v1MsoNormal\" style=\"text-align: justify;\">De cara al futuro, la convocatoria\u00a0<a href=\"https:\/\/www.corfo.cl\/sites\/cpp\/convocatorias\/movil\/innova-region-aysen-2025\" target=\"_blank\" rel=\"noopener noreferrer\">Innova Regi\u00f3n 2025<\/a>\u00a0busca posicionarse como una plataforma clave para que nuevas ideas se transformen en negocios sostenibles, con potencial de escalamiento. Para m\u00e1s informaci\u00f3n sobre las bases, formularios y proceso de postulaci\u00f3n, las personas interesadas pueden visitar el sitio web\u00a0<span lang=\"es-419\"><a href=\"http:\/\/www.corfo.cl\/\" target=\"_blank\" rel=\"noopener noreferrer\"><span lang=\"ES-CL\">www.corfo.cl<\/span><\/a><\/span>\u00a0o escribir al correo\u00a0<span lang=\"es-419\"><a href=\"mailto:amanda.rios@corfo.cl\" rel=\"noreferrer\"><span lang=\"ES-CL\">amanda.rios@corfo.cl<\/span><\/a><\/span>\u00a0o acercarse a las oficinas de Corfo Ays\u00e9n, ubicadas en Sim\u00f3n Bol\u00edvar n\u00b0 262, Coyhaique.<\/p>\n<\/div><\/section><\/div><div  style='height:50px' class='hr hr-invisible   avia-builder-el-6  el_after_av_one_full  el_before_av_social_share '><span class='hr-inner ' ><span class='hr-inner-style'><\/span><\/span><\/div><\/p>\n<div  class='av-social-sharing-box  avia-builder-el-7  el_after_av_hr  el_before_av_hr  '><div class='av-share-box'><h5 class='av-share-link-description av-no-toc '>Compartir esta noticia<\/h5><ul class='av-share-box-list noLightbox'><li class='av-share-link av-social-link-facebook' ><a target=\"_blank\" aria-label=\"Compartir en Facebook\" href='https:\/\/www.facebook.com\/sharer.php?u=https:\/\/radiorevelacionfm.cl\/?p=54401&#038;t=Corfo%20Ays%C3%A9n%20lanza%20concurso%20Innova%20Regi%C3%B3n%202025%20para%20potenciar%20la%20innovaci%C3%B3n%20empresarial%20local' aria-hidden='false' data-av_icon='\ue8f3' data-av_iconfont='entypo-fontello' title='' data-avia-related-tooltip='Compartir en Facebook' rel=\"noopener\"><span class='avia_hidden_link_text'>Compartir en Facebook<\/span><\/a><\/li><li class='av-share-link av-social-link-twitter' ><a target=\"_blank\" aria-label=\"Compartir en Twitter\" href='https:\/\/twitter.com\/share?text=Corfo%20Ays%C3%A9n%20lanza%20concurso%20Innova%20Regi%C3%B3n%202025%20para%20potenciar%20la%20innovaci%C3%B3n%20empresarial%20local&#038;url=https:\/\/radiorevelacionfm.cl\/?p=54401' aria-hidden='false' data-av_icon='\ue8f1' data-av_iconfont='entypo-fontello' title='' data-avia-related-tooltip='Compartir en Twitter' rel=\"noopener\"><span class='avia_hidden_link_text'>Compartir en Twitter<\/span><\/a><\/li><li class='av-share-link av-social-link-whatsapp' ><a target=\"_blank\" aria-label=\"Compartir en Whatsapp\" href='https:\/\/api.whatsapp.com\/send?text=https:\/\/radiorevelacionfm.cl\/?p=54401' aria-hidden='false' data-av_icon='\uf232' data-av_iconfont='entypo-fontello' title='' data-avia-related-tooltip='Compartir en Whatsapp' rel=\"noopener\"><span class='avia_hidden_link_text'>Compartir en Whatsapp<\/span><\/a><\/li><li class='av-share-link av-social-link-linkedin' ><a target=\"_blank\" aria-label=\"Compartir en LinkedIn\" href='https:\/\/linkedin.com\/shareArticle?mini=true&#038;title=Corfo%20Ays%C3%A9n%20lanza%20concurso%20Innova%20Regi%C3%B3n%202025%20para%20potenciar%20la%20innovaci%C3%B3n%20empresarial%20local&#038;url=https:\/\/radiorevelacionfm.cl\/?p=54401' aria-hidden='false' data-av_icon='\ue8fc' data-av_iconfont='entypo-fontello' title='' data-avia-related-tooltip='Compartir en LinkedIn' rel=\"noopener\"><span class='avia_hidden_link_text'>Compartir en LinkedIn<\/span><\/a><\/li><li class='av-share-link av-social-link-mail' ><a  aria-label=\"Compartir por correo\" href='mailto:?subject=Corfo%20Ays%C3%A9n%20lanza%20concurso%20Innova%20Regi%C3%B3n%202025%20para%20potenciar%20la%20innovaci%C3%B3n%20empresarial%20local&#038;body=https:\/\/radiorevelacionfm.cl\/?p=54401' aria-hidden='false' data-av_icon='\ue805' data-av_iconfont='entypo-fontello' title='' data-avia-related-tooltip='Compartir por correo'><span class='avia_hidden_link_text'>Compartir por correo<\/span><\/a><\/li><\/ul><\/div><\/div>\n<div  style='height:50px' class='hr hr-invisible   avia-builder-el-8  el_after_av_social_share  el_before_av_comments_list '><span class='hr-inner ' ><span class='hr-inner-style'><\/span><\/span><\/div>\n<div  class='av-buildercomment  av-blog-meta-html-info-disabled av-blog-meta-tag-disabled  '><\/div>\n","protected":false},"excerpt":{"rendered":"","protected":false},"author":1,"featured_media":54402,"comment_status":"closed","ping_status":"closed","sticky":false,"template":"","format":"standard","meta":{"footnotes":""},"categories":[38],"tags":[],"class_list":["post-54401","post","type-post","status-publish","format-standard","has-post-thumbnail","hentry","category-regional"],"jetpack_featured_media_url":"https:\/\/radiorevelacionfm.cl\/wp-content\/uploads\/2025\/05\/pexels-thisisengineering-3862623-1-1.jpg","_links":{"self":[{"href":"https:\/\/radiorevelacionfm.cl\/index.php?rest_route=\/wp\/v2\/posts\/54401","targetHints":{"allow":["GET"]}}],"collection":[{"href":"https:\/\/radiorevelacionfm.cl\/index.php?rest_route=\/wp\/v2\/posts"}],"about":[{"href":"https:\/\/radiorevelacionfm.cl\/index.php?rest_route=\/wp\/v2\/types\/post"}],"author":[{"embeddable":true,"href":"https:\/\/radiorevelacionfm.cl\/index.php?rest_route=\/wp\/v2\/users\/1"}],"replies":[{"embeddable":true,"href":"https:\/\/radiorevelacionfm.cl\/index.php?rest_route=%2Fwp%2Fv2%2Fcomments&post=54401"}],"version-history":[{"count":2,"href":"https:\/\/radiorevelacionfm.cl\/index.php?rest_route=\/wp\/v2\/posts\/54401\/revisions"}],"predecessor-version":[{"id":54404,"href":"https:\/\/radiorevelacionfm.cl\/index.php?rest_route=\/wp\/v2\/posts\/54401\/revisions\/54404"}],"wp:featuredmedia":[{"embeddable":true,"href":"https:\/\/radiorevelacionfm.cl\/index.php?rest_route=\/wp\/v2\/media\/54402"}],"wp:attachment":[{"href":"https:\/\/radiorevelacionfm.cl\/index.php?rest_route=%2Fwp%2Fv2%2Fmedia&parent=54401"}],"wp:term":[{"taxonomy":"category","embeddable":true,"href":"https:\/\/radiorevelacionfm.cl\/index.php?rest_route=%2Fwp%2Fv2%2Fcategories&post=54401"},{"taxonomy":"post_tag","embeddable":true,"href":"https:\/\/radiorevelacionfm.cl\/index.php?rest_route=%2Fwp%2Fv2%2Ftags&post=54401"}],"curies":[{"name":"wp","href":"https:\/\/api.w.org\/{rel}","templated":true}]}}