{"id":54397,"date":"2025-05-26T10:58:03","date_gmt":"2025-05-26T13:58:03","guid":{"rendered":"https:\/\/radiorevelacionfm.cl\/?p=54397"},"modified":"2025-05-26T10:58:03","modified_gmt":"2025-05-26T13:58:03","slug":"empresa-electrica-refuerza-labores-preventivas-en-sectores-de-alta-concurrencia-de-coyhaique","status":"publish","type":"post","link":"https:\/\/radiorevelacionfm.cl\/?p=54397","title":{"rendered":"Empresa El\u00e9ctrica refuerza labores preventivas en sectores de alta concurrencia de Coyhaique"},"content":{"rendered":"<div class=\"flex_column av_one_full  flex_column_div av-zero-column-padding first  avia-builder-el-0  el_before_av_one_full  avia-builder-el-first  \" style='border-radius:0px; '><div  class='avia-image-container  av-styling-    avia-builder-el-1  avia-builder-el-no-sibling  avia-align-center '  itemprop=\"image\" itemscope=\"itemscope\" itemtype=\"https:\/\/schema.org\/ImageObject\"  ><div class='avia-image-container-inner'><div class='avia-image-overlay-wrap'><img decoding=\"async\" class='wp-image-54398 avia-img-lazy-loading-not-54398 avia_image' src=\"https:\/\/radiorevelacionfm.cl\/wp-content\/uploads\/2025\/05\/image-6-1_optimized.jpeg\" alt='' title='image-(6)-(1)_optimized' height=\"600\" width=\"800\"  itemprop=\"thumbnailUrl\" srcset=\"https:\/\/radiorevelacionfm.cl\/wp-content\/uploads\/2025\/05\/image-6-1_optimized.jpeg 800w, https:\/\/radiorevelacionfm.cl\/wp-content\/uploads\/2025\/05\/image-6-1_optimized-300x225.jpeg 300w, https:\/\/radiorevelacionfm.cl\/wp-content\/uploads\/2025\/05\/image-6-1_optimized-768x576.jpeg 768w, https:\/\/radiorevelacionfm.cl\/wp-content\/uploads\/2025\/05\/image-6-1_optimized-705x529.jpeg 705w, https:\/\/radiorevelacionfm.cl\/wp-content\/uploads\/2025\/05\/image-6-1_optimized-450x338.jpeg 450w, https:\/\/radiorevelacionfm.cl\/wp-content\/uploads\/2025\/05\/image-6-1_optimized-600x450.jpeg 600w\" sizes=\"(max-width: 800px) 100vw, 800px\" \/><\/div><\/div><\/div><\/div><div class=\"flex_column av_one_full  flex_column_div av-zero-column-padding first  avia-builder-el-2  el_after_av_one_full  el_before_av_one_full  column-top-margin\" style='border-radius:0px; '><section class=\"av_textblock_section \"  itemscope=\"itemscope\" itemtype=\"https:\/\/schema.org\/BlogPosting\" itemprop=\"blogPost\" ><div class='avia_textblock  '   itemprop=\"text\" ><p style=\"text-align: center;\"><strong><span style=\"font-size: 18pt;\">Empresa El\u00e9ctrica refuerza labores preventivas en sectores de alta concurrencia de Coyhaique<\/span><\/strong><\/p>\n<div id=\"gtx-trans\" style=\"position: absolute; left: -50px; top: 4.31534px;\">\n<div class=\"gtx-trans-icon\"><\/div>\n<\/div>\n<\/div><\/section><\/div><div class=\"flex_column av_one_full  flex_column_div av-zero-column-padding first  avia-builder-el-4  el_after_av_one_full  el_before_av_hr  column-top-margin\" style='border-radius:0px; '><section class=\"av_textblock_section \"  itemscope=\"itemscope\" itemtype=\"https:\/\/schema.org\/BlogPosting\" itemprop=\"blogPost\" ><div class='avia_textblock  '   itemprop=\"text\" ><p style=\"text-align: justify;\"><em>A trav\u00e9s de estos trabajos, la el\u00e9ctrica ejecuta podas en calles Baquedano, Bilbao, Freire y Prat de la capital regional, con el objetivo de disminuir los riesgos el\u00e9ctricos sin interrumpir el suministro a los vecinos.<\/em><\/p>\n<p style=\"text-align: justify;\">Como parte de su plan de mantenimiento preventivo de cara a la temporada invernal Edelaysen contin\u00faa ejecutando trabajos de despeje y poda de \u00e1rboles en distintos puntos de alta concurrencia de la ciudad de Coyhaique. Esta semana, las labores se concentraron en tramos de la avenida Baquedano \u2013 desde el centro hacia parte alta de la ciudad \u2013 y en calles Bilbao, Freire y Prat.<\/p>\n<p style=\"text-align: justify;\">Los trabajos fueron realizados por el equipo de l\u00edneas vivas de la empresa quienes trabajan en la intervenci\u00f3n directa en redes energizadas, lo que permite efectuar las podas sin cortar el suministro el\u00e9ctrico, evitando as\u00ed interrupciones para vecinos y comercios del sector.<\/p>\n<p style=\"text-align: justify;\">El objetivo de estas acciones es reducir los riesgos de ca\u00edda de ramas sobre las redes el\u00e9ctricas, especialmente en puntos con alto tr\u00e1nsito vehicular y peatonal, donde una interrupci\u00f3n podr\u00eda generar incidentes mayores. Estas obras se enmarcan en el refuerzo preventivo que Edelaysen lleva adelante para minimizar contingencias durante los meses de invierno, cuando la presencia de nieve y viento aumenta la probabilidad de emergencias de este tipo.<\/p>\n<p style=\"text-align: justify;\">En tal sentido, Manuel Subiabre, ejecutivo de Edelaysen destac\u00f3: \u201cEstamos priorizando los sectores urbanos m\u00e1s sensibles, donde la presencia de \u00e1rboles cercanos a las redes puede generar riesgos en condiciones clim\u00e1ticas adversas. Gracias al trabajo con l\u00edneas vivas, podemos avanzar sin interrumpir el suministro, lo que es clave para mantener la continuidad del servicio y reducir molestias a la comunidad\u201d.<\/p>\n<p style=\"text-align: justify;\">Desde la el\u00e9ctrica recordaron que estos trabajos se coordinan con los municipios y que se mantendr\u00e1 informada a la comunidad sobre los pr\u00f3ximos puntos de intervenci\u00f3n en Coyhaique y otras localidades de la regi\u00f3n.<\/p>\n<\/div><\/section><\/div><div  style='height:50px' class='hr hr-invisible   avia-builder-el-6  el_after_av_one_full  el_before_av_social_share '><span class='hr-inner ' ><span class='hr-inner-style'><\/span><\/span><\/div><\/p>\n<div  class='av-social-sharing-box  avia-builder-el-7  el_after_av_hr  el_before_av_hr  '><div class='av-share-box'><h5 class='av-share-link-description av-no-toc '>Compartir esta noticia<\/h5><ul class='av-share-box-list noLightbox'><li class='av-share-link av-social-link-facebook' ><a target=\"_blank\" aria-label=\"Compartir en Facebook\" href='https:\/\/www.facebook.com\/sharer.php?u=https:\/\/radiorevelacionfm.cl\/?p=54397&#038;t=Empresa%20El%C3%A9ctrica%20refuerza%20labores%20preventivas%20en%20sectores%20de%20alta%20concurrencia%20de%20Coyhaique' aria-hidden='false' data-av_icon='\ue8f3' data-av_iconfont='entypo-fontello' title='' data-avia-related-tooltip='Compartir en Facebook' rel=\"noopener\"><span class='avia_hidden_link_text'>Compartir en Facebook<\/span><\/a><\/li><li class='av-share-link av-social-link-twitter' ><a target=\"_blank\" aria-label=\"Compartir en Twitter\" href='https:\/\/twitter.com\/share?text=Empresa%20El%C3%A9ctrica%20refuerza%20labores%20preventivas%20en%20sectores%20de%20alta%20concurrencia%20de%20Coyhaique&#038;url=https:\/\/radiorevelacionfm.cl\/?p=54397' aria-hidden='false' data-av_icon='\ue8f1' data-av_iconfont='entypo-fontello' title='' data-avia-related-tooltip='Compartir en Twitter' rel=\"noopener\"><span class='avia_hidden_link_text'>Compartir en Twitter<\/span><\/a><\/li><li class='av-share-link av-social-link-whatsapp' ><a target=\"_blank\" aria-label=\"Compartir en Whatsapp\" href='https:\/\/api.whatsapp.com\/send?text=https:\/\/radiorevelacionfm.cl\/?p=54397' aria-hidden='false' data-av_icon='\uf232' data-av_iconfont='entypo-fontello' title='' data-avia-related-tooltip='Compartir en Whatsapp' rel=\"noopener\"><span class='avia_hidden_link_text'>Compartir en Whatsapp<\/span><\/a><\/li><li class='av-share-link av-social-link-linkedin' ><a target=\"_blank\" aria-label=\"Compartir en LinkedIn\" href='https:\/\/linkedin.com\/shareArticle?mini=true&#038;title=Empresa%20El%C3%A9ctrica%20refuerza%20labores%20preventivas%20en%20sectores%20de%20alta%20concurrencia%20de%20Coyhaique&#038;url=https:\/\/radiorevelacionfm.cl\/?p=54397' aria-hidden='false' data-av_icon='\ue8fc' data-av_iconfont='entypo-fontello' title='' data-avia-related-tooltip='Compartir en LinkedIn' rel=\"noopener\"><span class='avia_hidden_link_text'>Compartir en LinkedIn<\/span><\/a><\/li><li class='av-share-link av-social-link-mail' ><a  aria-label=\"Compartir por correo\" href='mailto:?subject=Empresa%20El%C3%A9ctrica%20refuerza%20labores%20preventivas%20en%20sectores%20de%20alta%20concurrencia%20de%20Coyhaique&#038;body=https:\/\/radiorevelacionfm.cl\/?p=54397' aria-hidden='false' data-av_icon='\ue805' data-av_iconfont='entypo-fontello' title='' data-avia-related-tooltip='Compartir por correo'><span class='avia_hidden_link_text'>Compartir por correo<\/span><\/a><\/li><\/ul><\/div><\/div>\n<div  style='height:50px' class='hr hr-invisible   avia-builder-el-8  el_after_av_social_share  el_before_av_comments_list '><span class='hr-inner ' ><span class='hr-inner-style'><\/span><\/span><\/div>\n<div  class='av-buildercomment  av-blog-meta-html-info-disabled av-blog-meta-tag-disabled  '><\/div>\n","protected":false},"excerpt":{"rendered":"","protected":false},"author":1,"featured_media":54398,"comment_status":"closed","ping_status":"closed","sticky":false,"template":"","format":"standard","meta":{"footnotes":""},"categories":[38],"tags":[],"class_list":["post-54397","post","type-post","status-publish","format-standard","has-post-thumbnail","hentry","category-regional"],"jetpack_featured_media_url":"https:\/\/radiorevelacionfm.cl\/wp-content\/uploads\/2025\/05\/image-6-1_optimized.jpeg","_links":{"self":[{"href":"https:\/\/radiorevelacionfm.cl\/index.php?rest_route=\/wp\/v2\/posts\/54397","targetHints":{"allow":["GET"]}}],"collection":[{"href":"https:\/\/radiorevelacionfm.cl\/index.php?rest_route=\/wp\/v2\/posts"}],"about":[{"href":"https:\/\/radiorevelacionfm.cl\/index.php?rest_route=\/wp\/v2\/types\/post"}],"author":[{"embeddable":true,"href":"https:\/\/radiorevelacionfm.cl\/index.php?rest_route=\/wp\/v2\/users\/1"}],"replies":[{"embeddable":true,"href":"https:\/\/radiorevelacionfm.cl\/index.php?rest_route=%2Fwp%2Fv2%2Fcomments&post=54397"}],"version-history":[{"count":2,"href":"https:\/\/radiorevelacionfm.cl\/index.php?rest_route=\/wp\/v2\/posts\/54397\/revisions"}],"predecessor-version":[{"id":54400,"href":"https:\/\/radiorevelacionfm.cl\/index.php?rest_route=\/wp\/v2\/posts\/54397\/revisions\/54400"}],"wp:featuredmedia":[{"embeddable":true,"href":"https:\/\/radiorevelacionfm.cl\/index.php?rest_route=\/wp\/v2\/media\/54398"}],"wp:attachment":[{"href":"https:\/\/radiorevelacionfm.cl\/index.php?rest_route=%2Fwp%2Fv2%2Fmedia&parent=54397"}],"wp:term":[{"taxonomy":"category","embeddable":true,"href":"https:\/\/radiorevelacionfm.cl\/index.php?rest_route=%2Fwp%2Fv2%2Fcategories&post=54397"},{"taxonomy":"post_tag","embeddable":true,"href":"https:\/\/radiorevelacionfm.cl\/index.php?rest_route=%2Fwp%2Fv2%2Ftags&post=54397"}],"curies":[{"name":"wp","href":"https:\/\/api.w.org\/{rel}","templated":true}]}}