{"id":54392,"date":"2025-05-26T10:14:51","date_gmt":"2025-05-26T13:14:51","guid":{"rendered":"https:\/\/radiorevelacionfm.cl\/?p=54392"},"modified":"2025-05-26T10:14:51","modified_gmt":"2025-05-26T13:14:51","slug":"consejera-ponce-se-solicito-informe-sobre-convenio-de-procultura-con-el-gobierno-regional-anterior","status":"publish","type":"post","link":"https:\/\/radiorevelacionfm.cl\/?p=54392","title":{"rendered":"Consejera Ponce: Se solicit\u00f3 informe sobre convenio de ProCultura con el Gobierno Regional anterior"},"content":{"rendered":"<div class=\"flex_column av_one_full  flex_column_div av-zero-column-padding first  avia-builder-el-0  el_before_av_one_full  avia-builder-el-first  \" style='border-radius:0px; '><div  class='avia-image-container  av-styling-    avia-builder-el-1  avia-builder-el-no-sibling  avia-align-center '  itemprop=\"image\" itemscope=\"itemscope\" itemtype=\"https:\/\/schema.org\/ImageObject\"  ><div class='avia-image-container-inner'><div class='avia-image-overlay-wrap'><img decoding=\"async\" class='wp-image-54393 avia-img-lazy-loading-not-54393 avia_image' src=\"https:\/\/radiorevelacionfm.cl\/wp-content\/uploads\/2025\/05\/2-FOTO-ANDREA-PONCE-1-1.jpg\" alt='' title='2 FOTO ANDREA PONCE (1) (1)' height=\"600\" width=\"803\"  itemprop=\"thumbnailUrl\" srcset=\"https:\/\/radiorevelacionfm.cl\/wp-content\/uploads\/2025\/05\/2-FOTO-ANDREA-PONCE-1-1.jpg 803w, https:\/\/radiorevelacionfm.cl\/wp-content\/uploads\/2025\/05\/2-FOTO-ANDREA-PONCE-1-1-300x224.jpg 300w, https:\/\/radiorevelacionfm.cl\/wp-content\/uploads\/2025\/05\/2-FOTO-ANDREA-PONCE-1-1-768x574.jpg 768w, https:\/\/radiorevelacionfm.cl\/wp-content\/uploads\/2025\/05\/2-FOTO-ANDREA-PONCE-1-1-705x527.jpg 705w, https:\/\/radiorevelacionfm.cl\/wp-content\/uploads\/2025\/05\/2-FOTO-ANDREA-PONCE-1-1-450x336.jpg 450w, https:\/\/radiorevelacionfm.cl\/wp-content\/uploads\/2025\/05\/2-FOTO-ANDREA-PONCE-1-1-600x448.jpg 600w\" sizes=\"(max-width: 803px) 100vw, 803px\" \/><\/div><\/div><\/div><\/div><div class=\"flex_column av_one_full  flex_column_div av-zero-column-padding first  avia-builder-el-2  el_after_av_one_full  el_before_av_one_full  column-top-margin\" style='border-radius:0px; '><section class=\"av_textblock_section \"  itemscope=\"itemscope\" itemtype=\"https:\/\/schema.org\/BlogPosting\" itemprop=\"blogPost\" ><div class='avia_textblock  '   itemprop=\"text\" ><p style=\"text-align: center;\"><strong><span style=\"font-size: 18pt;\">Consejera Ponce: Se solicit\u00f3 informe sobre convenio de ProCultura con el Gobierno Regional anterior<\/span><\/strong><\/p>\n<div id=\"gtx-trans\" style=\"position: absolute; left: -50px; top: 4.31534px;\">\n<div class=\"gtx-trans-icon\"><\/div>\n<\/div>\n<\/div><\/section><\/div><div class=\"flex_column av_one_full  flex_column_div av-zero-column-padding first  avia-builder-el-4  el_after_av_one_full  el_before_av_hr  column-top-margin\" style='border-radius:0px; '><section class=\"av_textblock_section \"  itemscope=\"itemscope\" itemtype=\"https:\/\/schema.org\/BlogPosting\" itemprop=\"blogPost\" ><div class='avia_textblock  '   itemprop=\"text\" ><div>\n<p class=\"v1gmail-MsoListParagraph\" style=\"text-align: justify;\"><i>La Consejera Regional Andrea Ponce solicit\u00f3, en el Pleno de la \u00faltima sesi\u00f3n del Consejo Regional, informes sobre el convenio con la cuestionada fundaci\u00f3n, para que se conozcan p\u00fablicamente todos los detalles y la existencia o no de sumarios al respecto.<\/i><\/p>\n<p class=\"v1MsoNormal\" style=\"text-align: justify;\">Finalizando la \u00faltima sesi\u00f3n del Consejo Regional de Ays\u00e9n, realizado el mi\u00e9rcoles 14 de mayo de este a\u00f1o, la Consejera Regional de la Provincia de Coyhaique, Andrea Ponce Olivares, solicit\u00f3 informes detallando el convenio entre el Gobierno Regional de Ays\u00e9n y la fundaci\u00f3n ProCultura, que alcanz\u00f3 a firmarse, pero no a transferirse los recursos.<\/p>\n<p class=\"v1MsoNormal\" style=\"text-align: justify;\">Andrea Ponce afirm\u00f3,<b>\u00a0\u00ab<\/b>La administraci\u00f3n anterior del Gobierno Regional propuso al Consejo Regional que se le aprobara a la Fundaci\u00f3n ProCultura la cantidad de $ 1.673.356.000, para desarrollar el programa\u00a0<i>\u00abTransferencia Programa de Apoyo a Familias de Zonas Rezagadas Provincia de los Glaciares\u00bb<\/i>, lo que finalmente se logr\u00f3 por medio del acuerdo N\u00b0 6.216 de fecha 12 de abril de 2023. Afortunadamente, para nuestra Regi\u00f3n de Ays\u00e9n, la noticia de las irregularidades de la Fundaci\u00f3n ProCultura, a nivel nacional, se conoci\u00f3 antes de que transfirieran los recursos y, por tanto, no se alcanz\u00f3 a ejecutar, de lo contrario estar\u00edamos lamentando un perjuicio financiero mayor al que ya estamos sufriendo por la deficiente gesti\u00f3n de los recursos regionales, recordando que nos mantuvimos durante los 4 a\u00f1os anteriores en el \u00faltimo puesto de ejecuci\u00f3n en Chile\u00bb.<\/p>\n<p class=\"v1MsoNormal\" style=\"text-align: justify;\">Entre los puntos que la Consejera Regional Ponce solicit\u00f3, est\u00e1n: conocer realmente en qu\u00e9 consist\u00eda el programa; a cu\u00e1ntas personas beneficiar\u00eda; cu\u00e1ntas personas se pretend\u00eda contratar para ejecutar el programa; cu\u00e1l era la experiencia que se consider\u00f3 relevante para elegir a la Fundaci\u00f3n ProCultural y no a otra; de qu\u00e9 manera se contact\u00f3 a esta fundaci\u00f3n; cu\u00e1ntas reuniones de coordinaci\u00f3n se realizaron para generar el programa y si estas se solicitaron a trav\u00e9s de la plataforma de lobby como lo mandata la ley; si hay investigaciones sumarias.<\/p>\n<p class=\"v1MsoNormal\" style=\"text-align: justify;\">\u00abConsidero muy relevante que sea p\u00fablica toda esta informaci\u00f3n, ya que m\u00e1s all\u00e1 de lo que arroje la investigaci\u00f3n de la justicia, hay puntos que nos generan dudas o extra\u00f1eza, por ejemplo, \u00bfpor qu\u00e9 se eligi\u00f3 la Fundaci\u00f3n ProCultura para ejecutar este programa y no a Fosis? Fosis es un servicio p\u00fablico que tiene experiencia suficiente, la infraestructura necesaria y funcionarios p\u00fablicos capacitados para ello. Por otro lado, ProCultura ni siquiera ten\u00eda relaci\u00f3n previa con nuestra regi\u00f3n y tampoco oficinas instaladas ac\u00e1, lo cual nos da para pensar que tal vez ni siquiera ten\u00edan conocimientos de nuestra realidad regional, m\u00e1s a\u00fan de las dificultades y problem\u00e1ticas de la Provincia de Capit\u00e1n Prat o Provincia de Los Glaciares \u2013como la llama el programa-, es decir, de Cochrane, Tortel, O\u00b4Higgins y sus localidades\u00bb.<\/p>\n<p class=\"v1MsoNormal\" style=\"text-align: justify;\">\u00abFinalmente, quiero lamentar que estamos siendo noticia por temas negativos, como la investigaci\u00f3n a siete gobiernos regionales, entre los que se encuentra Ays\u00e9n, por posible fraude al fisco, tentativa de fraude al fisco o fraude al fisco frustrado, lo cual ser\u00eda un posible delito, que podr\u00eda ser nuestro caso debido a la decisi\u00f3n del Gobierno Regional de la administraci\u00f3n anterior\u00bb, mencion\u00f3 Andrea Ponce.<\/p>\n<p class=\"v1MsoNormal\" style=\"text-align: justify;\">En su intervenci\u00f3n, Ponce solicit\u00f3 que estos informes se presentaran en la Comisi\u00f3n de Seguimiento y Control del Consejo Regional, comisi\u00f3n p\u00fablica en la cual pueden participar presencialmente los vecinos y que se transmite por redes sociales, lo cual fue acogido por el Gobernador Regional Marcelo Santana.<\/p>\n<\/div>\n<div style=\"text-align: justify;\"><\/div>\n<\/div><\/section><\/div><div  style='height:50px' class='hr hr-invisible   avia-builder-el-6  el_after_av_one_full  el_before_av_social_share '><span class='hr-inner ' ><span class='hr-inner-style'><\/span><\/span><\/div><\/p>\n<div  class='av-social-sharing-box  avia-builder-el-7  el_after_av_hr  el_before_av_hr  '><div class='av-share-box'><h5 class='av-share-link-description av-no-toc '>Compartir esta noticia<\/h5><ul class='av-share-box-list noLightbox'><li class='av-share-link av-social-link-facebook' ><a target=\"_blank\" aria-label=\"Compartir en Facebook\" href='https:\/\/www.facebook.com\/sharer.php?u=https:\/\/radiorevelacionfm.cl\/?p=54392&#038;t=Consejera%20Ponce%3A%20Se%20solicit%C3%B3%20informe%20sobre%20convenio%20de%20ProCultura%20con%20el%20Gobierno%20Regional%20anterior' aria-hidden='false' data-av_icon='\ue8f3' data-av_iconfont='entypo-fontello' title='' data-avia-related-tooltip='Compartir en Facebook' rel=\"noopener\"><span class='avia_hidden_link_text'>Compartir en Facebook<\/span><\/a><\/li><li class='av-share-link av-social-link-twitter' ><a target=\"_blank\" aria-label=\"Compartir en Twitter\" href='https:\/\/twitter.com\/share?text=Consejera%20Ponce%3A%20Se%20solicit%C3%B3%20informe%20sobre%20convenio%20de%20ProCultura%20con%20el%20Gobierno%20Regional%20anterior&#038;url=https:\/\/radiorevelacionfm.cl\/?p=54392' aria-hidden='false' data-av_icon='\ue8f1' data-av_iconfont='entypo-fontello' title='' data-avia-related-tooltip='Compartir en Twitter' rel=\"noopener\"><span class='avia_hidden_link_text'>Compartir en Twitter<\/span><\/a><\/li><li class='av-share-link av-social-link-whatsapp' ><a target=\"_blank\" aria-label=\"Compartir en Whatsapp\" href='https:\/\/api.whatsapp.com\/send?text=https:\/\/radiorevelacionfm.cl\/?p=54392' aria-hidden='false' data-av_icon='\uf232' data-av_iconfont='entypo-fontello' title='' data-avia-related-tooltip='Compartir en Whatsapp' rel=\"noopener\"><span class='avia_hidden_link_text'>Compartir en Whatsapp<\/span><\/a><\/li><li class='av-share-link av-social-link-linkedin' ><a target=\"_blank\" aria-label=\"Compartir en LinkedIn\" href='https:\/\/linkedin.com\/shareArticle?mini=true&#038;title=Consejera%20Ponce%3A%20Se%20solicit%C3%B3%20informe%20sobre%20convenio%20de%20ProCultura%20con%20el%20Gobierno%20Regional%20anterior&#038;url=https:\/\/radiorevelacionfm.cl\/?p=54392' aria-hidden='false' data-av_icon='\ue8fc' data-av_iconfont='entypo-fontello' title='' data-avia-related-tooltip='Compartir en LinkedIn' rel=\"noopener\"><span class='avia_hidden_link_text'>Compartir en LinkedIn<\/span><\/a><\/li><li class='av-share-link av-social-link-mail' ><a  aria-label=\"Compartir por correo\" href='mailto:?subject=Consejera%20Ponce%3A%20Se%20solicit%C3%B3%20informe%20sobre%20convenio%20de%20ProCultura%20con%20el%20Gobierno%20Regional%20anterior&#038;body=https:\/\/radiorevelacionfm.cl\/?p=54392' aria-hidden='false' data-av_icon='\ue805' data-av_iconfont='entypo-fontello' title='' data-avia-related-tooltip='Compartir por correo'><span class='avia_hidden_link_text'>Compartir por correo<\/span><\/a><\/li><\/ul><\/div><\/div>\n<div  style='height:50px' class='hr hr-invisible   avia-builder-el-8  el_after_av_social_share  el_before_av_comments_list '><span class='hr-inner ' ><span class='hr-inner-style'><\/span><\/span><\/div>\n<div  class='av-buildercomment  av-blog-meta-html-info-disabled av-blog-meta-tag-disabled  '><\/div>\n","protected":false},"excerpt":{"rendered":"","protected":false},"author":1,"featured_media":54393,"comment_status":"closed","ping_status":"closed","sticky":false,"template":"","format":"standard","meta":{"footnotes":""},"categories":[38],"tags":[],"class_list":["post-54392","post","type-post","status-publish","format-standard","has-post-thumbnail","hentry","category-regional"],"jetpack_featured_media_url":"https:\/\/radiorevelacionfm.cl\/wp-content\/uploads\/2025\/05\/2-FOTO-ANDREA-PONCE-1-1.jpg","_links":{"self":[{"href":"https:\/\/radiorevelacionfm.cl\/index.php?rest_route=\/wp\/v2\/posts\/54392","targetHints":{"allow":["GET"]}}],"collection":[{"href":"https:\/\/radiorevelacionfm.cl\/index.php?rest_route=\/wp\/v2\/posts"}],"about":[{"href":"https:\/\/radiorevelacionfm.cl\/index.php?rest_route=\/wp\/v2\/types\/post"}],"author":[{"embeddable":true,"href":"https:\/\/radiorevelacionfm.cl\/index.php?rest_route=\/wp\/v2\/users\/1"}],"replies":[{"embeddable":true,"href":"https:\/\/radiorevelacionfm.cl\/index.php?rest_route=%2Fwp%2Fv2%2Fcomments&post=54392"}],"version-history":[{"count":2,"href":"https:\/\/radiorevelacionfm.cl\/index.php?rest_route=\/wp\/v2\/posts\/54392\/revisions"}],"predecessor-version":[{"id":54396,"href":"https:\/\/radiorevelacionfm.cl\/index.php?rest_route=\/wp\/v2\/posts\/54392\/revisions\/54396"}],"wp:featuredmedia":[{"embeddable":true,"href":"https:\/\/radiorevelacionfm.cl\/index.php?rest_route=\/wp\/v2\/media\/54393"}],"wp:attachment":[{"href":"https:\/\/radiorevelacionfm.cl\/index.php?rest_route=%2Fwp%2Fv2%2Fmedia&parent=54392"}],"wp:term":[{"taxonomy":"category","embeddable":true,"href":"https:\/\/radiorevelacionfm.cl\/index.php?rest_route=%2Fwp%2Fv2%2Fcategories&post=54392"},{"taxonomy":"post_tag","embeddable":true,"href":"https:\/\/radiorevelacionfm.cl\/index.php?rest_route=%2Fwp%2Fv2%2Ftags&post=54392"}],"curies":[{"name":"wp","href":"https:\/\/api.w.org\/{rel}","templated":true}]}}