{"id":5439,"date":"2021-06-18T11:50:28","date_gmt":"2021-06-18T14:50:28","guid":{"rendered":"https:\/\/radiorevelacionfm.cl\/?p=5439"},"modified":"2021-06-18T11:50:28","modified_gmt":"2021-06-18T14:50:28","slug":"con-despliegue-en-medios-de-comunicacion-y-actividades-en-terreno-el-seremi-de-economia-de-aysen-promovera-el-bono-pyme","status":"publish","type":"post","link":"https:\/\/radiorevelacionfm.cl\/?p=5439","title":{"rendered":"Con despliegue en medios de comunicaci\u00f3n y actividades en terreno el seremi de Econom\u00eda de Ays\u00e9n promover\u00e1 el Bono Pyme"},"content":{"rendered":"<div class=\"flex_column av_one_full  flex_column_div av-zero-column-padding first  avia-builder-el-0  el_before_av_one_full  avia-builder-el-first  \" style='border-radius:0px; '><div  class='avia-image-container  av-styling-    avia-builder-el-1  avia-builder-el-no-sibling  avia-align-center '  itemprop=\"image\" itemscope=\"itemscope\" itemtype=\"https:\/\/schema.org\/ImageObject\"  ><div class='avia-image-container-inner'><div class='avia-image-overlay-wrap'><img decoding=\"async\" class='wp-image-0 avia-img-lazy-loading-not-0 avia_image' src=\"https:\/\/radiorevelacionfm.cl\/wp-content\/uploads\/2021\/06\/DIFUSION-BONO-PYMES-GIMNASIOS-2-1-1.jpg\" alt='' title=''   itemprop=\"thumbnailUrl\"  \/><\/div><\/div><\/div><\/div><div class=\"flex_column av_one_full  flex_column_div av-zero-column-padding first  avia-builder-el-2  el_after_av_one_full  el_before_av_one_full  column-top-margin\" style='border-radius:0px; '><section class=\"av_textblock_section \"  itemscope=\"itemscope\" itemtype=\"https:\/\/schema.org\/BlogPosting\" itemprop=\"blogPost\" ><div class='avia_textblock  '   itemprop=\"text\" ><p style=\"text-align: center;\"><strong><span style=\"font-size: 18pt;\">Con despliegue en medios de comunicaci\u00f3n y actividades en terreno el seremi de Econom\u00eda de Ays\u00e9n promover\u00e1 el Bono Pyme<\/span><\/strong><\/p>\n<div id=\"gtx-trans\" style=\"position: absolute; left: -50px; top: 4.31534px;\">\n<div class=\"gtx-trans-icon\"><\/div>\n<\/div>\n<\/div><\/section><\/div><div class=\"flex_column av_one_full  flex_column_div av-zero-column-padding first  avia-builder-el-4  el_after_av_one_full  el_before_av_hr  column-top-margin\" style='border-radius:0px; '><section class=\"av_textblock_section \"  itemscope=\"itemscope\" itemtype=\"https:\/\/schema.org\/BlogPosting\" itemprop=\"blogPost\" ><div class='avia_textblock  '   itemprop=\"text\" ><p style=\"text-align: justify;\">En una actividad de lanzamiento del Bono Pyme, el Seremi de Econom\u00eda Carlos Pacheco y Fidel Pinilla encargado del Gimnasio Aktiva-t, dieron a conocer el recientemente anunciado Bono Pyme y otras ayudas que van en directo beneficio de la actividad econ\u00f3mica regional.<\/p>\n<p style=\"text-align: justify;\">En la oportunidad Fidel Pinilla indic\u00f3 que \u00abEs una buena noticia para nosotros que estamos a cargo de gimnasios y que hemos visto que a lo largo del a\u00f1o pasado y este 2021 hemos tenido que pasar varios meses cerrados. En estos \u00faltimos d\u00edas nos contactaron desde Econom\u00eda e Intendencia para entregarnos informaci\u00f3n respecto de qu\u00e9 tipo de empresas son las que califican para las ayudas anunciadas de este bono y los requisitos. Por otro lado, estamos evaluando la posibilidad de formar una Asociaci\u00f3n Gremial de nuestro rubro para hacer llegar de manera unificada nuestros requerimientos a la autoridad ya que tenemos muchas necesidades e ideas que queremos implementar y as\u00ed fortalecer no s\u00f3lo los gimnasios, sino que tambi\u00e9n las m\u00faltiples actividades asociadas a la actividad f\u00edsica, deportiva y recreacional en el contexto de esta pandemia\u00bb.<\/p>\n<p style=\"text-align: justify;\">Por su parte el Seremi de Econom\u00eda Carlos Pacheco indic\u00f3 que \u00abDesde nuestro Ministerio entendemos la urgencia que tienen las Pymes para contar con recursos frescos y hacer frente a esta pandemia que tanto ha afectado a la productividad&#8217; y actividad econ\u00f3mica regional. Es por esto que apenas se promulg\u00f3 la ley del Bono Pyme y otros beneficios hemos programado una agenda de difusi\u00f3n y actividades territoriales para desplegarnos en las provincias de Ays\u00e9n y as\u00ed llevar con claridad la informaci\u00f3n del procedimiento que se desarrollar\u00e1 para la implementaci\u00f3n de estas medidas y as\u00ed ninguna de las Pymes que est\u00e1n tributando en primera categor\u00eda se quede fuera de esta convocatoria\u00bb.<\/p>\n<p style=\"text-align: justify;\">La autoridad de la cartera econ\u00f3mica regional agreg\u00f3 adem\u00e1s que \u00bb el esfuerzo estatal que involucra estos beneficios no tiene parang\u00f3n y hacemos el llamado a cada una de las personas que est\u00e1n a cargo de una peque\u00f1a empresa, un minimarket, un sal\u00f3n de belleza, un gimnasio o a cargo de una feria libre, entre otros rubros, a estar atentos en las semanas que siguen a la implementaci\u00f3n en la p\u00e1gina web del Servicio de Impuestos Internos que se habilitar\u00e1 para inscribir a todas las pymes que cumplan con al menos 1 de los requisitos: que el contribuyente haya tenido al menos un trabajador contratado durante el a\u00f1o 2020, que haya declarado ingresos por ventas al menos dos meses en 2020 (continuos o discontinuos) o que haya declarado ingresos por ventas al menos dos meses 2021 (continuos o discontinuos)\u00bb.<\/p>\n<p style=\"text-align: justify;\">Finalmente, desde la Seremi de Econom\u00eda se anunci\u00f3 que en las pr\u00f3ximas dos semanas la agenda de difusi\u00f3n de esta pol\u00edtica p\u00fablica en el marco de la pandemia se extender\u00e1 a trav\u00e9s de una fuerte presencia en medios locales, reuniones virtuales con representantes de Pymes y gremios y salidas a terreno con Gobernaciones Provinciales y otras autoridades del gabinete econ\u00f3mico, entre otras acciones de sociabilizaci\u00f3n y entrega de informaci\u00f3n sobre esta acci\u00f3n que lleva adelante el Gobierno.<\/p>\n<p style=\"text-align: justify;\"><strong>Bono adicional variable<\/strong><\/p>\n<p style=\"text-align: justify;\">Aquellas MYPEs que est\u00e1n afectas al pago de IVA, recibir\u00e1n un bono adicional equivalente a tres meses del promedio del IVA d\u00e9bito del a\u00f1o 2019, con un tope de $2 millones.<\/p>\n<p style=\"text-align: justify;\">El bono de alivio y el bono adicional variable aumentar\u00e1n 20% en el caso que la persona natural o la titular de una empresa individual de responsabilidad limitada sea mujer.<\/p>\n<p style=\"text-align: justify;\">Entre otros beneficios se incluye el anticipo solidario para el pago de cotizaciones de seguridad social de trabajadores suspendidos por Ley de Protecci\u00f3n al Empleo.<\/p>\n<\/div><\/section><\/div><div  style='height:50px' class='hr hr-invisible   avia-builder-el-6  el_after_av_one_full  el_before_av_social_share '><span class='hr-inner ' ><span class='hr-inner-style'><\/span><\/span><\/div><\/p>\n<div  class='av-social-sharing-box  avia-builder-el-7  el_after_av_hr  el_before_av_hr  '><div class='av-share-box'><h5 class='av-share-link-description av-no-toc '>Compartir esta noticia<\/h5><ul class='av-share-box-list noLightbox'><li class='av-share-link av-social-link-facebook' ><a target=\"_blank\" aria-label=\"Compartir en Facebook\" href='https:\/\/www.facebook.com\/sharer.php?u=https:\/\/radiorevelacionfm.cl\/?p=5439&#038;t=Con%20despliegue%20en%20medios%20de%20comunicaci%C3%B3n%20y%20actividades%20en%20terreno%20el%20seremi%20de%20Econom%C3%ADa%20de%20Ays%C3%A9n%20promover%C3%A1%20el%20Bono%20Pyme' aria-hidden='false' data-av_icon='\ue8f3' data-av_iconfont='entypo-fontello' title='' data-avia-related-tooltip='Compartir en Facebook' rel=\"noopener\"><span class='avia_hidden_link_text'>Compartir en Facebook<\/span><\/a><\/li><li class='av-share-link av-social-link-twitter' ><a target=\"_blank\" aria-label=\"Compartir en Twitter\" href='https:\/\/twitter.com\/share?text=Con%20despliegue%20en%20medios%20de%20comunicaci%C3%B3n%20y%20actividades%20en%20terreno%20el%20seremi%20de%20Econom%C3%ADa%20de%20Ays%C3%A9n%20promover%C3%A1%20el%20Bono%20Pyme&#038;url=https:\/\/radiorevelacionfm.cl\/?p=5439' aria-hidden='false' data-av_icon='\ue8f1' data-av_iconfont='entypo-fontello' title='' data-avia-related-tooltip='Compartir en Twitter' rel=\"noopener\"><span class='avia_hidden_link_text'>Compartir en Twitter<\/span><\/a><\/li><li class='av-share-link av-social-link-whatsapp' ><a target=\"_blank\" aria-label=\"Compartir en Whatsapp\" href='https:\/\/api.whatsapp.com\/send?text=https:\/\/radiorevelacionfm.cl\/?p=5439' aria-hidden='false' data-av_icon='\uf232' data-av_iconfont='entypo-fontello' title='' data-avia-related-tooltip='Compartir en Whatsapp' rel=\"noopener\"><span class='avia_hidden_link_text'>Compartir en Whatsapp<\/span><\/a><\/li><li class='av-share-link av-social-link-linkedin' ><a target=\"_blank\" aria-label=\"Compartir en LinkedIn\" href='https:\/\/linkedin.com\/shareArticle?mini=true&#038;title=Con%20despliegue%20en%20medios%20de%20comunicaci%C3%B3n%20y%20actividades%20en%20terreno%20el%20seremi%20de%20Econom%C3%ADa%20de%20Ays%C3%A9n%20promover%C3%A1%20el%20Bono%20Pyme&#038;url=https:\/\/radiorevelacionfm.cl\/?p=5439' aria-hidden='false' data-av_icon='\ue8fc' data-av_iconfont='entypo-fontello' title='' data-avia-related-tooltip='Compartir en LinkedIn' rel=\"noopener\"><span class='avia_hidden_link_text'>Compartir en LinkedIn<\/span><\/a><\/li><li class='av-share-link av-social-link-mail' ><a  aria-label=\"Compartir por correo\" href='mailto:?subject=Con%20despliegue%20en%20medios%20de%20comunicaci%C3%B3n%20y%20actividades%20en%20terreno%20el%20seremi%20de%20Econom%C3%ADa%20de%20Ays%C3%A9n%20promover%C3%A1%20el%20Bono%20Pyme&#038;body=https:\/\/radiorevelacionfm.cl\/?p=5439' aria-hidden='false' data-av_icon='\ue805' data-av_iconfont='entypo-fontello' title='' data-avia-related-tooltip='Compartir por correo'><span class='avia_hidden_link_text'>Compartir por correo<\/span><\/a><\/li><\/ul><\/div><\/div>\n<div  style='height:50px' class='hr hr-invisible   avia-builder-el-8  el_after_av_social_share  el_before_av_comments_list '><span class='hr-inner ' ><span class='hr-inner-style'><\/span><\/span><\/div>\n<div  class='av-buildercomment  av-blog-meta-html-info-disabled av-blog-meta-tag-disabled  '><\/div>\n","protected":false},"excerpt":{"rendered":"","protected":false},"author":1,"featured_media":0,"comment_status":"open","ping_status":"open","sticky":false,"template":"","format":"standard","meta":{"footnotes":""},"categories":[37],"tags":[],"class_list":["post-5439","post","type-post","status-publish","format-standard","hentry","category-economia"],"jetpack_featured_media_url":"","_links":{"self":[{"href":"https:\/\/radiorevelacionfm.cl\/index.php?rest_route=\/wp\/v2\/posts\/5439","targetHints":{"allow":["GET"]}}],"collection":[{"href":"https:\/\/radiorevelacionfm.cl\/index.php?rest_route=\/wp\/v2\/posts"}],"about":[{"href":"https:\/\/radiorevelacionfm.cl\/index.php?rest_route=\/wp\/v2\/types\/post"}],"author":[{"embeddable":true,"href":"https:\/\/radiorevelacionfm.cl\/index.php?rest_route=\/wp\/v2\/users\/1"}],"replies":[{"embeddable":true,"href":"https:\/\/radiorevelacionfm.cl\/index.php?rest_route=%2Fwp%2Fv2%2Fcomments&post=5439"}],"version-history":[{"count":1,"href":"https:\/\/radiorevelacionfm.cl\/index.php?rest_route=\/wp\/v2\/posts\/5439\/revisions"}],"predecessor-version":[{"id":5441,"href":"https:\/\/radiorevelacionfm.cl\/index.php?rest_route=\/wp\/v2\/posts\/5439\/revisions\/5441"}],"wp:attachment":[{"href":"https:\/\/radiorevelacionfm.cl\/index.php?rest_route=%2Fwp%2Fv2%2Fmedia&parent=5439"}],"wp:term":[{"taxonomy":"category","embeddable":true,"href":"https:\/\/radiorevelacionfm.cl\/index.php?rest_route=%2Fwp%2Fv2%2Fcategories&post=5439"},{"taxonomy":"post_tag","embeddable":true,"href":"https:\/\/radiorevelacionfm.cl\/index.php?rest_route=%2Fwp%2Fv2%2Ftags&post=5439"}],"curies":[{"name":"wp","href":"https:\/\/api.w.org\/{rel}","templated":true}]}}