{"id":54387,"date":"2025-05-25T21:30:22","date_gmt":"2025-05-26T00:30:22","guid":{"rendered":"https:\/\/radiorevelacionfm.cl\/?p=54387"},"modified":"2025-05-25T21:30:22","modified_gmt":"2025-05-26T00:30:22","slug":"coyhaique-y-cochrane-seran-beneficiadas-con-innovador-programa-de-parques-solares-comunitarios","status":"publish","type":"post","link":"https:\/\/radiorevelacionfm.cl\/?p=54387","title":{"rendered":"Coyhaique y Cochrane ser\u00e1n beneficiadas con innovador Programa de Parques Solares Comunitarios"},"content":{"rendered":"<div class=\"flex_column av_one_full  flex_column_div av-zero-column-padding first  avia-builder-el-0  el_before_av_one_full  avia-builder-el-first  \" style='border-radius:0px; '><div  class='avia-image-container  av-styling-    avia-builder-el-1  avia-builder-el-no-sibling  avia-align-center '  itemprop=\"image\" itemscope=\"itemscope\" itemtype=\"https:\/\/schema.org\/ImageObject\"  ><div class='avia-image-container-inner'><div class='avia-image-overlay-wrap'><img decoding=\"async\" class='wp-image-54388 avia-img-lazy-loading-not-54388 avia_image' src=\"https:\/\/radiorevelacionfm.cl\/wp-content\/uploads\/2025\/05\/Foto-comunicado-Energia-y-Gobierno-1-1.jpeg\" alt='' title='Foto comunicado Energ\u00eda y Gobierno (1) (1)' height=\"620\" width=\"800\"  itemprop=\"thumbnailUrl\" srcset=\"https:\/\/radiorevelacionfm.cl\/wp-content\/uploads\/2025\/05\/Foto-comunicado-Energia-y-Gobierno-1-1.jpeg 800w, https:\/\/radiorevelacionfm.cl\/wp-content\/uploads\/2025\/05\/Foto-comunicado-Energia-y-Gobierno-1-1-300x233.jpeg 300w, https:\/\/radiorevelacionfm.cl\/wp-content\/uploads\/2025\/05\/Foto-comunicado-Energia-y-Gobierno-1-1-768x595.jpeg 768w, https:\/\/radiorevelacionfm.cl\/wp-content\/uploads\/2025\/05\/Foto-comunicado-Energia-y-Gobierno-1-1-705x546.jpeg 705w, https:\/\/radiorevelacionfm.cl\/wp-content\/uploads\/2025\/05\/Foto-comunicado-Energia-y-Gobierno-1-1-450x349.jpeg 450w, https:\/\/radiorevelacionfm.cl\/wp-content\/uploads\/2025\/05\/Foto-comunicado-Energia-y-Gobierno-1-1-600x465.jpeg 600w\" sizes=\"(max-width: 800px) 100vw, 800px\" \/><\/div><\/div><\/div><\/div><div class=\"flex_column av_one_full  flex_column_div av-zero-column-padding first  avia-builder-el-2  el_after_av_one_full  el_before_av_one_full  column-top-margin\" style='border-radius:0px; '><section class=\"av_textblock_section \"  itemscope=\"itemscope\" itemtype=\"https:\/\/schema.org\/BlogPosting\" itemprop=\"blogPost\" ><div class='avia_textblock  '   itemprop=\"text\" ><p style=\"text-align: center;\"><strong><span style=\"font-size: 18pt;\">Coyhaique y Cochrane ser\u00e1n beneficiadas con innovador Programa de Parques Solares Comunitarios<\/span><\/strong><\/p>\n<div id=\"gtx-trans\" style=\"position: absolute; left: -50px; top: 4.31534px;\">\n<div class=\"gtx-trans-icon\"><\/div>\n<\/div>\n<\/div><\/section><\/div><div class=\"flex_column av_one_full  flex_column_div av-zero-column-padding first  avia-builder-el-4  el_after_av_one_full  el_before_av_hr  column-top-margin\" style='border-radius:0px; '><section class=\"av_textblock_section \"  itemscope=\"itemscope\" itemtype=\"https:\/\/schema.org\/BlogPosting\" itemprop=\"blogPost\" ><div class='avia_textblock  '   itemprop=\"text\" ><p style=\"text-align: justify;\"><em>Ambas comunas fueron seleccionadas para iniciar estudios de prefactibilidad que podr\u00edan beneficiar a cerca de 100 familias con rebajas significativas en sus cuentas el\u00e9ctricas.<\/em><\/p>\n<p style=\"text-align: justify;\">El impulso a las energ\u00edas limpias y la necesidad de reducir el costo de la electricidad hacen urgente avanzar en soluciones como la generaci\u00f3n distribuida y la energ\u00eda comunitaria. En este contexto, el Ministerio de Energ\u00eda impulsa el Programa Parque Solar Comunitario, que permitir\u00e1 a municipios desarrollar proyectos solares de propiedad compartida con sus comunidades.<\/p>\n<p style=\"text-align: justify;\">A nivel nacional, 59 comunas fueron seleccionadas para iniciar estudios de prefactibilidad, entre ellas, las comunas de Coyhaique y Cochrane, con el objetivo de dise\u00f1ar sus propios parques solares comunitarios y ser pioneros en esta materia en la regi\u00f3n.<\/p>\n<p style=\"text-align: justify;\">El anuncio fue realizado en Coyhaique, en el terreno propuesto por el municipio como posible emplazamiento del parque solar, ubicado en la entrada del relleno sanitario. Hasta all\u00ed llegaron el seremi de Energ\u00eda, Tom\u00e1s Laibe; la seremi de Gobierno, \u00darsula Mix; y los alcaldes de Coyhaique, Carlos Gatica, y de Cochrane, Patricio Ulloa, quienes destacaron el potencial transformador de esta iniciativa para las familias de la regi\u00f3n.<\/p>\n<p style=\"text-align: justify;\">La seremi de Gobierno, \u00darsula Mix Jim\u00e9nez, destac\u00f3: \u201cEstas iniciativas concretas que van a permitir mejorar la vida de nuestras comunidades y, permitir\u00e1n abordar las tem\u00e1ticas medioambientales (&#8230;) Estamos contentos del trabajo en conjunto que se est\u00e1 desarrollando con los municipios de Coyhaique y Cochrane, esperamos que este modelo se materialice\u201d.<\/p>\n<p style=\"text-align: justify;\">El alcalde de Coyhaique, Carlos Gatica, se\u00f1al\u00f3: \u201cQuiero agradecer al Ministerio de Energ\u00eda y al Gobierno en poder confiar en el municipio de Coyhaique de llevar a cabo una iniciativa tan importante. Queremos que esto vaya orientado a los adultos mayores con altos grados de vulnerabilidad para poder reducir las cuentas en las alzas tarifarias, para que sea un alivio y una soluci\u00f3n concreta en materia de seguridad social\u201d.<\/p>\n<p style=\"text-align: justify;\">El seremi de Energ\u00eda, Tom\u00e1s Laibe, enfatiz\u00f3: \u201cEste programa es importante porque estamos impulsando la energ\u00eda comunitaria, el uso de la energ\u00eda renovable desde la perspectiva social con un impacto en los vecinos para reducir sus cuentas de electricidad\u201d.<\/p>\n<p style=\"text-align: justify;\">El alcalde de Cochrane, Patricio Ulloa, expres\u00f3: \u201cQuiero agradecer al Ministerio de Energ\u00eda, que fue quienes nos motivaron a postular. Estos parques solares vienen a entregar justicia a una comuna donde se han disparado los costos de luz, siendo una iniciativa que ser\u00e1 un modelo para la regi\u00f3n, que podremos replicar en distintas partes de nuestro territorio\u201d.<\/p>\n<p style=\"text-align: justify;\">Finalmente, el seremi de Energ\u00eda concluy\u00f3: \u201cCreemos que es posible replicar este modelo, no solo a nivel municipal, sino que, entre las pymes de la regi\u00f3n, vecinos que puedan organizarse y hacer energ\u00eda comunitaria. Felicitamos a la Municipalidad de Coyhaique y Cochrane por su proactividad y vamos a trabajar juntos en ejecutar este tipo de iniciativas\u201d.<\/p>\n<\/div><\/section><\/div><div  style='height:50px' class='hr hr-invisible   avia-builder-el-6  el_after_av_one_full  el_before_av_social_share '><span class='hr-inner ' ><span class='hr-inner-style'><\/span><\/span><\/div><\/p>\n<div  class='av-social-sharing-box  avia-builder-el-7  el_after_av_hr  el_before_av_hr  '><div class='av-share-box'><h5 class='av-share-link-description av-no-toc '>Compartir esta noticia<\/h5><ul class='av-share-box-list noLightbox'><li class='av-share-link av-social-link-facebook' ><a target=\"_blank\" aria-label=\"Compartir en Facebook\" href='https:\/\/www.facebook.com\/sharer.php?u=https:\/\/radiorevelacionfm.cl\/?p=54387&#038;t=Coyhaique%20y%20Cochrane%20ser%C3%A1n%20beneficiadas%20con%20innovador%20Programa%20de%20Parques%20Solares%20Comunitarios' aria-hidden='false' data-av_icon='\ue8f3' data-av_iconfont='entypo-fontello' title='' data-avia-related-tooltip='Compartir en Facebook' rel=\"noopener\"><span class='avia_hidden_link_text'>Compartir en Facebook<\/span><\/a><\/li><li class='av-share-link av-social-link-twitter' ><a target=\"_blank\" aria-label=\"Compartir en Twitter\" href='https:\/\/twitter.com\/share?text=Coyhaique%20y%20Cochrane%20ser%C3%A1n%20beneficiadas%20con%20innovador%20Programa%20de%20Parques%20Solares%20Comunitarios&#038;url=https:\/\/radiorevelacionfm.cl\/?p=54387' aria-hidden='false' data-av_icon='\ue8f1' data-av_iconfont='entypo-fontello' title='' data-avia-related-tooltip='Compartir en Twitter' rel=\"noopener\"><span class='avia_hidden_link_text'>Compartir en Twitter<\/span><\/a><\/li><li class='av-share-link av-social-link-whatsapp' ><a target=\"_blank\" aria-label=\"Compartir en Whatsapp\" href='https:\/\/api.whatsapp.com\/send?text=https:\/\/radiorevelacionfm.cl\/?p=54387' aria-hidden='false' data-av_icon='\uf232' data-av_iconfont='entypo-fontello' title='' data-avia-related-tooltip='Compartir en Whatsapp' rel=\"noopener\"><span class='avia_hidden_link_text'>Compartir en Whatsapp<\/span><\/a><\/li><li class='av-share-link av-social-link-linkedin' ><a target=\"_blank\" aria-label=\"Compartir en LinkedIn\" href='https:\/\/linkedin.com\/shareArticle?mini=true&#038;title=Coyhaique%20y%20Cochrane%20ser%C3%A1n%20beneficiadas%20con%20innovador%20Programa%20de%20Parques%20Solares%20Comunitarios&#038;url=https:\/\/radiorevelacionfm.cl\/?p=54387' aria-hidden='false' data-av_icon='\ue8fc' data-av_iconfont='entypo-fontello' title='' data-avia-related-tooltip='Compartir en LinkedIn' rel=\"noopener\"><span class='avia_hidden_link_text'>Compartir en LinkedIn<\/span><\/a><\/li><li class='av-share-link av-social-link-mail' ><a  aria-label=\"Compartir por correo\" href='mailto:?subject=Coyhaique%20y%20Cochrane%20ser%C3%A1n%20beneficiadas%20con%20innovador%20Programa%20de%20Parques%20Solares%20Comunitarios&#038;body=https:\/\/radiorevelacionfm.cl\/?p=54387' aria-hidden='false' data-av_icon='\ue805' data-av_iconfont='entypo-fontello' title='' data-avia-related-tooltip='Compartir por correo'><span class='avia_hidden_link_text'>Compartir por correo<\/span><\/a><\/li><\/ul><\/div><\/div>\n<div  style='height:50px' class='hr hr-invisible   avia-builder-el-8  el_after_av_social_share  el_before_av_comments_list '><span class='hr-inner ' ><span class='hr-inner-style'><\/span><\/span><\/div>\n<div  class='av-buildercomment  av-blog-meta-html-info-disabled av-blog-meta-tag-disabled  '><\/div>\n","protected":false},"excerpt":{"rendered":"","protected":false},"author":1,"featured_media":54388,"comment_status":"closed","ping_status":"closed","sticky":false,"template":"","format":"standard","meta":{"footnotes":""},"categories":[38],"tags":[],"class_list":["post-54387","post","type-post","status-publish","format-standard","has-post-thumbnail","hentry","category-regional"],"jetpack_featured_media_url":"https:\/\/radiorevelacionfm.cl\/wp-content\/uploads\/2025\/05\/Foto-comunicado-Energia-y-Gobierno-1-1.jpeg","_links":{"self":[{"href":"https:\/\/radiorevelacionfm.cl\/index.php?rest_route=\/wp\/v2\/posts\/54387","targetHints":{"allow":["GET"]}}],"collection":[{"href":"https:\/\/radiorevelacionfm.cl\/index.php?rest_route=\/wp\/v2\/posts"}],"about":[{"href":"https:\/\/radiorevelacionfm.cl\/index.php?rest_route=\/wp\/v2\/types\/post"}],"author":[{"embeddable":true,"href":"https:\/\/radiorevelacionfm.cl\/index.php?rest_route=\/wp\/v2\/users\/1"}],"replies":[{"embeddable":true,"href":"https:\/\/radiorevelacionfm.cl\/index.php?rest_route=%2Fwp%2Fv2%2Fcomments&post=54387"}],"version-history":[{"count":2,"href":"https:\/\/radiorevelacionfm.cl\/index.php?rest_route=\/wp\/v2\/posts\/54387\/revisions"}],"predecessor-version":[{"id":54391,"href":"https:\/\/radiorevelacionfm.cl\/index.php?rest_route=\/wp\/v2\/posts\/54387\/revisions\/54391"}],"wp:featuredmedia":[{"embeddable":true,"href":"https:\/\/radiorevelacionfm.cl\/index.php?rest_route=\/wp\/v2\/media\/54388"}],"wp:attachment":[{"href":"https:\/\/radiorevelacionfm.cl\/index.php?rest_route=%2Fwp%2Fv2%2Fmedia&parent=54387"}],"wp:term":[{"taxonomy":"category","embeddable":true,"href":"https:\/\/radiorevelacionfm.cl\/index.php?rest_route=%2Fwp%2Fv2%2Fcategories&post=54387"},{"taxonomy":"post_tag","embeddable":true,"href":"https:\/\/radiorevelacionfm.cl\/index.php?rest_route=%2Fwp%2Fv2%2Ftags&post=54387"}],"curies":[{"name":"wp","href":"https:\/\/api.w.org\/{rel}","templated":true}]}}