{"id":54383,"date":"2025-05-25T21:11:48","date_gmt":"2025-05-26T00:11:48","guid":{"rendered":"https:\/\/radiorevelacionfm.cl\/?p=54383"},"modified":"2025-05-25T21:11:48","modified_gmt":"2025-05-26T00:11:48","slug":"impulsan-propuesta-para-aliviar-tarifas-electricas-del-sector-productivo-en-la-region-de-aysen","status":"publish","type":"post","link":"https:\/\/radiorevelacionfm.cl\/?p=54383","title":{"rendered":"Impulsan propuesta para aliviar tarifas el\u00e9ctricas del sector productivo en la regi\u00f3n de Ays\u00e9n"},"content":{"rendered":"<div class=\"flex_column av_one_full  flex_column_div av-zero-column-padding first  avia-builder-el-0  el_before_av_one_full  avia-builder-el-first  \" style='border-radius:0px; '><div  class='avia-image-container  av-styling-    avia-builder-el-1  avia-builder-el-no-sibling  avia-align-center '  itemprop=\"image\" itemscope=\"itemscope\" itemtype=\"https:\/\/schema.org\/ImageObject\"  ><div class='avia-image-container-inner'><div class='avia-image-overlay-wrap'><img decoding=\"async\" class='wp-image-54384 avia-img-lazy-loading-not-54384 avia_image' src=\"https:\/\/radiorevelacionfm.cl\/wp-content\/uploads\/2025\/05\/20250522_092133-1_optimized.jpg\" alt='' title='20250522_092133-(1)_optimized' height=\"600\" width=\"1065\"  itemprop=\"thumbnailUrl\" srcset=\"https:\/\/radiorevelacionfm.cl\/wp-content\/uploads\/2025\/05\/20250522_092133-1_optimized.jpg 1065w, https:\/\/radiorevelacionfm.cl\/wp-content\/uploads\/2025\/05\/20250522_092133-1_optimized-300x169.jpg 300w, https:\/\/radiorevelacionfm.cl\/wp-content\/uploads\/2025\/05\/20250522_092133-1_optimized-1030x580.jpg 1030w, https:\/\/radiorevelacionfm.cl\/wp-content\/uploads\/2025\/05\/20250522_092133-1_optimized-768x433.jpg 768w, https:\/\/radiorevelacionfm.cl\/wp-content\/uploads\/2025\/05\/20250522_092133-1_optimized-705x397.jpg 705w, https:\/\/radiorevelacionfm.cl\/wp-content\/uploads\/2025\/05\/20250522_092133-1_optimized-450x254.jpg 450w, https:\/\/radiorevelacionfm.cl\/wp-content\/uploads\/2025\/05\/20250522_092133-1_optimized-600x338.jpg 600w\" sizes=\"(max-width: 1065px) 100vw, 1065px\" \/><\/div><\/div><\/div><\/div><div class=\"flex_column av_one_full  flex_column_div av-zero-column-padding first  avia-builder-el-2  el_after_av_one_full  el_before_av_one_full  column-top-margin\" style='border-radius:0px; '><section class=\"av_textblock_section \"  itemscope=\"itemscope\" itemtype=\"https:\/\/schema.org\/BlogPosting\" itemprop=\"blogPost\" ><div class='avia_textblock  '   itemprop=\"text\" ><p style=\"text-align: center;\"><strong><span style=\"font-size: 18pt;\">Impulsan propuesta para aliviar tarifas el\u00e9ctricas del sector productivo en la regi\u00f3n de Ays\u00e9n<\/span><\/strong><\/p>\n<div id=\"gtx-trans\" style=\"position: absolute; left: -50px; top: 4.31534px;\">\n<div class=\"gtx-trans-icon\"><\/div>\n<\/div>\n<\/div><\/section><\/div><div class=\"flex_column av_one_full  flex_column_div av-zero-column-padding first  avia-builder-el-4  el_after_av_one_full  el_before_av_hr  column-top-margin\" style='border-radius:0px; '><section class=\"av_textblock_section \"  itemscope=\"itemscope\" itemtype=\"https:\/\/schema.org\/BlogPosting\" itemprop=\"blogPost\" ><div class='avia_textblock  '   itemprop=\"text\" ><p style=\"text-align: justify;\"><em>La iniciativa fue dada a conocer en la Mesa de Energ\u00eda y busca incorporar a la regi\u00f3n de Ays\u00e9n a un subsidio cruzado que ya opera para el resto del pa\u00eds. La medida se plantea como una soluci\u00f3n concreta de corto plazo, mientras avanza la tramitaci\u00f3n del proyecto de ley de sistemas medianos.<\/em><\/p>\n<p style=\"text-align: justify;\">Con la participaci\u00f3n de gremios empresariales, representantes del Estado y organizaciones sociales, se llev\u00f3 a cabo una nueva sesi\u00f3n de la Mesa de Energ\u00eda Regional, una instancia liderada por Corfo Ays\u00e9n y la Seremi de Energ\u00eda, que busca destrabar el desarrollo energ\u00e9tico del territorio y avanzar en una matriz m\u00e1s competitiva y sostenible. Durante el encuentro, se anunci\u00f3 una indicaci\u00f3n legislativa que podr\u00eda significar una rebaja en las tarifas el\u00e9ctricas para sectores productivos, una medida largamente esperada por las pymes e industrias locales.<\/p>\n<p style=\"text-align: justify;\">La senadora Ximena \u00d3rdenes Neira plante\u00f3 que, ante la lentitud en la tramitaci\u00f3n de la Ley de Sistemas Medianos, era necesario explorar una v\u00eda alternativa para acelerar soluciones concretas. En ese contexto, inform\u00f3 que ingres\u00f3 una indicaci\u00f3n para incorporar la modificaci\u00f3n al art\u00edculo 157 \u2014considerado el n\u00facleo de dicha ley\u2014 en el proyecto de Ley de Ampliaci\u00f3n al Subsidio El\u00e9ctrico, actualmente en su fase final de tramitaci\u00f3n en el Congreso. La indicaci\u00f3n permitir\u00eda incorporar a Ays\u00e9n al Precio Nudo Promedio (PNP), un mecanismo de subsidio cruzado que ya existe en la legislaci\u00f3n nacional, que reduce las disparidades en el \u00e1mbito de la generaci\u00f3n el\u00e9ctrica. \u00abEsto permitir\u00e1 que a trav\u00e9s de un mecanismo, que ya existe en el sistema el\u00e9ctrico nacional y que opera como un subsidio cruzado, se rebajen de manera significativa las tarifas en el sector industrial\u00bb, explic\u00f3. Seg\u00fan indic\u00f3, esta estrategia legislativa busca agilizar los plazos y mantener en paralelo el avance del resto de reformas estructurales al sistema el\u00e9ctrico regional.<\/p>\n<p style=\"text-align: justify;\">Actualmente, Ays\u00e9n presenta una de las tarifas el\u00e9ctricas m\u00e1s altas de Chile, lo que afecta la competitividad regional. Seg\u00fan datos de Edelays\u00e9n, los clientes comerciales e industriales de la regi\u00f3n pagan entre un 30% y 70% m\u00e1s que en regiones como la Metropolitana, Magallanes o Los Lagos. Esta realidad no solo limita el crecimiento de empresas ya instaladas, sino que tambi\u00e9n desincentiva la llegada de nuevas inversiones. Por eso, el anuncio fue recibido con optimismo tanto por el mundo empresarial como por organizaciones ciudadanas que ven en este avance una oportunidad concreta para dinamizar la econom\u00eda local.<\/p>\n<p style=\"text-align: justify;\">El seremi de Energ\u00eda, Tom\u00e1s Laibe, valor\u00f3 el anuncio y la articulaci\u00f3n institucional. \u00abEsta mesa que hemos formado junto a Corfo busca precisamente impulsar un cambio en la matriz energ\u00e9tica regional y destrabar los proyectos de inversi\u00f3n. Lo que hoy se ha 2 \/ 2 anunciado es una gran noticia, porque permite avanzar r\u00e1pidamente en una soluci\u00f3n concreta mientras seguimos empujando el proyecto de Sistemas Medianos, que es el verdadero cambio estructural que Ays\u00e9n necesita para su desarrollo\u00bb, indic\u00f3. Asimismo, agradeci\u00f3 la participaci\u00f3n permanente de gremios empresariales y dirigentes sociales que han sostenido el trabajo de esta instancia desde sus inicios.<\/p>\n<p style=\"text-align: justify;\">Desde el sector privado, Manuel Matta, empresario del rubro energ\u00e9tico, enfatiz\u00f3 que \u00abeste es un trabajo sumamente necesario si queremos tener una regi\u00f3n competitiva. La energ\u00eda es un recurso esencial para cualquier actividad econ\u00f3mica. Aunque los altos precios son un desaf\u00edo, tambi\u00e9n representan una oportunidad para atraer inversi\u00f3n privada con apoyo del Estado\u00bb. En tanto, la dirigenta Ver\u00f3nica Legue, presidenta Uni\u00f3n Comunal Pampas del Corral de Coyhaique, agreg\u00f3 que \u00abeste proyecto impacta directamente a las pymes y empresas de la regi\u00f3n, pero tambi\u00e9n a nosotros como vecinos, porque cuando a las empresas les suben los costos, eso se traduce en lo que pagamos como consumidores\u00bb.<\/p>\n<p style=\"text-align: justify;\">Corfo Ays\u00e9n ha apoyado activamente este tipo de iniciativas, comprendiendo que la energ\u00eda no es un tema t\u00e9cnico aislado, sino un factor estrat\u00e9gico para el desarrollo productivo, la equidad territorial y la atracci\u00f3n de inversiones. \u00abEnfrentar las brechas estructurales en infraestructura, tarifas y acceso a tecnolog\u00edas m\u00e1s limpias es parte del compromiso institucional con una regi\u00f3n m\u00e1s pr\u00f3spera y con oportunidades para todos y todas\u00bb, se\u00f1al\u00f3 su director, Humberto Mar\u00edn Leiva.<\/p>\n<p style=\"text-align: justify;\">El futuro del proyecto depender\u00e1 de su tramitaci\u00f3n legislativa, que a\u00fan debe superar etapas claves en el Congreso. De aprobarse la indicaci\u00f3n, el mecanismo de ajuste tarifario podr\u00eda comenzar a implementarse en el corto plazo. En paralelo, la Mesa de Energ\u00eda continuar\u00e1 trabajando en el impulso del proyecto de Sistemas Medianos, una reforma estructural que podr\u00eda modernizar la legislaci\u00f3n, profundizar la equidad tarifaria y acelerar la transici\u00f3n energ\u00e9tica.<\/p>\n<\/div><\/section><\/div><div  style='height:50px' class='hr hr-invisible   avia-builder-el-6  el_after_av_one_full  el_before_av_social_share '><span class='hr-inner ' ><span class='hr-inner-style'><\/span><\/span><\/div><\/p>\n<div  class='av-social-sharing-box  avia-builder-el-7  el_after_av_hr  el_before_av_hr  '><div class='av-share-box'><h5 class='av-share-link-description av-no-toc '>Compartir esta noticia<\/h5><ul class='av-share-box-list noLightbox'><li class='av-share-link av-social-link-facebook' ><a target=\"_blank\" aria-label=\"Compartir en Facebook\" href='https:\/\/www.facebook.com\/sharer.php?u=https:\/\/radiorevelacionfm.cl\/?p=54383&#038;t=Impulsan%20propuesta%20para%20aliviar%20tarifas%20el%C3%A9ctricas%20del%20sector%20productivo%20en%20la%20regi%C3%B3n%20de%20Ays%C3%A9n' aria-hidden='false' data-av_icon='\ue8f3' data-av_iconfont='entypo-fontello' title='' data-avia-related-tooltip='Compartir en Facebook' rel=\"noopener\"><span class='avia_hidden_link_text'>Compartir en Facebook<\/span><\/a><\/li><li class='av-share-link av-social-link-twitter' ><a target=\"_blank\" aria-label=\"Compartir en Twitter\" href='https:\/\/twitter.com\/share?text=Impulsan%20propuesta%20para%20aliviar%20tarifas%20el%C3%A9ctricas%20del%20sector%20productivo%20en%20la%20regi%C3%B3n%20de%20Ays%C3%A9n&#038;url=https:\/\/radiorevelacionfm.cl\/?p=54383' aria-hidden='false' data-av_icon='\ue8f1' data-av_iconfont='entypo-fontello' title='' data-avia-related-tooltip='Compartir en Twitter' rel=\"noopener\"><span class='avia_hidden_link_text'>Compartir en Twitter<\/span><\/a><\/li><li class='av-share-link av-social-link-whatsapp' ><a target=\"_blank\" aria-label=\"Compartir en Whatsapp\" href='https:\/\/api.whatsapp.com\/send?text=https:\/\/radiorevelacionfm.cl\/?p=54383' aria-hidden='false' data-av_icon='\uf232' data-av_iconfont='entypo-fontello' title='' data-avia-related-tooltip='Compartir en Whatsapp' rel=\"noopener\"><span class='avia_hidden_link_text'>Compartir en Whatsapp<\/span><\/a><\/li><li class='av-share-link av-social-link-linkedin' ><a target=\"_blank\" aria-label=\"Compartir en LinkedIn\" href='https:\/\/linkedin.com\/shareArticle?mini=true&#038;title=Impulsan%20propuesta%20para%20aliviar%20tarifas%20el%C3%A9ctricas%20del%20sector%20productivo%20en%20la%20regi%C3%B3n%20de%20Ays%C3%A9n&#038;url=https:\/\/radiorevelacionfm.cl\/?p=54383' aria-hidden='false' data-av_icon='\ue8fc' data-av_iconfont='entypo-fontello' title='' data-avia-related-tooltip='Compartir en LinkedIn' rel=\"noopener\"><span class='avia_hidden_link_text'>Compartir en LinkedIn<\/span><\/a><\/li><li class='av-share-link av-social-link-mail' ><a  aria-label=\"Compartir por correo\" href='mailto:?subject=Impulsan%20propuesta%20para%20aliviar%20tarifas%20el%C3%A9ctricas%20del%20sector%20productivo%20en%20la%20regi%C3%B3n%20de%20Ays%C3%A9n&#038;body=https:\/\/radiorevelacionfm.cl\/?p=54383' aria-hidden='false' data-av_icon='\ue805' data-av_iconfont='entypo-fontello' title='' data-avia-related-tooltip='Compartir por correo'><span class='avia_hidden_link_text'>Compartir por correo<\/span><\/a><\/li><\/ul><\/div><\/div>\n<div  style='height:50px' class='hr hr-invisible   avia-builder-el-8  el_after_av_social_share  el_before_av_comments_list '><span class='hr-inner ' ><span class='hr-inner-style'><\/span><\/span><\/div>\n<div  class='av-buildercomment  av-blog-meta-html-info-disabled av-blog-meta-tag-disabled  '><\/div>\n","protected":false},"excerpt":{"rendered":"","protected":false},"author":1,"featured_media":54384,"comment_status":"closed","ping_status":"closed","sticky":false,"template":"","format":"standard","meta":{"footnotes":""},"categories":[38],"tags":[],"class_list":["post-54383","post","type-post","status-publish","format-standard","has-post-thumbnail","hentry","category-regional"],"jetpack_featured_media_url":"https:\/\/radiorevelacionfm.cl\/wp-content\/uploads\/2025\/05\/20250522_092133-1_optimized.jpg","_links":{"self":[{"href":"https:\/\/radiorevelacionfm.cl\/index.php?rest_route=\/wp\/v2\/posts\/54383","targetHints":{"allow":["GET"]}}],"collection":[{"href":"https:\/\/radiorevelacionfm.cl\/index.php?rest_route=\/wp\/v2\/posts"}],"about":[{"href":"https:\/\/radiorevelacionfm.cl\/index.php?rest_route=\/wp\/v2\/types\/post"}],"author":[{"embeddable":true,"href":"https:\/\/radiorevelacionfm.cl\/index.php?rest_route=\/wp\/v2\/users\/1"}],"replies":[{"embeddable":true,"href":"https:\/\/radiorevelacionfm.cl\/index.php?rest_route=%2Fwp%2Fv2%2Fcomments&post=54383"}],"version-history":[{"count":2,"href":"https:\/\/radiorevelacionfm.cl\/index.php?rest_route=\/wp\/v2\/posts\/54383\/revisions"}],"predecessor-version":[{"id":54386,"href":"https:\/\/radiorevelacionfm.cl\/index.php?rest_route=\/wp\/v2\/posts\/54383\/revisions\/54386"}],"wp:featuredmedia":[{"embeddable":true,"href":"https:\/\/radiorevelacionfm.cl\/index.php?rest_route=\/wp\/v2\/media\/54384"}],"wp:attachment":[{"href":"https:\/\/radiorevelacionfm.cl\/index.php?rest_route=%2Fwp%2Fv2%2Fmedia&parent=54383"}],"wp:term":[{"taxonomy":"category","embeddable":true,"href":"https:\/\/radiorevelacionfm.cl\/index.php?rest_route=%2Fwp%2Fv2%2Fcategories&post=54383"},{"taxonomy":"post_tag","embeddable":true,"href":"https:\/\/radiorevelacionfm.cl\/index.php?rest_route=%2Fwp%2Fv2%2Ftags&post=54383"}],"curies":[{"name":"wp","href":"https:\/\/api.w.org\/{rel}","templated":true}]}}