{"id":54379,"date":"2025-05-25T14:55:54","date_gmt":"2025-05-25T17:55:54","guid":{"rendered":"https:\/\/radiorevelacionfm.cl\/?p=54379"},"modified":"2025-05-25T14:55:54","modified_gmt":"2025-05-25T17:55:54","slug":"muerte-de-animales-problemas-de-salud-y-abandono-del-estado-vecinos-de-alto-manihuales-exponen-sus-dramaticos-testimonios-a-organismos-publicos","status":"publish","type":"post","link":"https:\/\/radiorevelacionfm.cl\/?p=54379","title":{"rendered":"Muerte de animales, problemas de salud y abandono del Estado: Vecinos de Alto Ma\u00f1ihuales exponen sus dram\u00e1ticos testimonios a organismos p\u00fablicos"},"content":{"rendered":"<div class=\"flex_column av_one_full  flex_column_div av-zero-column-padding first  avia-builder-el-0  el_before_av_one_full  avia-builder-el-first  \" style='border-radius:0px; '><div  class='avia-image-container  av-styling-    avia-builder-el-1  avia-builder-el-no-sibling  avia-align-center '  itemprop=\"image\" itemscope=\"itemscope\" itemtype=\"https:\/\/schema.org\/ImageObject\"  ><div class='avia-image-container-inner'><div class='avia-image-overlay-wrap'><img decoding=\"async\" class='wp-image-54380 avia-img-lazy-loading-not-54380 avia_image' src=\"https:\/\/radiorevelacionfm.cl\/wp-content\/uploads\/2025\/05\/foto-reunion-2-1_optimized.jpg\" alt='' title='foto-reuni\u00f3n-2-(1)_optimized' height=\"600\" width=\"800\"  itemprop=\"thumbnailUrl\" srcset=\"https:\/\/radiorevelacionfm.cl\/wp-content\/uploads\/2025\/05\/foto-reunion-2-1_optimized.jpg 800w, https:\/\/radiorevelacionfm.cl\/wp-content\/uploads\/2025\/05\/foto-reunion-2-1_optimized-300x225.jpg 300w, https:\/\/radiorevelacionfm.cl\/wp-content\/uploads\/2025\/05\/foto-reunion-2-1_optimized-768x576.jpg 768w, https:\/\/radiorevelacionfm.cl\/wp-content\/uploads\/2025\/05\/foto-reunion-2-1_optimized-705x529.jpg 705w, https:\/\/radiorevelacionfm.cl\/wp-content\/uploads\/2025\/05\/foto-reunion-2-1_optimized-450x338.jpg 450w, https:\/\/radiorevelacionfm.cl\/wp-content\/uploads\/2025\/05\/foto-reunion-2-1_optimized-600x450.jpg 600w\" sizes=\"(max-width: 800px) 100vw, 800px\" \/><\/div><\/div><\/div><\/div><div class=\"flex_column av_one_full  flex_column_div av-zero-column-padding first  avia-builder-el-2  el_after_av_one_full  el_before_av_one_full  column-top-margin\" style='border-radius:0px; '><section class=\"av_textblock_section \"  itemscope=\"itemscope\" itemtype=\"https:\/\/schema.org\/BlogPosting\" itemprop=\"blogPost\" ><div class='avia_textblock  '   itemprop=\"text\" ><p style=\"text-align: center;\"><span style=\"font-size: 18pt;\"><b><span lang=\"ES-TRAD\">Muerte de animales, problemas de salud y abandono del Estado: Vecinos de Alto Ma\u00f1ihuales exponen sus dram\u00e1ticos testimonios a organismos p\u00fablicos<\/span><\/b><\/span><\/p>\n<div id=\"gtx-trans\" style=\"position: absolute; left: -50px; top: 4.31534px;\">\n<div class=\"gtx-trans-icon\"><\/div>\n<\/div>\n<\/div><\/section><\/div><div class=\"flex_column av_one_full  flex_column_div av-zero-column-padding first  avia-builder-el-4  el_after_av_one_full  el_before_av_hr  column-top-margin\" style='border-radius:0px; '><section class=\"av_textblock_section \"  itemscope=\"itemscope\" itemtype=\"https:\/\/schema.org\/BlogPosting\" itemprop=\"blogPost\" ><div class='avia_textblock  '   itemprop=\"text\" ><ul>\n<li class=\"v1MsoNormal\" style=\"text-align: justify;\"><i><span lang=\"ES-TRAD\">Algunos de los principales compromisos de los servicios fueron evaluar si existen recursos para estudios que permitan actualizar la informaci\u00f3n sobre presencia de metales pesados en las personas, suelo, ganado y forraje, y que \u00e9sta sea \u00e9sta la mesa en que se avance en una hoja de ruta para ir dando soluci\u00f3n a una situaci\u00f3n que se arrastra por m\u00e1s de una d\u00e9cada.<\/span><\/i><i><\/i><\/li>\n<li class=\"v1MsoNormal\" style=\"text-align: justify;\"><i><span lang=\"ES-TRAD\">La pr\u00f3xima reuni\u00f3n entre vecinos, autoridades de servicios p\u00fablicos y organizaciones socioambientales qued\u00f3 agendada para la primera semana de julio.<\/span><\/i><\/li>\n<li class=\"v1MsoNormal\" style=\"text-align: justify;\"><i><span lang=\"ES-TRAD\">Durante la reuni\u00f3n se conoci\u00f3 que el SAG en 2021 ya ha hab\u00eda tenido denuncias sobre muerte de equinos vinculada a la presencia de metales pesados.<\/span><\/i><\/li>\n<\/ul>\n<p class=\"v1MsoNormal\" style=\"text-align: justify;\"><span lang=\"ES-TRAD\">Con dram\u00e1ticos relatos acerca de la contaminaci\u00f3n por metales pesados que ha afectado su salud, adem\u00e1s de sus actividades agr\u00edcolas y ganaderas, una veintena de pobladores y pobladoras de Alto Ma\u00f1ihuales recibi\u00f3 este\u00a0viernes 23 de mayo\u00a0a un grupo de representantes de distintos servicios p\u00fablicos regionales. La cita permiti\u00f3 que la comunidad convocante expresara sus preocupaciones y demandas a los organismos del Estado, adem\u00e1s de manifestar sus reparos al actuar de El Toqui, compa\u00f1\u00eda representada por el gerente general de la Sociedad Minera Pac\u00edfico del Sur,\u00a0Jos\u00e9 Quiroga, controladora del yacimiento.<\/span><\/p>\n<p class=\"v1MsoNormal\" style=\"text-align: justify;\"><span lang=\"ES-TRAD\">Los vecinos llegaron provenientes de\u00a0Alto Ma\u00f1ihuales,\u00a0Lago Norte, sector\u00a0Arroyo El Gato\u00a0y\u00a0\u00d1irehuao, en algunos casos recorriendo decenas de kil\u00f3metros a caballo.\u00a0 Todo con el fin de describir lo que han vivido en\u00a0<a href=\"https:\/\/eldesconcierto.cl\/2025\/05\/22\/relave-minero-colapsado-contamina-el-agua-de-familias-rurales-en-aysen-llevan-una-decada-esperando-medidas\" target=\"_blank\" rel=\"noopener noreferrer\">cuatro d\u00e9cadas de exposici\u00f3n a contaminaci\u00f3n minera<\/a>\u00a0y afectaci\u00f3n social, ambiental y a su salud, lo que hasta hoy no ha sido abordado a cabalidad.\u00a0 El problema se hizo manifiesto hace 10 a\u00f1os cuando fallecieron animales y se detect\u00f3 plomo, mercurio y ars\u00e9nico en la sangre de varias familias del sector.<\/span><\/p>\n<p class=\"v1MsoNormal\" style=\"text-align: justify;\"><span lang=\"ES-TRAD\">La reuni\u00f3n se desarroll\u00f3 en la sede comunitaria, a menos de 400 metros del inactivo tranque Confluencia, que almacena casi seis millones de toneladas de relaves mineros, sin un debido plan de cierre. Seg\u00fan resoluci\u00f3n de la Superintendencia del Medio Ambiente (SMA) de mayo de 2020, la empresa debe ingresar este pasivo al Sistema de Evaluaci\u00f3n de Impacto Ambiental (SEIA) con el fin de disponer medidas para mitigar, reparar o compensar los impactos ambientales del dep\u00f3sito en cuesti\u00f3n, incluidos los de salud.\u00a0<\/span><\/p>\n<p class=\"v1MsoNormal\" style=\"text-align: justify;\"><span lang=\"ES-TRAD\">Algo que a la fecha no ha ocurrido.<\/span><\/p>\n<p class=\"v1MsoNormal\" style=\"text-align: justify;\"><strong><span lang=\"ES-TRAD\">Testimonios<\/span><\/strong><\/p>\n<p class=\"v1MsoNormal\" style=\"text-align: justify;\"><span lang=\"ES-TRAD\">Durante la \u00faltima temporada de veranadas, la familia de\u00a0B\u00e1rbara Rodr\u00edguez y Felipe P\u00e9rez\u00a0perdi\u00f3 una decena de vacunos por motivos, en ese momento, desconocidos.<\/span><\/p>\n<p class=\"v1MsoNormal\" style=\"text-align: justify;\"><span lang=\"ES-TRAD\">\u00ab<i>El a\u00f1o pasado, alrededor de noviembre, se empezaron a morir vacas. De primera, con Felipe pens\u00e1bamos que era por una enfermedad como el carbunco.\u00a0 Al otro d\u00eda amaneci\u00f3 otra vaca muerta y as\u00ed sucesivamente hasta que ya \u00edbamos como en la cuarta<\/i>\u00ab.\u00a0 Luego de denunciar uno de los casos ante el Servicio Agr\u00edcola y Ganadero (SAG) y realizarse ex\u00e1menes, el an\u00e1lisis arroj\u00f3 una falla multisist\u00e9mica.\u00a0 Explic\u00f3 que por falta de recursos a nivel regional no se pudo realizar un an\u00e1lisis m\u00e1s espec\u00edfico, sin embargo \u00ab<i>la veterinaria del SAG nos relat\u00f3 que, por su experiencia y como estaban los \u00f3rganos as\u00ed de negros, eso era netamente metales pesados<\/i>\u00ab.<\/span><\/p>\n<p class=\"v1MsoNormal\" style=\"text-align: justify;\"><span lang=\"ES-TRAD\">Ante la solicitud de la familia de realizar an\u00e1lisis a todo su ganado \u00ab<i>porque quer\u00edamos saber de qu\u00e9 estaban muriendo las vacas, nos dijeron que no hay recursos.\u00a0 Ya sabemos que es por el tema de la contaminaci\u00f3n de la minera que se est\u00e1n muriendo los animales y lo m\u00e1s terrible es que efectivamente todas esas vacas que se van a veranear, despu\u00e9s se van a la feria y todo el mundo las consume<\/i>\u00ab.<\/span><\/p>\n<p class=\"v1MsoNormal\" style=\"text-align: justify;\"><span lang=\"ES-TRAD\">Para B\u00e1rbara y su familia, incluido su hijo de pocos a\u00f1os, el tema no es s\u00f3lo econ\u00f3mico.\u00a0 \u00ab<i>Nosotros cre\u00edamos que consum\u00edamos carne sana, pero nos dimos cuenta de que no. Con esta reuni\u00f3n esperemos que se haga algo, que no sea lo mismo que pas\u00f3 en el 2014 y quede todo ah\u00ed con un simple estudio.\u00a0 Que de verdad se preocupen por los campos y por las aguas<\/i>\u00ab<\/span><\/p>\n<p class=\"v1MsoNormal\" style=\"text-align: justify;\"><span lang=\"ES-TRAD\">Raquel Vera<\/span><span lang=\"ES-TRAD\">, oriunda de Alto Ma\u00f1ihuales, expres\u00f3 su esperanza en que con esta reuni\u00f3n desde el Estado se tomen medidas concretas. \u00ab<i>No hay que dejar que caiga, porque ah\u00ed s\u00ed que vamos a perder&#8230; Muchos vecinos no quisieron firmar (la carta de la convocatoria) y otros no quisieron venir porque dijeron, no van a sacar nada. Que siempre, cuando se han hecho estas cosas, no sacamos nada. Y sigue ganando la empresa, las autoridades se van y se siguen burlando.\u00a0 Hacen o\u00eddos sordos, como ahora. Que no saben, que no es tanto.\u00a0 Claro, si ellos no viven ac\u00e1, no sufren, no han pasado lo que hemos pasado nosotros con esta empresa<\/i>\u00bb expres\u00f3.<\/span><\/p>\n<p class=\"v1MsoNormal\" style=\"text-align: justify;\"><span lang=\"ES-TRAD\">Solicit\u00f3 la pobladora que la empresa \u00ab<i>asuma sus responsabilidades, de gastar un poco en tapar esos relaves<\/i>\u00ab.\u00a0 Explic\u00f3 que la minera ha aumentado considerablemente sus operaciones, aludiendo a que la Sociedad Pac\u00edfico de Sur inform\u00f3 hace poco un \u00ab<i>exitoso\u00bb<\/i>\u00a02024, a\u00f1o en que\u00a0<i>\u00abexport\u00f3 62 mil toneladas desde el yacimiento El Toqui<\/i>\u00ab, materializando un\u00a0<\/span><span lang=\"ES-TRAD\"><a href=\"https:\/\/www.reporteminero.cl\/noticia\/noticias\/2025\/05\/minera-pacifico-del-sur-realiza-segundo-embarque-de-concentrado-de-zinc-rumbo-a-china#:~:text=La%20operaci%C3%B3n%20minera%20busca%20repetir,puerto%20de%20Lianyungang%2C%20en%20China.\" target=\"_blank\" rel=\"noopener noreferrer\">segundo embarque a China<\/a><\/span><span lang=\"ES-TRAD\">\u00a0a principios del mes de mayo.\u00a0 \u00ab<i>As\u00ed que imag\u00ednense que no va a tener plata. Y todo eso de ac\u00e1, sac\u00e1ndolo de nuestro sector, y nosotros todos enfermos y contaminados<\/i>\u00ab.<\/span><\/p>\n<p class=\"v1MsoNormal\" style=\"text-align: justify;\"><span lang=\"ES-TRAD\">Asimismo, cuestion\u00f3 la dirigenta la ausencia \u00ab<i>de varias autoridades bastante importantes, pero qued\u00e9 conforme en que por lo menos pudimos llegar a un acuerdo de que quedara como mesa una fecha estimativa de pr\u00f3xima reuni\u00f3n, m\u00e1s o menos en casi dos meses m\u00e1s<\/i>\u00bb puntualiz\u00f3.\u00a0<\/span><\/p>\n<p class=\"v1MsoNormal\" style=\"text-align: justify;\"><span lang=\"ES-TRAD\">\u00ab<i>Sin duda hay m\u00e1s animales muertos, hay un mont\u00f3n de dudas.\u00a0 Todos sabemos c\u00f3mo vuela en el verano la ceniza o el viento para all\u00e1, todos sabemos que las aguas est\u00e1n contaminadas aqu\u00ed.\u00a0\u00a0 Esto no es un misterio para nadie, todos sabemos c\u00f3mo es, pero falta que alguien tome el tema, y las autoridades son las llamadas a eso<\/i>\u00bb se\u00f1al\u00f3\u00a0<\/span><span lang=\"ES-TRAD\">Walter Gillibrand<\/span><span lang=\"ES-TRAD\">, residente de Lago Norte, tambi\u00e9n presente en la reuni\u00f3n.\u00a0 Algo que fue reiterado en m\u00faltiples relatos de pobladores del sector.<\/span><\/p>\n<p class=\"v1MsoNormal\" style=\"text-align: justify;\"><strong><span lang=\"ES-TRAD\">Los compromisos<\/span><\/strong><\/p>\n<p class=\"v1MsoNormal\" style=\"text-align: justify;\"><span lang=\"ES-TRAD\">En la ocasi\u00f3n, parte de los compromisos fueron que el\u00a0SAG\u00a0atienda las denuncias por muerte de animales de manera oportuna.\u00a0 Asimismo, tener para la reuni\u00f3n siguiente informaci\u00f3n sobre la posibilidad de desarrollar un estudio sobre la presencia de metales pesados en suelo, forraje y ganado del sector afectado.\u00a0 Esto, considerando que\u00a0incluso en 2021 se constat\u00f3 la muerte de equinos en que hab\u00eda presencia de metales pesados.<\/span><\/p>\n<p class=\"v1MsoNormal\" style=\"text-align: justify;\"><span lang=\"ES-TRAD\">La\u00a0seremi de Salud, en tanto, acord\u00f3 que en la reuni\u00f3n siguiente entregar\u00e1n antecedentes sobre la viabilidad de realizar un estudio espec\u00edfico a la poblaci\u00f3n en materia de metales pesados, para lo cual elevar\u00e1n la consulta ante el Instituto de Salud P\u00fablica y la Subsecretar\u00eda de Salud.\u00a0 En esto, desde el\u00a0Colegio M\u00e9dico\u00a0se\u00f1alaron que se comunicar\u00e1n con la directiva nacional para que se realicen gestiones que respalden dicho requerimiento a nivel central. Adem\u00e1s, desde Salud se comprometieron a dar continuidad al proceso de monitoreo de las fuentes de abastecimiento de agua para consumo humano (en los t\u00e9rminos desarrollados durante 2019, 2021, 2022 y 2023), evaluando ampliar los puntos de registro.<\/span><\/p>\n<p class=\"v1MsoNormal\" style=\"text-align: justify;\"><span lang=\"ES-TRAD\">La seremi de\u00a0Obras P\u00fablicas, de la cual depende la Direcci\u00f3n General de Aguas, inform\u00f3 que continuar\u00e1n con los monitoreos peri\u00f3dicos que desarrolla el organismo, y que si es necesario hacer muestreos espec\u00edficos proceder\u00e1n en consecuencia.<\/span><\/p>\n<p class=\"v1MsoNormal\" style=\"text-align: justify;\"><span lang=\"ES-TRAD\">Y desde la\u00a0seremi de Medio Ambiente\u00a0se propuso llevar este tema a la Mesa P\u00fablico-Privada de Miner\u00eda y Geolog\u00eda de Ays\u00e9n, en la cual s\u00f3lo participan organismos del Estado y las empresas mas no las comunidades.\u00a0 Por ello, se solicitar\u00e1 que la sociedad civil sea invitada a exponer en dicha instancia sobre este caso.<\/span><\/p>\n<p class=\"v1MsoNormal\" style=\"text-align: justify;\"><span lang=\"ES-TRAD\">Por\u00a0parte del CIEP\u00a0se plante\u00f3 la posibilidad de realizar un an\u00e1lisis de los datos de muestreo que diversos organismos (p\u00fablicos y privados) puedan poner a su disposici\u00f3n, con el fin de contar con una visi\u00f3n m\u00e1s clara sobre lo que ha ocurrido en la cuenca en esta \u00faltima d\u00e9cada.<\/span><\/p>\n<p class=\"v1MsoNormal\" style=\"text-align: justify;\"><span lang=\"ES-TRAD\">En t\u00e9rminos generales, se acord\u00f3 dar continuidad a la\u00a0Mesa de Trabajo en Alto Ma\u00f1ihuales, debiendo ser tal la instancia informativa y deliberativa, y donde se elabore una hoja de ruta para abordar la contaminaci\u00f3n minera y vulneraci\u00f3n de derechos humanos a que est\u00e1n expuestos los vecinos y vecinas del sector y alrededores.\u00a0 El pr\u00f3ximo encuentro qued\u00f3 citado para la primera semana del mes de julio.<\/span><\/p>\n<p class=\"v1MsoNormal\" style=\"text-align: justify;\"><span lang=\"ES-TRAD\">La reuni\u00f3n fue convocada por un grupo de\u00a027 vecinos y vecinas, gracias a la\u00a0intermediaci\u00f3n de la Junta de Vecinos N\u00b014 de Villa Ma\u00f1ihuales, la\u00a0Agrupaci\u00f3n local Ma\u00f1\u00edos y Baguales, la\u00a0Corporaci\u00f3n Privada para el Desarrollo de Ays\u00e9n (CODESA), la\u00a0Red de Defensa y Protecci\u00f3n del Territorio Patagonia, la\u00a0Agrupaci\u00f3n Ais\u00e9n Reserva de Vida, la\u00a0ONG Ecosistemas\u00a0y\u00a0ONG FIMA.<\/span><\/p>\n<p class=\"v1MsoNormal\" style=\"text-align: justify;\"><span lang=\"ES-TRAD\">Para\u00a0Claudia C\u00e1rdenas, dirigenta de la junta de vecinos N14 de Villa Ma\u00f1ihuales, localidad que se abastece del agua que escurre aguas abajo del yacimiento y del ganado proveniente de las pasturas del sector, la reuni\u00f3n fue positiva aunque \u00ab<i>ojal\u00e1 que en esa mesa pr\u00f3xima hayan respuestas concretas, fechas y un poquito m\u00e1s de empat\u00eda con los vecinos. Que se vea el tema como una realidad que est\u00e1 sucediendo hace muchos a\u00f1os<\/i>\u00ab.\u00a0<\/span><\/p>\n<p class=\"v1MsoNormal\" style=\"text-align: justify;\"><span lang=\"ES-TRAD\">Gabriela Barrientos<\/span><span lang=\"ES-TRAD\">, de Ma\u00f1\u00edos y Baguales, se mostr\u00f3 \u00ab<i>s\u00faper agradecida de la convocatoria, la cantidad de vecinos que vinieron, desde muy lejos, vecinos a caballo, vecinos en veh\u00edculos, que se acercaron a esta reuni\u00f3n, lo que da cuenta de la preocupaci\u00f3n que hay sobre el tema&#8230; Nos llama mucho la atenci\u00f3n, s\u00ed, que los principales servicios convocados no vinieron.\u00a0 Lo rescatable es que se reactiva esta mesa de trabajo, convocada por los vecinos y que adem\u00e1s ya se program\u00f3 una nueva reuni\u00f3n convocada para dos meses m\u00e1s<\/i>\u00ab.<\/span><\/p>\n<p class=\"v1MsoNormal\" style=\"text-align: justify;\"><span lang=\"ES-TRAD\">A la reuni\u00f3n concurrieron, adem\u00e1s de los respectivos funcionarios de apoyo, el\u00a0asesor de la delegaci\u00f3n presidencial regional Juan \u00c1lvarez, la\u00a0seremi de Salud (s) Silvia Delf\u00edn, el\u00a0seremi de Medio Ambiente Yoal D\u00edaz, la seremi de\u00a0Obras P\u00fablicas Paloma Jara, la\u00a0directora (s) del SAG Valeria Carrasco, el\u00a0director del INDH Joaqu\u00edn Bizama,\u00a0la directora regional de INDAP Yessica Lagos, en representaci\u00f3n del seremi de Agricultura Mario Ruiz, y la\u00a0encargada de Medio Ambiente de la Municipalidad de Coyhaique, Mar\u00eda Jos\u00e9 Espinoza.\u00a0 Se hicieron presentes, tambi\u00e9n, el\u00a0bi\u00f3logo del Centro de Investigaci\u00f3n de Ecosistemas de la Patagonia (CIEP), Luis Uribe, y la\u00a0presidenta del Consejo Regional Ays\u00e9n del Colegio M\u00e9dico, Alejandra Born.<\/span><\/p>\n<p class=\"v1MsoNormal\" style=\"text-align: justify;\"><span lang=\"ES-TRAD\">Por la Sociedad Pac\u00edfico del Sur, adem\u00e1s de su gerente, concurri\u00f3 el\u00a0encargado de relaciones comunitarias Sebasti\u00e1n Barrios.<\/span><\/p>\n<p class=\"v1MsoNormal\" style=\"text-align: justify;\"><span lang=\"ES-TRAD\">Sin embargo, notoria fue la ausencia de autoridades de organismos clave en este problema como el\u00a0encargado de la oficina regional de la SMA Oscar Leal, el\u00a0seremi de Miner\u00eda Juan V\u00e1squez\u00a0y la\u00a0directora regional de Sernageomin Andrea Aguilar, tambi\u00e9n invitados a la reuni\u00f3n.\u00a0 Tampoco concurrieron\u00a0representantes del gobernador regional Marcelo Santana y el alcalde de Ays\u00e9n Luis Mart\u00ednez, hacia cuya comuna fluyen los afluentes directamente afectados por las operaciones de El Toqui, incluido el r\u00edo Ays\u00e9n.<\/span><\/p>\n<p class=\"v1MsoNormal\" style=\"text-align: justify;\"><span lang=\"ES-TRAD\">Para el presidente de CODESA,\u00a0Erwin Sandoval Gallardo, los resultados \u00ab<i>dan cuenta de la falta de urgencia que el Estado de Chile y el gobierno del Presidente Gabriel Boric le otorgan a este conflicto de derechos humanos.\u00a0 Pese a que los distintos servicios tienen antecedentes e informaci\u00f3n desde hace a\u00f1os, han llegado a esta reuni\u00f3n sin respuestas claras y compromisos concretos para abordar y solucionar la vulneraci\u00f3n de derechos que aqueja a los habitantes del sector<\/i>\u00ab.\u00a0 Agreg\u00f3 que \u00ab<i>esperamos que, tal como se acord\u00f3, en la sesi\u00f3n que se desarrollar\u00e1 en el mes de julio en Alto Ma\u00f1ihuales, primero, lleguen todas las autoridades competentes en la materia y, segundo, con una hoja de ruta clara. Tienen plazo suficiente para, esta vez, s\u00ed hacer este trabajo<\/i>\u00ab.<\/span><\/p>\n<p class=\"v1MsoNormal\" style=\"text-align: justify;\"><span lang=\"ES-TRAD\">Cuando en 2015 se conoci\u00f3 p\u00fablicamente el tema, fue el gobernador de Coyhaique de la \u00e9poca, Cristian L\u00f3pez Montecinos, quien impuls\u00f3 un\u00a0<a href=\"http:\/\/www.gobernacioncoihaique.gov.cl\/sin-categoria\/gobernador-lopez-montecinos-lidera-reunion-de-mesa-tripartita-de-soluciones-ambientales-de-alto-manihuales\/\" target=\"_blank\" rel=\"noopener noreferrer\">mesa de trabajo para que la empresa minera El Toqui cerrara acuerdos<\/a>, esencialmente de tipo econ\u00f3micos, con las familias del sector.\u00a0 A esas alturas ya se ten\u00eda el estudio del Colegio M\u00e9dico que hab\u00eda constatado peligrosos niveles de contaminaci\u00f3n por plomo, ars\u00e9nico y mercurio.\u00a0 Sin embargo, dichas gestiones no desembocaron en una soluci\u00f3n de largo plazo para la situaci\u00f3n que se repite hoy.<\/span><\/p>\n<p class=\"v1MsoNormal\" style=\"text-align: justify;\"><span lang=\"ES-TRAD\">Posteriormente L\u00f3pez dej\u00f3 el cargo y hoy es ministro suplente en el Primer Tribunal Ambiental de Antofagasta, votando en\u00a0<a href=\"https:\/\/www.ex-ante.cl\/quienes-son-los-jueces-tras-el-duro-fallo-que-revive-dominga-y-que-cuestiona-al-comite-de-ministros\/\" target=\"_blank\" rel=\"noopener noreferrer\">varias ocasiones a favor del proyecto minero portuario Dominga<\/a>, en Coquimbo.<\/span><\/p>\n<p class=\"v1MsoNormal\" style=\"text-align: justify;\"><span lang=\"ES-TRAD\">\u00a0<\/span><\/p>\n<\/div><\/section><\/div><div  style='height:50px' class='hr hr-invisible   avia-builder-el-6  el_after_av_one_full  el_before_av_social_share '><span class='hr-inner ' ><span class='hr-inner-style'><\/span><\/span><\/div><\/p>\n<div  class='av-social-sharing-box  avia-builder-el-7  el_after_av_hr  el_before_av_hr  '><div class='av-share-box'><h5 class='av-share-link-description av-no-toc '>Compartir esta noticia<\/h5><ul class='av-share-box-list noLightbox'><li class='av-share-link av-social-link-facebook' ><a target=\"_blank\" aria-label=\"Compartir en Facebook\" href='https:\/\/www.facebook.com\/sharer.php?u=https:\/\/radiorevelacionfm.cl\/?p=54379&#038;t=Muerte%20de%20animales%2C%20problemas%20de%20salud%20y%20abandono%20del%20Estado%3A%20Vecinos%20de%20Alto%20Ma%C3%B1ihuales%20exponen%20sus%20dram%C3%A1ticos%20testimonios%20a%20organismos%20p%C3%BAblicos' aria-hidden='false' data-av_icon='\ue8f3' data-av_iconfont='entypo-fontello' title='' data-avia-related-tooltip='Compartir en Facebook' rel=\"noopener\"><span class='avia_hidden_link_text'>Compartir en Facebook<\/span><\/a><\/li><li class='av-share-link av-social-link-twitter' ><a target=\"_blank\" aria-label=\"Compartir en Twitter\" href='https:\/\/twitter.com\/share?text=Muerte%20de%20animales%2C%20problemas%20de%20salud%20y%20abandono%20del%20Estado%3A%20Vecinos%20de%20Alto%20Ma%C3%B1ihuales%20exponen%20sus%20dram%C3%A1ticos%20testimonios%20a%20organismos%20p%C3%BAblicos&#038;url=https:\/\/radiorevelacionfm.cl\/?p=54379' aria-hidden='false' data-av_icon='\ue8f1' data-av_iconfont='entypo-fontello' title='' data-avia-related-tooltip='Compartir en Twitter' rel=\"noopener\"><span class='avia_hidden_link_text'>Compartir en Twitter<\/span><\/a><\/li><li class='av-share-link av-social-link-whatsapp' ><a target=\"_blank\" aria-label=\"Compartir en Whatsapp\" href='https:\/\/api.whatsapp.com\/send?text=https:\/\/radiorevelacionfm.cl\/?p=54379' aria-hidden='false' data-av_icon='\uf232' data-av_iconfont='entypo-fontello' title='' data-avia-related-tooltip='Compartir en Whatsapp' rel=\"noopener\"><span class='avia_hidden_link_text'>Compartir en Whatsapp<\/span><\/a><\/li><li class='av-share-link av-social-link-linkedin' ><a target=\"_blank\" aria-label=\"Compartir en LinkedIn\" href='https:\/\/linkedin.com\/shareArticle?mini=true&#038;title=Muerte%20de%20animales%2C%20problemas%20de%20salud%20y%20abandono%20del%20Estado%3A%20Vecinos%20de%20Alto%20Ma%C3%B1ihuales%20exponen%20sus%20dram%C3%A1ticos%20testimonios%20a%20organismos%20p%C3%BAblicos&#038;url=https:\/\/radiorevelacionfm.cl\/?p=54379' aria-hidden='false' data-av_icon='\ue8fc' data-av_iconfont='entypo-fontello' title='' data-avia-related-tooltip='Compartir en LinkedIn' rel=\"noopener\"><span class='avia_hidden_link_text'>Compartir en LinkedIn<\/span><\/a><\/li><li class='av-share-link av-social-link-mail' ><a  aria-label=\"Compartir por correo\" href='mailto:?subject=Muerte%20de%20animales%2C%20problemas%20de%20salud%20y%20abandono%20del%20Estado%3A%20Vecinos%20de%20Alto%20Ma%C3%B1ihuales%20exponen%20sus%20dram%C3%A1ticos%20testimonios%20a%20organismos%20p%C3%BAblicos&#038;body=https:\/\/radiorevelacionfm.cl\/?p=54379' aria-hidden='false' data-av_icon='\ue805' data-av_iconfont='entypo-fontello' title='' data-avia-related-tooltip='Compartir por correo'><span class='avia_hidden_link_text'>Compartir por correo<\/span><\/a><\/li><\/ul><\/div><\/div>\n<div  style='height:50px' class='hr hr-invisible   avia-builder-el-8  el_after_av_social_share  el_before_av_comments_list '><span class='hr-inner ' ><span class='hr-inner-style'><\/span><\/span><\/div>\n<div  class='av-buildercomment  av-blog-meta-html-info-disabled av-blog-meta-tag-disabled  '><\/div>\n","protected":false},"excerpt":{"rendered":"","protected":false},"author":1,"featured_media":54380,"comment_status":"closed","ping_status":"closed","sticky":false,"template":"","format":"standard","meta":{"footnotes":""},"categories":[38],"tags":[],"class_list":["post-54379","post","type-post","status-publish","format-standard","has-post-thumbnail","hentry","category-regional"],"jetpack_featured_media_url":"https:\/\/radiorevelacionfm.cl\/wp-content\/uploads\/2025\/05\/foto-reunion-2-1_optimized.jpg","_links":{"self":[{"href":"https:\/\/radiorevelacionfm.cl\/index.php?rest_route=\/wp\/v2\/posts\/54379","targetHints":{"allow":["GET"]}}],"collection":[{"href":"https:\/\/radiorevelacionfm.cl\/index.php?rest_route=\/wp\/v2\/posts"}],"about":[{"href":"https:\/\/radiorevelacionfm.cl\/index.php?rest_route=\/wp\/v2\/types\/post"}],"author":[{"embeddable":true,"href":"https:\/\/radiorevelacionfm.cl\/index.php?rest_route=\/wp\/v2\/users\/1"}],"replies":[{"embeddable":true,"href":"https:\/\/radiorevelacionfm.cl\/index.php?rest_route=%2Fwp%2Fv2%2Fcomments&post=54379"}],"version-history":[{"count":2,"href":"https:\/\/radiorevelacionfm.cl\/index.php?rest_route=\/wp\/v2\/posts\/54379\/revisions"}],"predecessor-version":[{"id":54382,"href":"https:\/\/radiorevelacionfm.cl\/index.php?rest_route=\/wp\/v2\/posts\/54379\/revisions\/54382"}],"wp:featuredmedia":[{"embeddable":true,"href":"https:\/\/radiorevelacionfm.cl\/index.php?rest_route=\/wp\/v2\/media\/54380"}],"wp:attachment":[{"href":"https:\/\/radiorevelacionfm.cl\/index.php?rest_route=%2Fwp%2Fv2%2Fmedia&parent=54379"}],"wp:term":[{"taxonomy":"category","embeddable":true,"href":"https:\/\/radiorevelacionfm.cl\/index.php?rest_route=%2Fwp%2Fv2%2Fcategories&post=54379"},{"taxonomy":"post_tag","embeddable":true,"href":"https:\/\/radiorevelacionfm.cl\/index.php?rest_route=%2Fwp%2Fv2%2Ftags&post=54379"}],"curies":[{"name":"wp","href":"https:\/\/api.w.org\/{rel}","templated":true}]}}