{"id":54375,"date":"2025-05-25T13:14:13","date_gmt":"2025-05-25T16:14:13","guid":{"rendered":"https:\/\/radiorevelacionfm.cl\/?p=54375"},"modified":"2025-05-25T13:14:13","modified_gmt":"2025-05-25T16:14:13","slug":"un-total-de-26-extranjeros-denunciados-dejo-operativo-migratorio-en-puerto-aysen-y-melinka","status":"publish","type":"post","link":"https:\/\/radiorevelacionfm.cl\/?p=54375","title":{"rendered":"Un total de 26 extranjeros denunciados dej\u00f3 operativo migratorio en Puerto Ays\u00e9n y Melinka"},"content":{"rendered":"<div class=\"flex_column av_one_full  flex_column_div av-zero-column-padding first  avia-builder-el-0  el_before_av_one_full  avia-builder-el-first  \" style='border-radius:0px; '><div  class='avia-image-container  av-styling-    avia-builder-el-1  avia-builder-el-no-sibling  avia-align-center '  itemprop=\"image\" itemscope=\"itemscope\" itemtype=\"https:\/\/schema.org\/ImageObject\"  ><div class='avia-image-container-inner'><div class='avia-image-overlay-wrap'><img decoding=\"async\" class='wp-image-54376 avia-img-lazy-loading-not-54376 avia_image' src=\"https:\/\/radiorevelacionfm.cl\/wp-content\/uploads\/2025\/05\/PDI-operativo-1.jpg\" alt='' title='PDI operativo (1)' height=\"600\" width=\"941\"  itemprop=\"thumbnailUrl\" srcset=\"https:\/\/radiorevelacionfm.cl\/wp-content\/uploads\/2025\/05\/PDI-operativo-1.jpg 941w, https:\/\/radiorevelacionfm.cl\/wp-content\/uploads\/2025\/05\/PDI-operativo-1-300x191.jpg 300w, https:\/\/radiorevelacionfm.cl\/wp-content\/uploads\/2025\/05\/PDI-operativo-1-768x490.jpg 768w, https:\/\/radiorevelacionfm.cl\/wp-content\/uploads\/2025\/05\/PDI-operativo-1-705x450.jpg 705w, https:\/\/radiorevelacionfm.cl\/wp-content\/uploads\/2025\/05\/PDI-operativo-1-450x287.jpg 450w, https:\/\/radiorevelacionfm.cl\/wp-content\/uploads\/2025\/05\/PDI-operativo-1-600x383.jpg 600w\" sizes=\"(max-width: 941px) 100vw, 941px\" \/><\/div><\/div><\/div><\/div><div class=\"flex_column av_one_full  flex_column_div av-zero-column-padding first  avia-builder-el-2  el_after_av_one_full  el_before_av_one_full  column-top-margin\" style='border-radius:0px; '><section class=\"av_textblock_section \"  itemscope=\"itemscope\" itemtype=\"https:\/\/schema.org\/BlogPosting\" itemprop=\"blogPost\" ><div class='avia_textblock  '   itemprop=\"text\" ><p style=\"text-align: center;\"><span style=\"font-size: 18pt;\"><strong>Un total de 26 extranjeros denunciados dej\u00f3 operativo migratorio en Puerto Ays\u00e9n y Melinka<\/strong><\/span><\/p>\n<div id=\"gtx-trans\" style=\"position: absolute; left: -50px; top: 4.31534px;\">\n<div class=\"gtx-trans-icon\"><\/div>\n<\/div>\n<\/div><\/section><\/div><div class=\"flex_column av_one_full  flex_column_div av-zero-column-padding first  avia-builder-el-4  el_after_av_one_full  el_before_av_hr  column-top-margin\" style='border-radius:0px; '><section class=\"av_textblock_section \"  itemscope=\"itemscope\" itemtype=\"https:\/\/schema.org\/BlogPosting\" itemprop=\"blogPost\" ><div class='avia_textblock  '   itemprop=\"text\" ><p style=\"text-align: justify;\">La Secci\u00f3n de Migraciones y Polic\u00eda Internacional Ays\u00e9n realiz\u00f3 una fiscalizaci\u00f3n de extranjeros, de manera simult\u00e1nea, en Puerto Ays\u00e9n y Melinka, logrando consultar los antecedentes de 32 personas.<\/p>\n<p style=\"text-align: justify;\">\u201cEste operativo est\u00e1 enmarcado en las facultades que tiene la Ley 21.325 de Migraci\u00f3n y Extranjer\u00eda, \u00a0que consisti\u00f3 en controles realizados en las comunas de Ays\u00e9n y Guaitecas, apoyado por diversas brigadas con asiento en la regi\u00f3n de Ays\u00e9n, donde se logr\u00f3 fiscalizar un total de 32 personas de las cuales 26 infringen la Ley de Migraci\u00f3n y Extranjer\u00eda, siendo estas denunciadas al Servicio Nacional de Migraciones, entre los cuales tambi\u00e9n se incluye un ciudadano chileno\u201d, coment\u00f3 el comisario Carlos Ar\u00e1nguez, jefe de la Secci\u00f3n de Migraciones y Polic\u00eda Internacional Ays\u00e9n.<\/p>\n<p style=\"text-align: justify;\">Entre las infracciones cursadas se encuentran las de ingreso a Chile por pasos no habilitados, exceder el plazo de turismo en chile (90 d\u00edas) y, por \u00faltimo, trabajar sin el visado correspondiente en el caso del extranjero u otorgar empleo a extranjeros que no cuentan con los permisos para aquello (empleadores chilenos). Respecto a esto \u00faltimo, tanto connacionales y extranjeros infractores de la norma migratoria arriesgan una multa monetaria la que parte en 1 a 5 UTM para el migrante y desde 1 a 20 UTM para empleadores chilenos.<\/p>\n<p style=\"text-align: justify;\">No obstante, en el caso de los ciudadanos que ingresen al pa\u00eds por pasos fronterizos no habilitados, arriesgan la expulsi\u00f3n del territorio nacional si as\u00ed lo determina la autoridad administrativa.<\/p>\n<p style=\"text-align: justify;\">Cabe hacer presente que, dentro de las funciones principales de la PDI, adem\u00e1s de la investigaci\u00f3n de los delitos, se encuentra el control migratorio, siendo la responsable de controlar el 99% de las personas que ingresan o abandonan el territorio nacional. Sin embargo, tambi\u00e9n tienen que preocuparse del control de ciudadanos extranjeros que se encuentran residiendo en el pa\u00eds, esa es la raz\u00f3n de estas fiscalizaciones, que en esta oportunidad lleg\u00f3 a territorio insular. \u201cse trata de tener toda la cobertura completa de todos los territorios que tenemos en nuestra regi\u00f3n\u201d, finaliz\u00f3 el comisario Ar\u00e1nguez.<\/p>\n<\/div><\/section><\/div><div  style='height:50px' class='hr hr-invisible   avia-builder-el-6  el_after_av_one_full  el_before_av_social_share '><span class='hr-inner ' ><span class='hr-inner-style'><\/span><\/span><\/div><\/p>\n<div  class='av-social-sharing-box  avia-builder-el-7  el_after_av_hr  el_before_av_hr  '><div class='av-share-box'><h5 class='av-share-link-description av-no-toc '>Compartir esta noticia<\/h5><ul class='av-share-box-list noLightbox'><li class='av-share-link av-social-link-facebook' ><a target=\"_blank\" aria-label=\"Compartir en Facebook\" href='https:\/\/www.facebook.com\/sharer.php?u=https:\/\/radiorevelacionfm.cl\/?p=54375&#038;t=Un%20total%20de%2026%20extranjeros%20denunciados%20dej%C3%B3%20operativo%20migratorio%20en%20Puerto%20Ays%C3%A9n%20y%20Melinka' aria-hidden='false' data-av_icon='\ue8f3' data-av_iconfont='entypo-fontello' title='' data-avia-related-tooltip='Compartir en Facebook' rel=\"noopener\"><span class='avia_hidden_link_text'>Compartir en Facebook<\/span><\/a><\/li><li class='av-share-link av-social-link-twitter' ><a target=\"_blank\" aria-label=\"Compartir en Twitter\" href='https:\/\/twitter.com\/share?text=Un%20total%20de%2026%20extranjeros%20denunciados%20dej%C3%B3%20operativo%20migratorio%20en%20Puerto%20Ays%C3%A9n%20y%20Melinka&#038;url=https:\/\/radiorevelacionfm.cl\/?p=54375' aria-hidden='false' data-av_icon='\ue8f1' data-av_iconfont='entypo-fontello' title='' data-avia-related-tooltip='Compartir en Twitter' rel=\"noopener\"><span class='avia_hidden_link_text'>Compartir en Twitter<\/span><\/a><\/li><li class='av-share-link av-social-link-whatsapp' ><a target=\"_blank\" aria-label=\"Compartir en Whatsapp\" href='https:\/\/api.whatsapp.com\/send?text=https:\/\/radiorevelacionfm.cl\/?p=54375' aria-hidden='false' data-av_icon='\uf232' data-av_iconfont='entypo-fontello' title='' data-avia-related-tooltip='Compartir en Whatsapp' rel=\"noopener\"><span class='avia_hidden_link_text'>Compartir en Whatsapp<\/span><\/a><\/li><li class='av-share-link av-social-link-linkedin' ><a target=\"_blank\" aria-label=\"Compartir en LinkedIn\" href='https:\/\/linkedin.com\/shareArticle?mini=true&#038;title=Un%20total%20de%2026%20extranjeros%20denunciados%20dej%C3%B3%20operativo%20migratorio%20en%20Puerto%20Ays%C3%A9n%20y%20Melinka&#038;url=https:\/\/radiorevelacionfm.cl\/?p=54375' aria-hidden='false' data-av_icon='\ue8fc' data-av_iconfont='entypo-fontello' title='' data-avia-related-tooltip='Compartir en LinkedIn' rel=\"noopener\"><span class='avia_hidden_link_text'>Compartir en LinkedIn<\/span><\/a><\/li><li class='av-share-link av-social-link-mail' ><a  aria-label=\"Compartir por correo\" href='mailto:?subject=Un%20total%20de%2026%20extranjeros%20denunciados%20dej%C3%B3%20operativo%20migratorio%20en%20Puerto%20Ays%C3%A9n%20y%20Melinka&#038;body=https:\/\/radiorevelacionfm.cl\/?p=54375' aria-hidden='false' data-av_icon='\ue805' data-av_iconfont='entypo-fontello' title='' data-avia-related-tooltip='Compartir por correo'><span class='avia_hidden_link_text'>Compartir por correo<\/span><\/a><\/li><\/ul><\/div><\/div>\n<div  style='height:50px' class='hr hr-invisible   avia-builder-el-8  el_after_av_social_share  el_before_av_comments_list '><span class='hr-inner ' ><span class='hr-inner-style'><\/span><\/span><\/div>\n<div  class='av-buildercomment  av-blog-meta-html-info-disabled av-blog-meta-tag-disabled  '><\/div>\n","protected":false},"excerpt":{"rendered":"","protected":false},"author":1,"featured_media":54376,"comment_status":"closed","ping_status":"closed","sticky":false,"template":"","format":"standard","meta":{"footnotes":""},"categories":[36],"tags":[],"class_list":["post-54375","post","type-post","status-publish","format-standard","has-post-thumbnail","hentry","category-policial"],"jetpack_featured_media_url":"https:\/\/radiorevelacionfm.cl\/wp-content\/uploads\/2025\/05\/PDI-operativo-1.jpg","_links":{"self":[{"href":"https:\/\/radiorevelacionfm.cl\/index.php?rest_route=\/wp\/v2\/posts\/54375","targetHints":{"allow":["GET"]}}],"collection":[{"href":"https:\/\/radiorevelacionfm.cl\/index.php?rest_route=\/wp\/v2\/posts"}],"about":[{"href":"https:\/\/radiorevelacionfm.cl\/index.php?rest_route=\/wp\/v2\/types\/post"}],"author":[{"embeddable":true,"href":"https:\/\/radiorevelacionfm.cl\/index.php?rest_route=\/wp\/v2\/users\/1"}],"replies":[{"embeddable":true,"href":"https:\/\/radiorevelacionfm.cl\/index.php?rest_route=%2Fwp%2Fv2%2Fcomments&post=54375"}],"version-history":[{"count":2,"href":"https:\/\/radiorevelacionfm.cl\/index.php?rest_route=\/wp\/v2\/posts\/54375\/revisions"}],"predecessor-version":[{"id":54378,"href":"https:\/\/radiorevelacionfm.cl\/index.php?rest_route=\/wp\/v2\/posts\/54375\/revisions\/54378"}],"wp:featuredmedia":[{"embeddable":true,"href":"https:\/\/radiorevelacionfm.cl\/index.php?rest_route=\/wp\/v2\/media\/54376"}],"wp:attachment":[{"href":"https:\/\/radiorevelacionfm.cl\/index.php?rest_route=%2Fwp%2Fv2%2Fmedia&parent=54375"}],"wp:term":[{"taxonomy":"category","embeddable":true,"href":"https:\/\/radiorevelacionfm.cl\/index.php?rest_route=%2Fwp%2Fv2%2Fcategories&post=54375"},{"taxonomy":"post_tag","embeddable":true,"href":"https:\/\/radiorevelacionfm.cl\/index.php?rest_route=%2Fwp%2Fv2%2Ftags&post=54375"}],"curies":[{"name":"wp","href":"https:\/\/api.w.org\/{rel}","templated":true}]}}