{"id":5436,"date":"2021-06-18T17:47:30","date_gmt":"2021-06-18T20:47:30","guid":{"rendered":"https:\/\/radiorevelacionfm.cl\/?p=5436"},"modified":"2021-06-18T17:47:30","modified_gmt":"2021-06-18T20:47:30","slug":"diez-organizaciones-de-la-comuna-de-chile-chico-se-adjudican-fondecom-2021","status":"publish","type":"post","link":"https:\/\/radiorevelacionfm.cl\/?p=5436","title":{"rendered":"Diez organizaciones de la comuna de Chile Chico se adjudican Fondecom 2021"},"content":{"rendered":"<div class=\"flex_column av_one_full  flex_column_div av-zero-column-padding first  avia-builder-el-0  el_before_av_one_full  avia-builder-el-first  \" style='border-radius:0px; '><div  class='avia-image-container  av-styling-    avia-builder-el-1  avia-builder-el-no-sibling  avia-align-center '  itemprop=\"image\" itemscope=\"itemscope\" itemtype=\"https:\/\/schema.org\/ImageObject\"  ><div class='avia-image-container-inner'><div class='avia-image-overlay-wrap'><img decoding=\"async\" class='wp-image-0 avia-img-lazy-loading-not-0 avia_image' src=\"https:\/\/radiorevelacionfm.cl\/wp-content\/uploads\/2021\/06\/TRASPASO-FONDECOM-2-1-1.jpg\" alt='' title=''   itemprop=\"thumbnailUrl\"  \/><\/div><\/div><\/div><\/div><div class=\"flex_column av_one_full  flex_column_div av-zero-column-padding first  avia-builder-el-2  el_after_av_one_full  el_before_av_one_full  column-top-margin\" style='border-radius:0px; '><section class=\"av_textblock_section \"  itemscope=\"itemscope\" itemtype=\"https:\/\/schema.org\/BlogPosting\" itemprop=\"blogPost\" ><div class='avia_textblock  '   itemprop=\"text\" ><p style=\"text-align: center;\"><strong><span style=\"font-size: 18pt;\">Diez organizaciones de la comuna de Chile Chico se adjudican Fondecom 2021<\/span><\/strong><\/p>\n<div id=\"gtx-trans\" style=\"position: absolute; left: -50px; top: 4.31534px;\">\n<div class=\"gtx-trans-icon\"><\/div>\n<\/div>\n<\/div><\/section><\/div><div class=\"flex_column av_one_full  flex_column_div av-zero-column-padding first  avia-builder-el-4  el_after_av_one_full  el_before_av_hr  column-top-margin\" style='border-radius:0px; '><section class=\"av_textblock_section \"  itemscope=\"itemscope\" itemtype=\"https:\/\/schema.org\/BlogPosting\" itemprop=\"blogPost\" ><div class='avia_textblock  '   itemprop=\"text\" ><p style=\"text-align: justify;\">En la \u00faltima sesi\u00f3n del Concejo Municipal de Chile Chico, el Alcalde Ricardo Ibarra, los Concejales Erwin \u00c1guila, Teresa Aguilar, Velides Urrutia y Nelly Sep\u00falveda, aprobaron el traspaso de recursos a 10 organizaciones sociales de la comuna que resultaron beneficiadas con el Fondecom 2021.<\/p>\n<p style=\"text-align: justify;\">Estos son recursos municipales que permiten realizar por ejemplo, arreglos menores en las sedes comunitarias, realizar talleres, capacitaciones, charlas, llevar a cabo actividades con los ni\u00f1os, j\u00f3venes, eventos culturales, folcl\u00f3ricos, educativos, deportivos, entre otros.<\/p>\n<p style=\"text-align: justify;\">La m\u00e1xima autoridad de la comuna, Ricardo Ibarra, enfatiz\u00f3 en la importancia de entregar este apoyo a las organizaciones, que viene tambi\u00e9n a reconocer el trabajo de las y los dirigentes que buscan d\u00eda a d\u00eda el bienestar de su gente.<\/p>\n<p style=\"text-align: justify;\">\u201cEsto es muy bueno porque es un apoyo real y concreto principalmente a los dirigentes que trabajan a\u00f1o a a\u00f1o con sus organizaciones dedicando parte del tiempo de su familia, de su trabajo y muchos veces meti\u00e9ndose la mano al bolsillo para colaborar y sacar adelante las actividades. El Municipio a trav\u00e9s del Fondecom entrega estas subvenciones todos los a\u00f1os, en el \u00faltimo periodo nosotros las hemos aumentado en cuanto a montos y tambi\u00e9n en las posibilidades para acceder a este beneficio. Hoy fueron aprobadas mayoritariamente por el Concejo, dos Concejales votaron en contra, los Concejales Juan Mej\u00edas e Iv\u00e1n Henr\u00edquez rechazaron el traspaso de fondos,\u00a0pero el resto del equipo vot\u00f3 a favor para entregar esta ayuda principalmente a las organizaciones del interior de la comuna, que masivamente se adjudicaron los proyectos\u201d.<\/p>\n<p style=\"text-align: justify;\">Satisfecha se mostr\u00f3 la Concejala Velides Urrutia, ya en estos cuatro entreg\u00f3 todo su apoyo a las distintas organizaciones de la comuna y en esta \u00faltima sesi\u00f3n del Concejo Municipal no iba a ser la excepci\u00f3n, enfatiz\u00f3.<\/p>\n<p style=\"text-align: justify;\">\u201cSatisfecha por los cuatro a\u00f1os que trabaj\u00e9, siempre mirando a las organizaciones sociales y apoyando las iniciativas en beneficio de ellas y hasta \u00faltimo momento. Ahora, aprobamos la transferencia de recursos del Fondecom, orgullosa de haberlo votado positivamente, porque se de los esfuerzos que hacen las organizaciones para formarse, para trabajar\u201d.<\/p>\n<p style=\"text-align: justify;\">De igual forma, la Concejala Teresa Aguilar, dio a conocer su alegr\u00eda y compromiso con las organizaciones sociales de la comuna de Chile Chico, luego de aprobar la \u00faltima etapa del Fondecom 2021.<\/p>\n<p style=\"text-align: justify;\">\u201cContenta porque son organizaciones muchas de ellas que reci\u00e9n est\u00e1n empezando y aunque no sea una gran monto, igual les sirve para lo que ellos quieren o sue\u00f1an tener. Yo s\u00e9 que esto es un bien para nuestra comuna, nuestras localidades del interior que siempre estuvieron abandonadas, en el olvido y ahora durante estos cuatro a\u00f1os se hicieron muchas cosas por cada uno de los sectores\u201d.<\/p>\n<p style=\"text-align: justify;\">Son m\u00e1s de 6 millones de pesos, que permitir\u00e1n ejecutar 10 proyectos presentados por las organizaciones sociales en base a sus necesidades al Fondecom 2021, de la Ilustre Municipalidad de Chile Chico.<\/p>\n<\/div><\/section><\/div><div  style='height:50px' class='hr hr-invisible   avia-builder-el-6  el_after_av_one_full  el_before_av_social_share '><span class='hr-inner ' ><span class='hr-inner-style'><\/span><\/span><\/div><\/p>\n<div  class='av-social-sharing-box  avia-builder-el-7  el_after_av_hr  el_before_av_hr  '><div class='av-share-box'><h5 class='av-share-link-description av-no-toc '>Compartir esta noticia<\/h5><ul class='av-share-box-list noLightbox'><li class='av-share-link av-social-link-facebook' ><a target=\"_blank\" aria-label=\"Compartir en Facebook\" href='https:\/\/www.facebook.com\/sharer.php?u=https:\/\/radiorevelacionfm.cl\/?p=5436&#038;t=Diez%20organizaciones%20de%20la%20comuna%20de%20Chile%20Chico%20se%20adjudican%20Fondecom%202021' aria-hidden='false' data-av_icon='\ue8f3' data-av_iconfont='entypo-fontello' title='' data-avia-related-tooltip='Compartir en Facebook' rel=\"noopener\"><span class='avia_hidden_link_text'>Compartir en Facebook<\/span><\/a><\/li><li class='av-share-link av-social-link-twitter' ><a target=\"_blank\" aria-label=\"Compartir en Twitter\" href='https:\/\/twitter.com\/share?text=Diez%20organizaciones%20de%20la%20comuna%20de%20Chile%20Chico%20se%20adjudican%20Fondecom%202021&#038;url=https:\/\/radiorevelacionfm.cl\/?p=5436' aria-hidden='false' data-av_icon='\ue8f1' data-av_iconfont='entypo-fontello' title='' data-avia-related-tooltip='Compartir en Twitter' rel=\"noopener\"><span class='avia_hidden_link_text'>Compartir en Twitter<\/span><\/a><\/li><li class='av-share-link av-social-link-whatsapp' ><a target=\"_blank\" aria-label=\"Compartir en Whatsapp\" href='https:\/\/api.whatsapp.com\/send?text=https:\/\/radiorevelacionfm.cl\/?p=5436' aria-hidden='false' data-av_icon='\uf232' data-av_iconfont='entypo-fontello' title='' data-avia-related-tooltip='Compartir en Whatsapp' rel=\"noopener\"><span class='avia_hidden_link_text'>Compartir en Whatsapp<\/span><\/a><\/li><li class='av-share-link av-social-link-linkedin' ><a target=\"_blank\" aria-label=\"Compartir en LinkedIn\" href='https:\/\/linkedin.com\/shareArticle?mini=true&#038;title=Diez%20organizaciones%20de%20la%20comuna%20de%20Chile%20Chico%20se%20adjudican%20Fondecom%202021&#038;url=https:\/\/radiorevelacionfm.cl\/?p=5436' aria-hidden='false' data-av_icon='\ue8fc' data-av_iconfont='entypo-fontello' title='' data-avia-related-tooltip='Compartir en LinkedIn' rel=\"noopener\"><span class='avia_hidden_link_text'>Compartir en LinkedIn<\/span><\/a><\/li><li class='av-share-link av-social-link-mail' ><a  aria-label=\"Compartir por correo\" href='mailto:?subject=Diez%20organizaciones%20de%20la%20comuna%20de%20Chile%20Chico%20se%20adjudican%20Fondecom%202021&#038;body=https:\/\/radiorevelacionfm.cl\/?p=5436' aria-hidden='false' data-av_icon='\ue805' data-av_iconfont='entypo-fontello' title='' data-avia-related-tooltip='Compartir por correo'><span class='avia_hidden_link_text'>Compartir por correo<\/span><\/a><\/li><\/ul><\/div><\/div>\n<div  style='height:50px' class='hr hr-invisible   avia-builder-el-8  el_after_av_social_share  el_before_av_comments_list '><span class='hr-inner ' ><span class='hr-inner-style'><\/span><\/span><\/div>\n<div  class='av-buildercomment  av-blog-meta-html-info-disabled av-blog-meta-tag-disabled  '><\/div>\n","protected":false},"excerpt":{"rendered":"","protected":false},"author":1,"featured_media":0,"comment_status":"open","ping_status":"open","sticky":false,"template":"","format":"standard","meta":{"footnotes":""},"categories":[38],"tags":[],"class_list":["post-5436","post","type-post","status-publish","format-standard","hentry","category-regional"],"jetpack_featured_media_url":"","_links":{"self":[{"href":"https:\/\/radiorevelacionfm.cl\/index.php?rest_route=\/wp\/v2\/posts\/5436","targetHints":{"allow":["GET"]}}],"collection":[{"href":"https:\/\/radiorevelacionfm.cl\/index.php?rest_route=\/wp\/v2\/posts"}],"about":[{"href":"https:\/\/radiorevelacionfm.cl\/index.php?rest_route=\/wp\/v2\/types\/post"}],"author":[{"embeddable":true,"href":"https:\/\/radiorevelacionfm.cl\/index.php?rest_route=\/wp\/v2\/users\/1"}],"replies":[{"embeddable":true,"href":"https:\/\/radiorevelacionfm.cl\/index.php?rest_route=%2Fwp%2Fv2%2Fcomments&post=5436"}],"version-history":[{"count":1,"href":"https:\/\/radiorevelacionfm.cl\/index.php?rest_route=\/wp\/v2\/posts\/5436\/revisions"}],"predecessor-version":[{"id":5438,"href":"https:\/\/radiorevelacionfm.cl\/index.php?rest_route=\/wp\/v2\/posts\/5436\/revisions\/5438"}],"wp:attachment":[{"href":"https:\/\/radiorevelacionfm.cl\/index.php?rest_route=%2Fwp%2Fv2%2Fmedia&parent=5436"}],"wp:term":[{"taxonomy":"category","embeddable":true,"href":"https:\/\/radiorevelacionfm.cl\/index.php?rest_route=%2Fwp%2Fv2%2Fcategories&post=5436"},{"taxonomy":"post_tag","embeddable":true,"href":"https:\/\/radiorevelacionfm.cl\/index.php?rest_route=%2Fwp%2Fv2%2Ftags&post=5436"}],"curies":[{"name":"wp","href":"https:\/\/api.w.org\/{rel}","templated":true}]}}