{"id":54353,"date":"2025-05-23T21:26:21","date_gmt":"2025-05-24T00:26:21","guid":{"rendered":"https:\/\/radiorevelacionfm.cl\/?p=54353"},"modified":"2025-05-23T21:56:46","modified_gmt":"2025-05-24T00:56:46","slug":"mas-de-400-funcionarios-publicos-de-la-region-de-aysen-habrian-viajado-al-extranjero-haciendo-uso-de-licencia-medica","status":"publish","type":"post","link":"https:\/\/radiorevelacionfm.cl\/?p=54353","title":{"rendered":"M\u00e1s de 430 funcionarios p\u00fablicos de la regi\u00f3n de Ays\u00e9n habr\u00edan viajado al extranjero haciendo uso de licencia m\u00e9dica"},"content":{"rendered":"<div class=\"flex_column av_one_full  flex_column_div av-zero-column-padding first  avia-builder-el-0  el_before_av_one_full  avia-builder-el-first  \" style='border-radius:0px; '><div  class='avia-image-container  av-styling-    avia-builder-el-1  avia-builder-el-no-sibling  avia-align-center '  itemprop=\"image\" itemscope=\"itemscope\" itemtype=\"https:\/\/schema.org\/ImageObject\"  ><div class='avia-image-container-inner'><div class='avia-image-overlay-wrap'><img decoding=\"async\" class='wp-image-54354 avia-img-lazy-loading-not-54354 avia_image' src=\"https:\/\/radiorevelacionfm.cl\/wp-content\/uploads\/2025\/05\/Licencia-Medica-generica-1-1.jpg\" alt='' title='Licencia Medica-generica (1) (1)' height=\"600\" width=\"1067\"  itemprop=\"thumbnailUrl\" srcset=\"https:\/\/radiorevelacionfm.cl\/wp-content\/uploads\/2025\/05\/Licencia-Medica-generica-1-1.jpg 1067w, https:\/\/radiorevelacionfm.cl\/wp-content\/uploads\/2025\/05\/Licencia-Medica-generica-1-1-300x169.jpg 300w, https:\/\/radiorevelacionfm.cl\/wp-content\/uploads\/2025\/05\/Licencia-Medica-generica-1-1-1030x579.jpg 1030w, https:\/\/radiorevelacionfm.cl\/wp-content\/uploads\/2025\/05\/Licencia-Medica-generica-1-1-768x432.jpg 768w, https:\/\/radiorevelacionfm.cl\/wp-content\/uploads\/2025\/05\/Licencia-Medica-generica-1-1-705x396.jpg 705w, https:\/\/radiorevelacionfm.cl\/wp-content\/uploads\/2025\/05\/Licencia-Medica-generica-1-1-450x253.jpg 450w, https:\/\/radiorevelacionfm.cl\/wp-content\/uploads\/2025\/05\/Licencia-Medica-generica-1-1-600x337.jpg 600w\" sizes=\"(max-width: 1067px) 100vw, 1067px\" \/><\/div><\/div><\/div><\/div>\n<div class=\"flex_column av_one_full  flex_column_div av-zero-column-padding first  avia-builder-el-2  el_after_av_one_full  el_before_av_one_full  column-top-margin\" style='border-radius:0px; '><section class=\"av_textblock_section \"  itemscope=\"itemscope\" itemtype=\"https:\/\/schema.org\/BlogPosting\" itemprop=\"blogPost\" ><div class='avia_textblock  '   itemprop=\"text\" ><p style=\"text-align: center;\"><strong><span style=\"font-size: 18pt;\">M\u00e1s de 430 funcionarios p\u00fablicos de la regi\u00f3n de Ays\u00e9n habr\u00edan viajado al extranjero haciendo uso de licencia m\u00e9dica<\/span><\/strong><\/p>\n<div id=\"gtx-trans\" style=\"position: absolute; left: -50px; top: 4.31534px;\">\n<div class=\"gtx-trans-icon\"><\/div>\n<\/div>\n<\/div><\/section><\/div>\n<div class=\"flex_column av_one_full  flex_column_div av-zero-column-padding first  avia-builder-el-4  el_after_av_one_full  el_before_av_hr  column-top-margin\" style='border-radius:0px; '><section class=\"av_textblock_section \"  itemscope=\"itemscope\" itemtype=\"https:\/\/schema.org\/BlogPosting\" itemprop=\"blogPost\" ><div class='avia_textblock  '   itemprop=\"text\" ><p style=\"text-align: justify;\">Tras conocerse el informe de Contralor\u00eda General de la Rep\u00fablica, y de acuerdo con el\u00a0<a href=\"https:\/\/www.contraloria.cl\/documents\/451102\/23218267\/CIC+Licencias+Medicas\/cf66912c-9a02-5466-bf65-997bf19cdb50\" target=\"_blank\" rel=\"noopener\">noveno Consolidado de Informaci\u00f3n Circularizada (CIC)<\/a>, entre 2023 y 2024, 25.078 funcionarios p\u00fablicos o de entidades que cumplen esa funci\u00f3n a nivel nacional habr\u00edan incumplido el periodo de reposo indicado en su licencia m\u00e9dica, por haber viajado fuera del pa\u00eds durante ese mismo lapso o parte de \u00e9l.<\/p>\n<p style=\"text-align: justify;\">De las cuales un 69% corresponden a permisos entregados por Fonasa y un 31% por las distintas Isapres.<\/p>\n<p style=\"text-align: justify;\">El informe de la CGR indica que seg\u00fan los datos entregados por la Polic\u00eda de Investigaciones de Chile (PDI), los titulares de esas 35.585 licencias habr\u00edan entrado o salido del pa\u00eds en 59.575 oportunidades durante el respectivo permiso de reposo.<\/p>\n<p style=\"text-align: justify;\">Otros datos del an\u00e1lisis de la Contralor\u00eda revelan que, tanto en 2023 como en 2024, las salidas y\/o entradas al pa\u00eds se concentraron principalmente entre septiembre y diciembre. Y, que 125 funcionarios o servidores p\u00fablicos registran entre 16 y 30 entradas\/salidas del pa\u00eds mientras cursaban licencia m\u00e9dica. Sin embargo 13 servicios\u00a0 concentran el 25% de los 35.585 permisos m\u00e9dicos emitidos. Entre las entidades que m\u00e1s licencias emitieron est\u00e1n: Junta Nacional de Jardines Infantiles (JUNJI), con 2.280 licencias, Fundaci\u00f3n Integra con 1.934; y la Municipalidad de Arica, con 719.<\/p>\n<p style=\"text-align: justify;\">Por otro lado, las regiones que registran mayores entradas\/salidas de funcionarios que interrumpieron el periodo de reposo de la licencia m\u00e9dica son la Regi\u00f3n Metropolitana con 26.032 registros (43,7%), Arica y Parinacota 10.043 (16,9%) y Magallanes 5.980 (10,0%).<\/p>\n<p style=\"text-align: justify;\">En el caso de la Regi\u00f3n de Ays\u00e9n, el mayor n\u00famero de casos se registra en Municipalidad de Chile Chico con 123, seguido por el Servicio Local de Educaci\u00f3n P\u00fablica SLEP con 104 y la Municipalidad de Coyhaique con 95 casos.<\/p>\n<p style=\"text-align: justify;\">Conoce el detalle (no se incluyen funcionarios p\u00fablicos de servicios o ministerios nacionales):<\/p>\n<div class=\"jnews_inline_related_post_wrapper right half\" style=\"text-align: justify;\">\n<div class=\"jnews_inline_related_post\"><\/div>\n<\/div>\n<p>1.- Municipalidad de Chile Chico\u00a0 123<\/p>\n<p>2.- Servicio Local de Educaci\u00f3n P\u00fablica Ays\u00e9n\u00a0 104<\/p>\n<p>3.- Municipalidad de Coyhaique\u00a0 95<\/p>\n<p>4.- Municipalidad Ays\u00e9n\u00a0 39<\/p>\n<p>5.- Municipalidad de Cisnes\u00a0 18<\/p>\n<p>6.- Municipalidad de R\u00edo Ib\u00e1\u00f1ez\u00a0 \u00a012<\/p>\n<p>7.- Gobierno Regional de Ays\u00e9n\u00a0 12<\/p>\n<p>8.- Municipalidad de Lago Verde\u00a0 10<\/p>\n<p>9.- Direcci\u00f3n Servicio Salud Ays\u00e9n\u00a0 10<\/p>\n<p>10.- Municipalidad de O\u2019Higgins\u00a0 3<\/p>\n<p>11.- Municipalidad de Guaitecas\u00a0 3<\/p>\n<p>12.- Corporaci\u00f3n Municipal de Deportes y Recreaci\u00f3n de Coyhaique\u00a0 2<\/p>\n<p>13.- Municipalidad de Tortel\u00a0 1<\/p>\n<p style=\"text-align: justify;\">A los sumarios masivos que ya fueron anunciados, ahora se suma una situaci\u00f3n a\u00fan m\u00e1s compleja: el Ministerio P\u00fablico, dirigido por\u00a0el fiscal nacional \u00c1ngel Valencia,\u00a0decidi\u00f3\u00a0abrir de oficio una investigaci\u00f3n penal para determinar la responsabilidad de estos funcionarios en delitos de fraude al fisco y, en el caso de los m\u00e9dicos, la eventual emisi\u00f3n de permisos m\u00e9dicos falsos.<\/p>\n<p style=\"text-align: justify;\">Los delitos que se investigar\u00e1n, seg\u00fan el caso, ser\u00e1n de uso malicioso de instrumento p\u00fablico, hasta fraude al fisco. Esto \u00faltimo,\u00a0ya que quienes se fueron de vacaciones haciendo uso de licencias m\u00e9dicas afectaron el erario fiscal, en aquellos caso en que su prestador de salud es Fonasa.<\/p>\n<\/div><\/section><\/div><div  style='height:50px' class='hr hr-invisible   avia-builder-el-6  el_after_av_one_full  el_before_av_social_share '><span class='hr-inner ' ><span class='hr-inner-style'><\/span><\/span><\/div><\/p>\n<div  class='av-social-sharing-box  avia-builder-el-7  el_after_av_hr  el_before_av_hr  '><div class='av-share-box'><h5 class='av-share-link-description av-no-toc '>Compartir esta noticia<\/h5><ul class='av-share-box-list noLightbox'><li class='av-share-link av-social-link-facebook' ><a target=\"_blank\" aria-label=\"Compartir en Facebook\" href='https:\/\/www.facebook.com\/sharer.php?u=https:\/\/radiorevelacionfm.cl\/?p=54353&#038;t=M%C3%A1s%20de%20430%20funcionarios%20p%C3%BAblicos%20de%20la%20regi%C3%B3n%20de%20Ays%C3%A9n%20habr%C3%ADan%20viajado%20al%20extranjero%20haciendo%20uso%20de%20licencia%20m%C3%A9dica' aria-hidden='false' data-av_icon='\ue8f3' data-av_iconfont='entypo-fontello' title='' data-avia-related-tooltip='Compartir en Facebook' rel=\"noopener\"><span class='avia_hidden_link_text'>Compartir en Facebook<\/span><\/a><\/li><li class='av-share-link av-social-link-twitter' ><a target=\"_blank\" aria-label=\"Compartir en Twitter\" href='https:\/\/twitter.com\/share?text=M%C3%A1s%20de%20430%20funcionarios%20p%C3%BAblicos%20de%20la%20regi%C3%B3n%20de%20Ays%C3%A9n%20habr%C3%ADan%20viajado%20al%20extranjero%20haciendo%20uso%20de%20licencia%20m%C3%A9dica&#038;url=https:\/\/radiorevelacionfm.cl\/?p=54353' aria-hidden='false' data-av_icon='\ue8f1' data-av_iconfont='entypo-fontello' title='' data-avia-related-tooltip='Compartir en Twitter' rel=\"noopener\"><span class='avia_hidden_link_text'>Compartir en Twitter<\/span><\/a><\/li><li class='av-share-link av-social-link-whatsapp' ><a target=\"_blank\" aria-label=\"Compartir en Whatsapp\" href='https:\/\/api.whatsapp.com\/send?text=https:\/\/radiorevelacionfm.cl\/?p=54353' aria-hidden='false' data-av_icon='\uf232' data-av_iconfont='entypo-fontello' title='' data-avia-related-tooltip='Compartir en Whatsapp' rel=\"noopener\"><span class='avia_hidden_link_text'>Compartir en Whatsapp<\/span><\/a><\/li><li class='av-share-link av-social-link-linkedin' ><a target=\"_blank\" aria-label=\"Compartir en LinkedIn\" href='https:\/\/linkedin.com\/shareArticle?mini=true&#038;title=M%C3%A1s%20de%20430%20funcionarios%20p%C3%BAblicos%20de%20la%20regi%C3%B3n%20de%20Ays%C3%A9n%20habr%C3%ADan%20viajado%20al%20extranjero%20haciendo%20uso%20de%20licencia%20m%C3%A9dica&#038;url=https:\/\/radiorevelacionfm.cl\/?p=54353' aria-hidden='false' data-av_icon='\ue8fc' data-av_iconfont='entypo-fontello' title='' data-avia-related-tooltip='Compartir en LinkedIn' rel=\"noopener\"><span class='avia_hidden_link_text'>Compartir en LinkedIn<\/span><\/a><\/li><li class='av-share-link av-social-link-mail' ><a  aria-label=\"Compartir por correo\" href='mailto:?subject=M%C3%A1s%20de%20430%20funcionarios%20p%C3%BAblicos%20de%20la%20regi%C3%B3n%20de%20Ays%C3%A9n%20habr%C3%ADan%20viajado%20al%20extranjero%20haciendo%20uso%20de%20licencia%20m%C3%A9dica&#038;body=https:\/\/radiorevelacionfm.cl\/?p=54353' aria-hidden='false' data-av_icon='\ue805' data-av_iconfont='entypo-fontello' title='' data-avia-related-tooltip='Compartir por correo'><span class='avia_hidden_link_text'>Compartir por correo<\/span><\/a><\/li><\/ul><\/div><\/div>\n<div  style='height:50px' class='hr hr-invisible   avia-builder-el-8  el_after_av_social_share  el_before_av_comments_list '><span class='hr-inner ' ><span class='hr-inner-style'><\/span><\/span><\/div>\n<div  class='av-buildercomment  av-blog-meta-html-info-disabled av-blog-meta-tag-disabled  '><\/div>\n","protected":false},"excerpt":{"rendered":"","protected":false},"author":1,"featured_media":54354,"comment_status":"closed","ping_status":"closed","sticky":false,"template":"","format":"standard","meta":{"footnotes":""},"categories":[38],"tags":[],"class_list":["post-54353","post","type-post","status-publish","format-standard","has-post-thumbnail","hentry","category-regional"],"jetpack_featured_media_url":"https:\/\/radiorevelacionfm.cl\/wp-content\/uploads\/2025\/05\/Licencia-Medica-generica-1-1.jpg","_links":{"self":[{"href":"https:\/\/radiorevelacionfm.cl\/index.php?rest_route=\/wp\/v2\/posts\/54353","targetHints":{"allow":["GET"]}}],"collection":[{"href":"https:\/\/radiorevelacionfm.cl\/index.php?rest_route=\/wp\/v2\/posts"}],"about":[{"href":"https:\/\/radiorevelacionfm.cl\/index.php?rest_route=\/wp\/v2\/types\/post"}],"author":[{"embeddable":true,"href":"https:\/\/radiorevelacionfm.cl\/index.php?rest_route=\/wp\/v2\/users\/1"}],"replies":[{"embeddable":true,"href":"https:\/\/radiorevelacionfm.cl\/index.php?rest_route=%2Fwp%2Fv2%2Fcomments&post=54353"}],"version-history":[{"count":5,"href":"https:\/\/radiorevelacionfm.cl\/index.php?rest_route=\/wp\/v2\/posts\/54353\/revisions"}],"predecessor-version":[{"id":54360,"href":"https:\/\/radiorevelacionfm.cl\/index.php?rest_route=\/wp\/v2\/posts\/54353\/revisions\/54360"}],"wp:featuredmedia":[{"embeddable":true,"href":"https:\/\/radiorevelacionfm.cl\/index.php?rest_route=\/wp\/v2\/media\/54354"}],"wp:attachment":[{"href":"https:\/\/radiorevelacionfm.cl\/index.php?rest_route=%2Fwp%2Fv2%2Fmedia&parent=54353"}],"wp:term":[{"taxonomy":"category","embeddable":true,"href":"https:\/\/radiorevelacionfm.cl\/index.php?rest_route=%2Fwp%2Fv2%2Fcategories&post=54353"},{"taxonomy":"post_tag","embeddable":true,"href":"https:\/\/radiorevelacionfm.cl\/index.php?rest_route=%2Fwp%2Fv2%2Ftags&post=54353"}],"curies":[{"name":"wp","href":"https:\/\/api.w.org\/{rel}","templated":true}]}}