{"id":54344,"date":"2025-05-24T12:50:20","date_gmt":"2025-05-24T15:50:20","guid":{"rendered":"https:\/\/radiorevelacionfm.cl\/?p=54344"},"modified":"2025-05-24T12:50:20","modified_gmt":"2025-05-24T15:50:20","slug":"emprendedores-y-feriantes-de-la-region-de-aysen-fueron-capacitados-por-equipo-de-la-defensoria-del-contribuyente","status":"publish","type":"post","link":"https:\/\/radiorevelacionfm.cl\/?p=54344","title":{"rendered":"Emprendedores y feriantes de la Regi\u00f3n de Ays\u00e9n fueron capacitados por equipo de la Defensor\u00eda del Contribuyente"},"content":{"rendered":"<div class=\"flex_column av_one_full  flex_column_div av-zero-column-padding first  avia-builder-el-0  el_before_av_one_full  avia-builder-el-first  \" style='border-radius:0px; '><div  class='avia-image-container  av-styling-    avia-builder-el-1  avia-builder-el-no-sibling  avia-align-center '  itemprop=\"image\" itemscope=\"itemscope\" itemtype=\"https:\/\/schema.org\/ImageObject\"  ><div class='avia-image-container-inner'><div class='avia-image-overlay-wrap'><img decoding=\"async\" class='wp-image-54345 avia-img-lazy-loading-not-54345 avia_image' src=\"https:\/\/radiorevelacionfm.cl\/wp-content\/uploads\/2025\/05\/1-2025-05-23T191050.757-1-1.jpg\" alt='' title='1 - 2025-05-23T191050.757 (1) (1)' height=\"600\" width=\"800\"  itemprop=\"thumbnailUrl\" srcset=\"https:\/\/radiorevelacionfm.cl\/wp-content\/uploads\/2025\/05\/1-2025-05-23T191050.757-1-1.jpg 800w, https:\/\/radiorevelacionfm.cl\/wp-content\/uploads\/2025\/05\/1-2025-05-23T191050.757-1-1-300x225.jpg 300w, https:\/\/radiorevelacionfm.cl\/wp-content\/uploads\/2025\/05\/1-2025-05-23T191050.757-1-1-768x576.jpg 768w, https:\/\/radiorevelacionfm.cl\/wp-content\/uploads\/2025\/05\/1-2025-05-23T191050.757-1-1-705x529.jpg 705w, https:\/\/radiorevelacionfm.cl\/wp-content\/uploads\/2025\/05\/1-2025-05-23T191050.757-1-1-450x338.jpg 450w, https:\/\/radiorevelacionfm.cl\/wp-content\/uploads\/2025\/05\/1-2025-05-23T191050.757-1-1-600x450.jpg 600w\" sizes=\"(max-width: 800px) 100vw, 800px\" \/><\/div><\/div><\/div><\/div><div class=\"flex_column av_one_full  flex_column_div av-zero-column-padding first  avia-builder-el-2  el_after_av_one_full  el_before_av_one_full  column-top-margin\" style='border-radius:0px; '><section class=\"av_textblock_section \"  itemscope=\"itemscope\" itemtype=\"https:\/\/schema.org\/BlogPosting\" itemprop=\"blogPost\" ><div class='avia_textblock  '   itemprop=\"text\" ><p style=\"text-align: center;\"><strong><span style=\"font-size: 18pt;\">Emprendedores y feriantes de la Regi\u00f3n de Ays\u00e9n fueron capacitados por equipo de la Defensor\u00eda del Contribuyente<\/span><\/strong><\/p>\n<div id=\"gtx-trans\" style=\"position: absolute; left: -50px; top: 4.31534px;\">\n<div class=\"gtx-trans-icon\"><\/div>\n<\/div>\n<\/div><\/section><\/div><div class=\"flex_column av_one_full  flex_column_div av-zero-column-padding first  avia-builder-el-4  el_after_av_one_full  el_before_av_hr  column-top-margin\" style='border-radius:0px; '><section class=\"av_textblock_section \"  itemscope=\"itemscope\" itemtype=\"https:\/\/schema.org\/BlogPosting\" itemprop=\"blogPost\" ><div class='avia_textblock  '   itemprop=\"text\" ><ul>\n<li style=\"text-align: justify;\"><em>Esta iniciativa estuvo coordinada por autoridades locales y regionales, y tuvo por objetivo entregar lineamientos, herramientas y conocimientos a emprendedores locales y representantes de ferias libres, sobre las nuevas modificaciones implementadas por la autoridad fiscal.<\/em><\/li>\n<\/ul>\n<p style=\"text-align: justify;\">Profesionales de la Defensor\u00eda del Contribuyente se trasladaron hasta la Regi\u00f3n de Ays\u00e9n para participar de actividades de capacitaci\u00f3n a emprendedores locales, sobre la Ley de Cumplimiento Tributario y la nueva normativa de ferias libres.<\/p>\n<p style=\"text-align: justify;\">Esta iniciativa estuvo coordinada por autoridades locales y regionales, y tuvo por objetivo entregar lineamientos, herramientas y conocimientos a emprendedores locales y representantes de ferias libres, sobre las nuevas modificaciones implementadas por la autoridad fiscal. Estas medidas buscan -entre otras cosas- promover la formalizaci\u00f3n ante el Servicio de Impuestos Internos (SII) de aquellos peque\u00f1os comerciantes que se mantienen ejerciendo de manera irregular, sin su iniciaci\u00f3n de actividades vigente.<\/p>\n<p style=\"text-align: justify;\">El equipo de la Defensor\u00eda del Contribuyente estuvo conformado por los profesionales Camila D\u00edaz y Cristian Amthauer, quienes estuvieron acompa\u00f1ados por autoridades y los equipos t\u00e9cnicos de Seremi de Econom\u00eda, Seremi de Miner\u00eda, Seremi de Energ\u00eda, Sercotec, Fosis, entre otros servicios.<\/p>\n<p style=\"text-align: justify;\">Durante las jornadas con emprendedores locales y representantes de la Feria V\u00edctor Domingo Silva, el equipo de la Defensor\u00eda pudo resolver dudas, responder preguntas y compartir los principales alcances que tienen la Ley de Cumplimiento Tributario y la nueva normativa de ferias libres.<\/p>\n<p style=\"text-align: justify;\">En la ocasi\u00f3n, tambi\u00e9n tuvieron la oportunidad de informar sobre los roles y atribuciones de la Defensor\u00eda del Contribuyente, la cual tiene un foco bien importante en la educaci\u00f3n tributaria y tambi\u00e9n en la defensa de los derechos tributarios de las personas y las pymes.<\/p>\n<p style=\"text-align: justify;\">La presencia del equipo de la Defensor\u00eda del Contribuyente fue bien evaluada por autoridades locales y equipos t\u00e9cnicos, y tambi\u00e9n por los emprendedores que pudieron participar de las charlas y jornadas de capacitaci\u00f3n.<\/p>\n<p style=\"text-align: justify;\">Ante cualquier duda o consulta que existan sobre tem\u00e1ticas tributarias, las personas pueden comunicarse a la p\u00e1gina web de la Defensor\u00eda <a href=\"http:\/\/www.dedecon.cl\">www.dedecon.cl<\/a><\/p>\n<\/div><\/section><\/div><div  style='height:50px' class='hr hr-invisible   avia-builder-el-6  el_after_av_one_full  el_before_av_social_share '><span class='hr-inner ' ><span class='hr-inner-style'><\/span><\/span><\/div><\/p>\n<div  class='av-social-sharing-box  avia-builder-el-7  el_after_av_hr  el_before_av_hr  '><div class='av-share-box'><h5 class='av-share-link-description av-no-toc '>Compartir esta noticia<\/h5><ul class='av-share-box-list noLightbox'><li class='av-share-link av-social-link-facebook' ><a target=\"_blank\" aria-label=\"Compartir en Facebook\" href='https:\/\/www.facebook.com\/sharer.php?u=https:\/\/radiorevelacionfm.cl\/?p=54344&#038;t=Emprendedores%20y%20feriantes%20de%20la%20Regi%C3%B3n%20de%20Ays%C3%A9n%20fueron%20capacitados%20por%20equipo%20de%20la%20Defensor%C3%ADa%20del%20Contribuyente' aria-hidden='false' data-av_icon='\ue8f3' data-av_iconfont='entypo-fontello' title='' data-avia-related-tooltip='Compartir en Facebook' rel=\"noopener\"><span class='avia_hidden_link_text'>Compartir en Facebook<\/span><\/a><\/li><li class='av-share-link av-social-link-twitter' ><a target=\"_blank\" aria-label=\"Compartir en Twitter\" href='https:\/\/twitter.com\/share?text=Emprendedores%20y%20feriantes%20de%20la%20Regi%C3%B3n%20de%20Ays%C3%A9n%20fueron%20capacitados%20por%20equipo%20de%20la%20Defensor%C3%ADa%20del%20Contribuyente&#038;url=https:\/\/radiorevelacionfm.cl\/?p=54344' aria-hidden='false' data-av_icon='\ue8f1' data-av_iconfont='entypo-fontello' title='' data-avia-related-tooltip='Compartir en Twitter' rel=\"noopener\"><span class='avia_hidden_link_text'>Compartir en Twitter<\/span><\/a><\/li><li class='av-share-link av-social-link-whatsapp' ><a target=\"_blank\" aria-label=\"Compartir en Whatsapp\" href='https:\/\/api.whatsapp.com\/send?text=https:\/\/radiorevelacionfm.cl\/?p=54344' aria-hidden='false' data-av_icon='\uf232' data-av_iconfont='entypo-fontello' title='' data-avia-related-tooltip='Compartir en Whatsapp' rel=\"noopener\"><span class='avia_hidden_link_text'>Compartir en Whatsapp<\/span><\/a><\/li><li class='av-share-link av-social-link-linkedin' ><a target=\"_blank\" aria-label=\"Compartir en LinkedIn\" href='https:\/\/linkedin.com\/shareArticle?mini=true&#038;title=Emprendedores%20y%20feriantes%20de%20la%20Regi%C3%B3n%20de%20Ays%C3%A9n%20fueron%20capacitados%20por%20equipo%20de%20la%20Defensor%C3%ADa%20del%20Contribuyente&#038;url=https:\/\/radiorevelacionfm.cl\/?p=54344' aria-hidden='false' data-av_icon='\ue8fc' data-av_iconfont='entypo-fontello' title='' data-avia-related-tooltip='Compartir en LinkedIn' rel=\"noopener\"><span class='avia_hidden_link_text'>Compartir en LinkedIn<\/span><\/a><\/li><li class='av-share-link av-social-link-mail' ><a  aria-label=\"Compartir por correo\" href='mailto:?subject=Emprendedores%20y%20feriantes%20de%20la%20Regi%C3%B3n%20de%20Ays%C3%A9n%20fueron%20capacitados%20por%20equipo%20de%20la%20Defensor%C3%ADa%20del%20Contribuyente&#038;body=https:\/\/radiorevelacionfm.cl\/?p=54344' aria-hidden='false' data-av_icon='\ue805' data-av_iconfont='entypo-fontello' title='' data-avia-related-tooltip='Compartir por correo'><span class='avia_hidden_link_text'>Compartir por correo<\/span><\/a><\/li><\/ul><\/div><\/div>\n<div  style='height:50px' class='hr hr-invisible   avia-builder-el-8  el_after_av_social_share  el_before_av_comments_list '><span class='hr-inner ' ><span class='hr-inner-style'><\/span><\/span><\/div>\n<div  class='av-buildercomment  av-blog-meta-html-info-disabled av-blog-meta-tag-disabled  '><\/div>\n","protected":false},"excerpt":{"rendered":"","protected":false},"author":1,"featured_media":54345,"comment_status":"closed","ping_status":"closed","sticky":false,"template":"","format":"standard","meta":{"footnotes":""},"categories":[38],"tags":[],"class_list":["post-54344","post","type-post","status-publish","format-standard","has-post-thumbnail","hentry","category-regional"],"jetpack_featured_media_url":"https:\/\/radiorevelacionfm.cl\/wp-content\/uploads\/2025\/05\/1-2025-05-23T191050.757-1-1.jpg","_links":{"self":[{"href":"https:\/\/radiorevelacionfm.cl\/index.php?rest_route=\/wp\/v2\/posts\/54344","targetHints":{"allow":["GET"]}}],"collection":[{"href":"https:\/\/radiorevelacionfm.cl\/index.php?rest_route=\/wp\/v2\/posts"}],"about":[{"href":"https:\/\/radiorevelacionfm.cl\/index.php?rest_route=\/wp\/v2\/types\/post"}],"author":[{"embeddable":true,"href":"https:\/\/radiorevelacionfm.cl\/index.php?rest_route=\/wp\/v2\/users\/1"}],"replies":[{"embeddable":true,"href":"https:\/\/radiorevelacionfm.cl\/index.php?rest_route=%2Fwp%2Fv2%2Fcomments&post=54344"}],"version-history":[{"count":2,"href":"https:\/\/radiorevelacionfm.cl\/index.php?rest_route=\/wp\/v2\/posts\/54344\/revisions"}],"predecessor-version":[{"id":54365,"href":"https:\/\/radiorevelacionfm.cl\/index.php?rest_route=\/wp\/v2\/posts\/54344\/revisions\/54365"}],"wp:featuredmedia":[{"embeddable":true,"href":"https:\/\/radiorevelacionfm.cl\/index.php?rest_route=\/wp\/v2\/media\/54345"}],"wp:attachment":[{"href":"https:\/\/radiorevelacionfm.cl\/index.php?rest_route=%2Fwp%2Fv2%2Fmedia&parent=54344"}],"wp:term":[{"taxonomy":"category","embeddable":true,"href":"https:\/\/radiorevelacionfm.cl\/index.php?rest_route=%2Fwp%2Fv2%2Fcategories&post=54344"},{"taxonomy":"post_tag","embeddable":true,"href":"https:\/\/radiorevelacionfm.cl\/index.php?rest_route=%2Fwp%2Fv2%2Ftags&post=54344"}],"curies":[{"name":"wp","href":"https:\/\/api.w.org\/{rel}","templated":true}]}}