{"id":54340,"date":"2025-05-23T17:59:49","date_gmt":"2025-05-23T20:59:49","guid":{"rendered":"https:\/\/radiorevelacionfm.cl\/?p=54340"},"modified":"2025-05-23T17:59:49","modified_gmt":"2025-05-23T20:59:49","slug":"alcalde-keim-impulsa-urgente-intervencion-en-planta-de-tratamiento-de-puerto-guadal","status":"publish","type":"post","link":"https:\/\/radiorevelacionfm.cl\/?p=54340","title":{"rendered":"Alcalde Keim impulsa urgente intervenci\u00f3n en planta de tratamiento de Puerto Guadal"},"content":{"rendered":"<div class=\"flex_column av_one_full  flex_column_div av-zero-column-padding first  avia-builder-el-0  el_before_av_one_full  avia-builder-el-first  \" style='border-radius:0px; '><div  class='avia-image-container  av-styling-    avia-builder-el-1  avia-builder-el-no-sibling  avia-align-center '  itemprop=\"image\" itemscope=\"itemscope\" itemtype=\"https:\/\/schema.org\/ImageObject\"  ><div class='avia-image-container-inner'><div class='avia-image-overlay-wrap'><img decoding=\"async\" class='wp-image-54341 avia-img-lazy-loading-not-54341 avia_image' src=\"https:\/\/radiorevelacionfm.cl\/wp-content\/uploads\/2025\/05\/planta-tratamiento-pto-guadal3-1_optimized.jpg\" alt='' title='planta-tratamiento-pto-guadal3-(1)_optimized' height=\"600\" width=\"803\"  itemprop=\"thumbnailUrl\" srcset=\"https:\/\/radiorevelacionfm.cl\/wp-content\/uploads\/2025\/05\/planta-tratamiento-pto-guadal3-1_optimized.jpg 803w, https:\/\/radiorevelacionfm.cl\/wp-content\/uploads\/2025\/05\/planta-tratamiento-pto-guadal3-1_optimized-300x224.jpg 300w, https:\/\/radiorevelacionfm.cl\/wp-content\/uploads\/2025\/05\/planta-tratamiento-pto-guadal3-1_optimized-768x574.jpg 768w, https:\/\/radiorevelacionfm.cl\/wp-content\/uploads\/2025\/05\/planta-tratamiento-pto-guadal3-1_optimized-705x527.jpg 705w, https:\/\/radiorevelacionfm.cl\/wp-content\/uploads\/2025\/05\/planta-tratamiento-pto-guadal3-1_optimized-450x336.jpg 450w, https:\/\/radiorevelacionfm.cl\/wp-content\/uploads\/2025\/05\/planta-tratamiento-pto-guadal3-1_optimized-600x448.jpg 600w\" sizes=\"(max-width: 803px) 100vw, 803px\" \/><\/div><\/div><\/div><\/div><div class=\"flex_column av_one_full  flex_column_div av-zero-column-padding first  avia-builder-el-2  el_after_av_one_full  el_before_av_one_full  column-top-margin\" style='border-radius:0px; '><section class=\"av_textblock_section \"  itemscope=\"itemscope\" itemtype=\"https:\/\/schema.org\/BlogPosting\" itemprop=\"blogPost\" ><div class='avia_textblock  '   itemprop=\"text\" ><p style=\"text-align: center;\"><strong><span style=\"font-size: 18pt;\">Alcalde Keim impulsa urgente intervenci\u00f3n en planta de tratamiento de Puerto Guadal<\/span><\/strong><\/p>\n<div id=\"gtx-trans\" style=\"position: absolute; left: -50px; top: 4.31534px;\">\n<div class=\"gtx-trans-icon\"><\/div>\n<\/div>\n<\/div><\/section><\/div><div class=\"flex_column av_one_full  flex_column_div av-zero-column-padding first  avia-builder-el-4  el_after_av_one_full  el_before_av_hr  column-top-margin\" style='border-radius:0px; '><section class=\"av_textblock_section \"  itemscope=\"itemscope\" itemtype=\"https:\/\/schema.org\/BlogPosting\" itemprop=\"blogPost\" ><div class='avia_textblock  '   itemprop=\"text\" ><p style=\"text-align: justify;\">El alcalde de Chile Chico, Ariel Keim, anunci\u00f3 el ingreso oficial al Gobierno Regional de Ays\u00e9n de un proyecto de emergencia para intervenir de forma inmediata la planta de tratamiento de aguas servidas de Puerto Guadal. La iniciativa responde al cr\u00edtico estado de la infraestructura, cuya capacidad est\u00e1 ampliamente sobrepasada debido al crecimiento sostenido de la localidad.<\/p>\n<p style=\"text-align: justify;\">\u201cComo municipio comprometimos ingresar una iniciativa que permitiera una intervenci\u00f3n inmediata: cambio completo del sistema de bombas, limpieza profunda de la red de alcantarillado y una mantenci\u00f3n integral de la planta. Hoy podemos informar con alegr\u00eda que el proyecto ya fue ingresado y esperamos contar pronto con financiamiento\u201d, indic\u00f3 Keim.<\/p>\n<p style=\"text-align: justify;\">El proyecto contempla una inversi\u00f3n de $230 millones, solicitados al GORE, para estabilizar el funcionamiento del sistema sanitario mientras se avanza en paralelo en una segunda iniciativa: la construcci\u00f3n de una nueva planta de tratamiento, con financiamiento proyectado v\u00eda Fondo Nacional de Desarrollo Regional (FNDR).<\/p>\n<p style=\"text-align: justify;\">Desde el Gobierno Regional, el gobernador Marcelo Santana destac\u00f3 la coordinaci\u00f3n con el municipio y la necesidad urgente de acci\u00f3n:<\/p>\n<p style=\"text-align: justify;\">\u201cNos comprometimos a colaborar en la formulaci\u00f3n del proyecto por parte del municipio y en el financiamiento desde el Gobierno Regional. Hoy ya recibimos la primera iniciativa, la cual se encuentra en revisi\u00f3n por nuestros profesionales de la Divisi\u00f3n de Infraestructura. Esperamos resolverlo prontamente para que se puedan disponer los recursos y avanzar en las reparaciones m\u00e1s urgentes.\u201d<\/p>\n<p style=\"text-align: justify;\">Desde la unidad SECPLAC del Municipio de Chile Chico, su directora Camila Ortiz explic\u00f3 que el proyecto fue formulado conforme a la Ley de Presupuestos 21.722 del a\u00f1o 2025, espec\u00edficamente bajo la glosa n\u00b06 de inversi\u00f3n regional, que permite financiar soluciones relacionadas con la operaci\u00f3n de alcantarillado.<\/p>\n<p style=\"text-align: justify;\">\u201cLa iniciativa engloba etapas f\u00edsicas, qu\u00edmicas y biol\u00f3gicas para eliminar contaminantes del agua servida. Nuestra postulaci\u00f3n incluye remuneraciones de operadores, equipos, maquinarias, materiales, y tambi\u00e9n implementos de seguridad. Adem\u00e1s, considera mantenciones correctivas y preventivas como el recambio de bombas, limpieza de plantas elevadoras y reparaci\u00f3n de tuber\u00edas y circuitos el\u00e9ctricos\u201d, detall\u00f3 Ortiz.<\/p>\n<p style=\"text-align: justify;\">La directora agreg\u00f3 que tambi\u00e9n se contemplan tomas de muestras reglamentarias, capacitaciones para el personal, y destac\u00f3 el trabajo t\u00e9cnico desarrollado en conjunto con la Direcci\u00f3n de Obras y asesor\u00edas externas contratadas:<\/p>\n<p style=\"text-align: justify;\">\u201cEste proyecto es fruto de un esfuerzo integral, con diagn\u00f3sticos realizados durante el verano y una asistencia t\u00e9cnica especializada que permiti\u00f3 detectar las falencias reales del sistema. Esto nos permite presentar una propuesta s\u00f3lida, t\u00e9cnicamente viable y financieramente responsable, que hoy solicitamos al Gobierno Regional por aproximadamente $230 millones.\u201d<\/p>\n<p style=\"text-align: justify;\">El proyecto fue ingresado oficialmente, y tanto el municipio como el Gobierno Regional esperan una pronta evaluaci\u00f3n favorable que permita iniciar a la brevedad las obras de mitigaci\u00f3n, fundamentales para garantizar condiciones sanitarias dignas y seguras para la comunidad de Puerto Guadal.<\/p>\n<\/div><\/section><\/div><div  style='height:50px' class='hr hr-invisible   avia-builder-el-6  el_after_av_one_full  el_before_av_social_share '><span class='hr-inner ' ><span class='hr-inner-style'><\/span><\/span><\/div><\/p>\n<div  class='av-social-sharing-box  avia-builder-el-7  el_after_av_hr  el_before_av_hr  '><div class='av-share-box'><h5 class='av-share-link-description av-no-toc '>Compartir esta noticia<\/h5><ul class='av-share-box-list noLightbox'><li class='av-share-link av-social-link-facebook' ><a target=\"_blank\" aria-label=\"Compartir en Facebook\" href='https:\/\/www.facebook.com\/sharer.php?u=https:\/\/radiorevelacionfm.cl\/?p=54340&#038;t=Alcalde%20Keim%20impulsa%20urgente%20intervenci%C3%B3n%20en%20planta%20de%20tratamiento%20de%20Puerto%20Guadal' aria-hidden='false' data-av_icon='\ue8f3' data-av_iconfont='entypo-fontello' title='' data-avia-related-tooltip='Compartir en Facebook' rel=\"noopener\"><span class='avia_hidden_link_text'>Compartir en Facebook<\/span><\/a><\/li><li class='av-share-link av-social-link-twitter' ><a target=\"_blank\" aria-label=\"Compartir en Twitter\" href='https:\/\/twitter.com\/share?text=Alcalde%20Keim%20impulsa%20urgente%20intervenci%C3%B3n%20en%20planta%20de%20tratamiento%20de%20Puerto%20Guadal&#038;url=https:\/\/radiorevelacionfm.cl\/?p=54340' aria-hidden='false' data-av_icon='\ue8f1' data-av_iconfont='entypo-fontello' title='' data-avia-related-tooltip='Compartir en Twitter' rel=\"noopener\"><span class='avia_hidden_link_text'>Compartir en Twitter<\/span><\/a><\/li><li class='av-share-link av-social-link-whatsapp' ><a target=\"_blank\" aria-label=\"Compartir en Whatsapp\" href='https:\/\/api.whatsapp.com\/send?text=https:\/\/radiorevelacionfm.cl\/?p=54340' aria-hidden='false' data-av_icon='\uf232' data-av_iconfont='entypo-fontello' title='' data-avia-related-tooltip='Compartir en Whatsapp' rel=\"noopener\"><span class='avia_hidden_link_text'>Compartir en Whatsapp<\/span><\/a><\/li><li class='av-share-link av-social-link-linkedin' ><a target=\"_blank\" aria-label=\"Compartir en LinkedIn\" href='https:\/\/linkedin.com\/shareArticle?mini=true&#038;title=Alcalde%20Keim%20impulsa%20urgente%20intervenci%C3%B3n%20en%20planta%20de%20tratamiento%20de%20Puerto%20Guadal&#038;url=https:\/\/radiorevelacionfm.cl\/?p=54340' aria-hidden='false' data-av_icon='\ue8fc' data-av_iconfont='entypo-fontello' title='' data-avia-related-tooltip='Compartir en LinkedIn' rel=\"noopener\"><span class='avia_hidden_link_text'>Compartir en LinkedIn<\/span><\/a><\/li><li class='av-share-link av-social-link-mail' ><a  aria-label=\"Compartir por correo\" href='mailto:?subject=Alcalde%20Keim%20impulsa%20urgente%20intervenci%C3%B3n%20en%20planta%20de%20tratamiento%20de%20Puerto%20Guadal&#038;body=https:\/\/radiorevelacionfm.cl\/?p=54340' aria-hidden='false' data-av_icon='\ue805' data-av_iconfont='entypo-fontello' title='' data-avia-related-tooltip='Compartir por correo'><span class='avia_hidden_link_text'>Compartir por correo<\/span><\/a><\/li><\/ul><\/div><\/div>\n<div  style='height:50px' class='hr hr-invisible   avia-builder-el-8  el_after_av_social_share  el_before_av_comments_list '><span class='hr-inner ' ><span class='hr-inner-style'><\/span><\/span><\/div>\n<div  class='av-buildercomment  av-blog-meta-html-info-disabled av-blog-meta-tag-disabled  '><\/div>\n","protected":false},"excerpt":{"rendered":"","protected":false},"author":1,"featured_media":54341,"comment_status":"closed","ping_status":"closed","sticky":false,"template":"","format":"standard","meta":{"footnotes":""},"categories":[38],"tags":[],"class_list":["post-54340","post","type-post","status-publish","format-standard","has-post-thumbnail","hentry","category-regional"],"jetpack_featured_media_url":"https:\/\/radiorevelacionfm.cl\/wp-content\/uploads\/2025\/05\/planta-tratamiento-pto-guadal3-1_optimized.jpg","_links":{"self":[{"href":"https:\/\/radiorevelacionfm.cl\/index.php?rest_route=\/wp\/v2\/posts\/54340","targetHints":{"allow":["GET"]}}],"collection":[{"href":"https:\/\/radiorevelacionfm.cl\/index.php?rest_route=\/wp\/v2\/posts"}],"about":[{"href":"https:\/\/radiorevelacionfm.cl\/index.php?rest_route=\/wp\/v2\/types\/post"}],"author":[{"embeddable":true,"href":"https:\/\/radiorevelacionfm.cl\/index.php?rest_route=\/wp\/v2\/users\/1"}],"replies":[{"embeddable":true,"href":"https:\/\/radiorevelacionfm.cl\/index.php?rest_route=%2Fwp%2Fv2%2Fcomments&post=54340"}],"version-history":[{"count":2,"href":"https:\/\/radiorevelacionfm.cl\/index.php?rest_route=\/wp\/v2\/posts\/54340\/revisions"}],"predecessor-version":[{"id":54343,"href":"https:\/\/radiorevelacionfm.cl\/index.php?rest_route=\/wp\/v2\/posts\/54340\/revisions\/54343"}],"wp:featuredmedia":[{"embeddable":true,"href":"https:\/\/radiorevelacionfm.cl\/index.php?rest_route=\/wp\/v2\/media\/54341"}],"wp:attachment":[{"href":"https:\/\/radiorevelacionfm.cl\/index.php?rest_route=%2Fwp%2Fv2%2Fmedia&parent=54340"}],"wp:term":[{"taxonomy":"category","embeddable":true,"href":"https:\/\/radiorevelacionfm.cl\/index.php?rest_route=%2Fwp%2Fv2%2Fcategories&post=54340"},{"taxonomy":"post_tag","embeddable":true,"href":"https:\/\/radiorevelacionfm.cl\/index.php?rest_route=%2Fwp%2Fv2%2Ftags&post=54340"}],"curies":[{"name":"wp","href":"https:\/\/api.w.org\/{rel}","templated":true}]}}