{"id":54322,"date":"2025-05-23T16:01:40","date_gmt":"2025-05-23T19:01:40","guid":{"rendered":"https:\/\/radiorevelacionfm.cl\/?p=54322"},"modified":"2025-05-23T16:01:40","modified_gmt":"2025-05-23T19:01:40","slug":"aysen-impulsa-red-de-centros-de-interpretacion-ambiental-para-un-turismo-con-base-cientifica","status":"publish","type":"post","link":"https:\/\/radiorevelacionfm.cl\/?p=54322","title":{"rendered":"Ays\u00e9n impulsa red de Centros de Interpretaci\u00f3n Ambiental para un turismo con base cient\u00edfica"},"content":{"rendered":"<div class=\"flex_column av_one_full  flex_column_div av-zero-column-padding first  avia-builder-el-0  el_before_av_one_full  avia-builder-el-first  \" style='border-radius:0px; '><div  class='avia-image-container  av-styling-    avia-builder-el-1  avia-builder-el-no-sibling  avia-align-center '  itemprop=\"image\" itemscope=\"itemscope\" itemtype=\"https:\/\/schema.org\/ImageObject\"  ><div class='avia-image-container-inner'><div class='avia-image-overlay-wrap'><img decoding=\"async\" class='wp-image-54323 avia-img-lazy-loading-not-54323 avia_image' src=\"https:\/\/radiorevelacionfm.cl\/wp-content\/uploads\/2025\/05\/acceso_centrointerpretacionambiental-1_optimized-1.jpg\" alt='' title='acceso_centrointerpretacionambiental-(1)_optimized (1)' height=\"600\" width=\"900\"  itemprop=\"thumbnailUrl\" srcset=\"https:\/\/radiorevelacionfm.cl\/wp-content\/uploads\/2025\/05\/acceso_centrointerpretacionambiental-1_optimized-1.jpg 900w, https:\/\/radiorevelacionfm.cl\/wp-content\/uploads\/2025\/05\/acceso_centrointerpretacionambiental-1_optimized-1-300x200.jpg 300w, https:\/\/radiorevelacionfm.cl\/wp-content\/uploads\/2025\/05\/acceso_centrointerpretacionambiental-1_optimized-1-768x512.jpg 768w, https:\/\/radiorevelacionfm.cl\/wp-content\/uploads\/2025\/05\/acceso_centrointerpretacionambiental-1_optimized-1-705x470.jpg 705w, https:\/\/radiorevelacionfm.cl\/wp-content\/uploads\/2025\/05\/acceso_centrointerpretacionambiental-1_optimized-1-450x300.jpg 450w, https:\/\/radiorevelacionfm.cl\/wp-content\/uploads\/2025\/05\/acceso_centrointerpretacionambiental-1_optimized-1-600x400.jpg 600w\" sizes=\"(max-width: 900px) 100vw, 900px\" \/><\/div><\/div><\/div><\/div><div class=\"flex_column av_one_full  flex_column_div av-zero-column-padding first  avia-builder-el-2  el_after_av_one_full  el_before_av_one_full  column-top-margin\" style='border-radius:0px; '><section class=\"av_textblock_section \"  itemscope=\"itemscope\" itemtype=\"https:\/\/schema.org\/BlogPosting\" itemprop=\"blogPost\" ><div class='avia_textblock  '   itemprop=\"text\" ><p style=\"text-align: center;\"><span style=\"font-size: 18pt;\"><b>Ays\u00e9n impulsa red de Centros de Interpretaci\u00f3n Ambiental para un turismo con base cient\u00edfica<\/b><\/span><\/p>\n<div id=\"gtx-trans\" style=\"position: absolute; left: -50px; top: 4.31534px;\">\n<div class=\"gtx-trans-icon\"><\/div>\n<\/div>\n<\/div><\/section><\/div><div class=\"flex_column av_one_full  flex_column_div av-zero-column-padding first  avia-builder-el-4  el_after_av_one_full  el_before_av_hr  column-top-margin\" style='border-radius:0px; '><section class=\"av_textblock_section \"  itemscope=\"itemscope\" itemtype=\"https:\/\/schema.org\/BlogPosting\" itemprop=\"blogPost\" ><div class='avia_textblock  '   itemprop=\"text\" ><p style=\"font-weight: 400; text-align: justify;\"><em>Proyecto adjudicado por el Centro COPAS Coastal de la Universidad de Concepci\u00f3n busca crear nuevos espacios de divulgaci\u00f3n y conservaci\u00f3n en la regi\u00f3n, inspirados en la experiencia de Caleta Tortel.<\/em><\/p>\n<p style=\"font-weight: 400; text-align: justify;\">En un paso clave para fortalecer el turismo sustentable en la Patagonia, el Centro COPAS Coastal de la Universidad de Concepci\u00f3n se adjudic\u00f3 el proyecto <em>\u201cModelo para el desarrollo de Centros de Interpretaci\u00f3n Ambiental y Tur\u00edstica (CIAyT) basados en ciencia y formaci\u00f3n de operadores tur\u00edsticos en turismo cient\u00edfico y sostenible en la Regi\u00f3n de Ays\u00e9n\u201d<\/em>. La iniciativa, inspirada en el CIAyT de Caleta Tortel y en la experiencia del propio centro de investigaci\u00f3n, fue seleccionada por el programa Bienes P\u00fablicos 2024 \u2013 Borde Costero, Biodiversidad y Turismo de Corfo Ays\u00e9n, con el Gobierno Regional como entidad mandante.<\/p>\n<p style=\"font-weight: 400; text-align: justify;\">La propuesta contempla el dise\u00f1o de un modelo replicable para instalar nuevos centros de interpretaci\u00f3n a lo largo del borde costero de Ays\u00e9n, tomando como referencia el exitoso caso de Caleta Tortel, recientemente inaugurado y ampliamente valorado por visitantes y la comunidad local. A diferencia de un museo tradicional, estos espacios buscan conectar emocional e intelectualmente a las personas con su entorno, mediante una narrativa clara, accesible y adaptada al territorio. Son clave para promover un turismo de bajo impacto, fomentar la educaci\u00f3n ambiental no formal y articular redes entre ciencia, comunidad y desarrollo local.<\/p>\n<p style=\"font-weight: 400; text-align: justify;\">\u201cEl desarrollo de estos centros representa una oportunidad concreta para transformar la relaci\u00f3n entre comunidad, ciencia y turismo en Ays\u00e9n\u201d, se\u00f1al\u00f3 Humberto Mar\u00edn Leiva, director de Corfo Ays\u00e9n, destacando que esta iniciativa del Comit\u00e9 de Desarrollo Productivo Regional (CDPR) \u201cno solo impulsa la creaci\u00f3n de bienes p\u00fablicos con pertinencia territorial, sino que tambi\u00e9n promueve una oferta tur\u00edstica con identidad, conocimiento y sostenibilidad\u201d. Seg\u00fan explic\u00f3, el proyecto se alinea con los objetivos estrat\u00e9gicos del CDPR Ays\u00e9n y con la Estrategia Regional de Innovaci\u00f3n, al integrar formaci\u00f3n especializada, divulgaci\u00f3n cient\u00edfica y conservaci\u00f3n ambiental en un modelo replicable que contribuye al desarrollo local. \u201cValoramos especialmente su dimensi\u00f3n formativa, que permitir\u00e1 profesionalizar la oferta tur\u00edstica regional y consolidar a Ays\u00e9n como un referente nacional en turismo con base cient\u00edfica\u201d, afirm\u00f3.<\/p>\n<p style=\"font-weight: 400; text-align: justify;\"><strong>CENTROS DE INTERPRETACI\u00d3N AMBIENTAL Y TUR\u00cdSTICA<\/strong><\/p>\n<p style=\"font-weight: 400; text-align: justify;\">El CIAyT de Caleta Tortel se cre\u00f3 gracias al financiamiento del Ministerio de Ciencia, Tecnolog\u00eda, Conocimiento e Innovaci\u00f3n a trav\u00e9s del concurso Ciencia P\u00fablica. Para Pa\u00fal G\u00f3mez, coordinador de Divulgaci\u00f3n y Educaci\u00f3n Cient\u00edfica del Centro COPAS Coastal y director del proyecto, su impacto ha sido evidente. \u201cHa sido tan exitoso, tan valorado por la comunidad local \u2014que se ha apropiado del espacio\u2014 como por los turistas que han visitado la regi\u00f3n y agradecen contar con este tipo de experiencias para comprender mejor la Patagonia\u201d.<\/p>\n<p style=\"font-weight: 400; text-align: justify;\">Adem\u00e1s del dise\u00f1o del modelo de r\u00e9plica, el proyecto contempla identificar nuevas locaciones estrat\u00e9gicas para instalar centros similares en la regi\u00f3n, con el fin de impulsar rutas tur\u00edsticas sostenibles que integren ciencia, cultura local y conservaci\u00f3n ambiental. Uno de los componentes m\u00e1s innovadores de la propuesta es su enfoque en el fortalecimiento del capital humano a trav\u00e9s de formaci\u00f3n especializada.<\/p>\n<p style=\"font-weight: 400; text-align: justify;\">En ese sentido, uno de los objetivos espec\u00edficos es desarrollar y ejecutar programas de formaci\u00f3n en turismo cient\u00edfico y sostenible mediante talleres y seminarios en colaboraci\u00f3n con universidades y centros de investigaci\u00f3n. Asimismo, se establecer\u00e1 un sistema de certificaci\u00f3n para operadores tur\u00edsticos de Tortel y otras zonas de la regi\u00f3n, garantizando que estos prestadores est\u00e9n capacitados para ofrecer contenidos validados en cultura oce\u00e1nica y sostenibilidad ecosist\u00e9mica. Esta dimensi\u00f3n formativa, que se implementar\u00e1 en 2026, busca profesionalizar la oferta tur\u00edstica con una visi\u00f3n de largo plazo y con enfoque territorial.<\/p>\n<p style=\"font-weight: 400; text-align: justify;\">El proyecto representa la consolidaci\u00f3n de m\u00e1s de 15 a\u00f1os de trabajo del Centro COPAS Coastal en la regi\u00f3n, integrando investigaci\u00f3n oceanogr\u00e1fica y ecol\u00f3gica con divulgaci\u00f3n cient\u00edfica y colaboraci\u00f3n comunitaria. La experiencia en Tortel \u2014donde se transform\u00f3 una antigua pasarela en desuso en un recorrido interpretativo de 47 metros lineales\u2014 demuestra que es posible vincular ciencia, cultura y turismo en un espacio accesible, emocionante y educativo.<\/p>\n<p style=\"font-weight: 400; text-align: justify;\">Esta nueva etapa no solo ampl\u00eda una experiencia exitosa, sino que encarna un compromiso concreto con el futuro de Ays\u00e9n: un territorio que se proyecta como laboratorio vivo para la ciencia, la conservaci\u00f3n y el desarrollo humano sostenible. La creaci\u00f3n de nuevos centros y la formaci\u00f3n de actores locales permitir\u00e1n que cada visitante no solo recorra la Patagonia, sino que tambi\u00e9n la entienda, la valore y contribuya a su protecci\u00f3n.<\/p>\n<\/div><\/section><\/div><div  style='height:50px' class='hr hr-invisible   avia-builder-el-6  el_after_av_one_full  el_before_av_social_share '><span class='hr-inner ' ><span class='hr-inner-style'><\/span><\/span><\/div><\/p>\n<div  class='av-social-sharing-box  avia-builder-el-7  el_after_av_hr  el_before_av_hr  '><div class='av-share-box'><h5 class='av-share-link-description av-no-toc '>Compartir esta noticia<\/h5><ul class='av-share-box-list noLightbox'><li class='av-share-link av-social-link-facebook' ><a target=\"_blank\" aria-label=\"Compartir en Facebook\" href='https:\/\/www.facebook.com\/sharer.php?u=https:\/\/radiorevelacionfm.cl\/?p=54322&#038;t=Ays%C3%A9n%20impulsa%20red%20de%20Centros%20de%20Interpretaci%C3%B3n%20Ambiental%20para%20un%20turismo%20con%20base%20cient%C3%ADfica' aria-hidden='false' data-av_icon='\ue8f3' data-av_iconfont='entypo-fontello' title='' data-avia-related-tooltip='Compartir en Facebook' rel=\"noopener\"><span class='avia_hidden_link_text'>Compartir en Facebook<\/span><\/a><\/li><li class='av-share-link av-social-link-twitter' ><a target=\"_blank\" aria-label=\"Compartir en Twitter\" href='https:\/\/twitter.com\/share?text=Ays%C3%A9n%20impulsa%20red%20de%20Centros%20de%20Interpretaci%C3%B3n%20Ambiental%20para%20un%20turismo%20con%20base%20cient%C3%ADfica&#038;url=https:\/\/radiorevelacionfm.cl\/?p=54322' aria-hidden='false' data-av_icon='\ue8f1' data-av_iconfont='entypo-fontello' title='' data-avia-related-tooltip='Compartir en Twitter' rel=\"noopener\"><span class='avia_hidden_link_text'>Compartir en Twitter<\/span><\/a><\/li><li class='av-share-link av-social-link-whatsapp' ><a target=\"_blank\" aria-label=\"Compartir en Whatsapp\" href='https:\/\/api.whatsapp.com\/send?text=https:\/\/radiorevelacionfm.cl\/?p=54322' aria-hidden='false' data-av_icon='\uf232' data-av_iconfont='entypo-fontello' title='' data-avia-related-tooltip='Compartir en Whatsapp' rel=\"noopener\"><span class='avia_hidden_link_text'>Compartir en Whatsapp<\/span><\/a><\/li><li class='av-share-link av-social-link-linkedin' ><a target=\"_blank\" aria-label=\"Compartir en LinkedIn\" href='https:\/\/linkedin.com\/shareArticle?mini=true&#038;title=Ays%C3%A9n%20impulsa%20red%20de%20Centros%20de%20Interpretaci%C3%B3n%20Ambiental%20para%20un%20turismo%20con%20base%20cient%C3%ADfica&#038;url=https:\/\/radiorevelacionfm.cl\/?p=54322' aria-hidden='false' data-av_icon='\ue8fc' data-av_iconfont='entypo-fontello' title='' data-avia-related-tooltip='Compartir en LinkedIn' rel=\"noopener\"><span class='avia_hidden_link_text'>Compartir en LinkedIn<\/span><\/a><\/li><li class='av-share-link av-social-link-mail' ><a  aria-label=\"Compartir por correo\" href='mailto:?subject=Ays%C3%A9n%20impulsa%20red%20de%20Centros%20de%20Interpretaci%C3%B3n%20Ambiental%20para%20un%20turismo%20con%20base%20cient%C3%ADfica&#038;body=https:\/\/radiorevelacionfm.cl\/?p=54322' aria-hidden='false' data-av_icon='\ue805' data-av_iconfont='entypo-fontello' title='' data-avia-related-tooltip='Compartir por correo'><span class='avia_hidden_link_text'>Compartir por correo<\/span><\/a><\/li><\/ul><\/div><\/div>\n<div  style='height:50px' class='hr hr-invisible   avia-builder-el-8  el_after_av_social_share  el_before_av_comments_list '><span class='hr-inner ' ><span class='hr-inner-style'><\/span><\/span><\/div>\n<div  class='av-buildercomment  av-blog-meta-html-info-disabled av-blog-meta-tag-disabled  '><\/div>\n","protected":false},"excerpt":{"rendered":"","protected":false},"author":1,"featured_media":54323,"comment_status":"closed","ping_status":"closed","sticky":false,"template":"","format":"standard","meta":{"footnotes":""},"categories":[38],"tags":[],"class_list":["post-54322","post","type-post","status-publish","format-standard","has-post-thumbnail","hentry","category-regional"],"jetpack_featured_media_url":"https:\/\/radiorevelacionfm.cl\/wp-content\/uploads\/2025\/05\/acceso_centrointerpretacionambiental-1_optimized-1.jpg","_links":{"self":[{"href":"https:\/\/radiorevelacionfm.cl\/index.php?rest_route=\/wp\/v2\/posts\/54322","targetHints":{"allow":["GET"]}}],"collection":[{"href":"https:\/\/radiorevelacionfm.cl\/index.php?rest_route=\/wp\/v2\/posts"}],"about":[{"href":"https:\/\/radiorevelacionfm.cl\/index.php?rest_route=\/wp\/v2\/types\/post"}],"author":[{"embeddable":true,"href":"https:\/\/radiorevelacionfm.cl\/index.php?rest_route=\/wp\/v2\/users\/1"}],"replies":[{"embeddable":true,"href":"https:\/\/radiorevelacionfm.cl\/index.php?rest_route=%2Fwp%2Fv2%2Fcomments&post=54322"}],"version-history":[{"count":2,"href":"https:\/\/radiorevelacionfm.cl\/index.php?rest_route=\/wp\/v2\/posts\/54322\/revisions"}],"predecessor-version":[{"id":54331,"href":"https:\/\/radiorevelacionfm.cl\/index.php?rest_route=\/wp\/v2\/posts\/54322\/revisions\/54331"}],"wp:featuredmedia":[{"embeddable":true,"href":"https:\/\/radiorevelacionfm.cl\/index.php?rest_route=\/wp\/v2\/media\/54323"}],"wp:attachment":[{"href":"https:\/\/radiorevelacionfm.cl\/index.php?rest_route=%2Fwp%2Fv2%2Fmedia&parent=54322"}],"wp:term":[{"taxonomy":"category","embeddable":true,"href":"https:\/\/radiorevelacionfm.cl\/index.php?rest_route=%2Fwp%2Fv2%2Fcategories&post=54322"},{"taxonomy":"post_tag","embeddable":true,"href":"https:\/\/radiorevelacionfm.cl\/index.php?rest_route=%2Fwp%2Fv2%2Ftags&post=54322"}],"curies":[{"name":"wp","href":"https:\/\/api.w.org\/{rel}","templated":true}]}}