{"id":54318,"date":"2025-05-23T15:11:45","date_gmt":"2025-05-23T18:11:45","guid":{"rendered":"https:\/\/radiorevelacionfm.cl\/?p=54318"},"modified":"2025-05-23T15:11:45","modified_gmt":"2025-05-23T18:11:45","slug":"artesanas-de-ibanez-visitan-milenarias-obras-de-arte-rupestre-que-inspiran-sus-creaciones","status":"publish","type":"post","link":"https:\/\/radiorevelacionfm.cl\/?p=54318","title":{"rendered":"Artesanas de Ib\u00e1\u00f1ez visitan milenarias obras de arte rupestre que inspiran sus creaciones"},"content":{"rendered":"<div class=\"flex_column av_one_full  flex_column_div av-zero-column-padding first  avia-builder-el-0  el_before_av_one_full  avia-builder-el-first  \" style='border-radius:0px; '><div  class='avia-image-container  av-styling-    avia-builder-el-1  avia-builder-el-no-sibling  avia-align-center '  itemprop=\"image\" itemscope=\"itemscope\" itemtype=\"https:\/\/schema.org\/ImageObject\"  ><div class='avia-image-container-inner'><div class='avia-image-overlay-wrap'><img decoding=\"async\" class='wp-image-54319 avia-img-lazy-loading-not-54319 avia_image' src=\"https:\/\/radiorevelacionfm.cl\/wp-content\/uploads\/2025\/05\/cueva-rupestre-ibanTHez-1_optimized.jpeg\" alt='' title='cueva-rupestre-iban\u00deez-(1)_optimized' height=\"600\" width=\"800\"  itemprop=\"thumbnailUrl\" srcset=\"https:\/\/radiorevelacionfm.cl\/wp-content\/uploads\/2025\/05\/cueva-rupestre-ibanTHez-1_optimized.jpeg 800w, https:\/\/radiorevelacionfm.cl\/wp-content\/uploads\/2025\/05\/cueva-rupestre-ibanTHez-1_optimized-300x225.jpeg 300w, https:\/\/radiorevelacionfm.cl\/wp-content\/uploads\/2025\/05\/cueva-rupestre-ibanTHez-1_optimized-768x576.jpeg 768w, https:\/\/radiorevelacionfm.cl\/wp-content\/uploads\/2025\/05\/cueva-rupestre-ibanTHez-1_optimized-705x529.jpeg 705w, https:\/\/radiorevelacionfm.cl\/wp-content\/uploads\/2025\/05\/cueva-rupestre-ibanTHez-1_optimized-450x338.jpeg 450w, https:\/\/radiorevelacionfm.cl\/wp-content\/uploads\/2025\/05\/cueva-rupestre-ibanTHez-1_optimized-600x450.jpeg 600w\" sizes=\"(max-width: 800px) 100vw, 800px\" \/><\/div><\/div><\/div><\/div><div class=\"flex_column av_one_full  flex_column_div av-zero-column-padding first  avia-builder-el-2  el_after_av_one_full  el_before_av_one_full  column-top-margin\" style='border-radius:0px; '><section class=\"av_textblock_section \"  itemscope=\"itemscope\" itemtype=\"https:\/\/schema.org\/BlogPosting\" itemprop=\"blogPost\" ><div class='avia_textblock  '   itemprop=\"text\" ><p style=\"text-align: center;\"><span style=\"font-size: 18pt;\"><b>Artesanas de Ib\u00e1\u00f1ez visitan milenarias obras de arte rupestre que inspiran sus creaciones\u00a0<\/b><\/span><\/p>\n<div id=\"gtx-trans\" style=\"position: absolute; left: -50px; top: 4.31534px;\">\n<div class=\"gtx-trans-icon\"><\/div>\n<\/div>\n<\/div><\/section><\/div><div class=\"flex_column av_one_full  flex_column_div av-zero-column-padding first  avia-builder-el-4  el_after_av_one_full  el_before_av_hr  column-top-margin\" style='border-radius:0px; '><section class=\"av_textblock_section \"  itemscope=\"itemscope\" itemtype=\"https:\/\/schema.org\/BlogPosting\" itemprop=\"blogPost\" ><div class='avia_textblock  '   itemprop=\"text\" ><p style=\"text-align: justify;\">En un viaje organizado por el Servicio Regional del Patrimonio Cultural Ays\u00e9n, un grupo de 7 artesanas de Puerto Ib\u00e1\u00f1ez pudo acceder a una cueva, en los alrededores de El Salto de r\u00edo Ib\u00e1\u00f1ez, que conserva pinturas rupestres y vestigios de nuestros antepasados alrededor del lago General Carrera. En una emocionante caminata, las creadoras lacustres accedieron al espacio que hoy es administrado por el Refugio Casa Piedra, colaboradores de esta actividad.<\/p>\n<p style=\"text-align: justify;\">La posibilidad naci\u00f3 a prop\u00f3sito de la tesis de la estudiante Claudia Aranda Belenguer para obtener el Mag\u00edster en Arte Menci\u00f3n Patrimonio de la Universidad de Playa Ancha: \u201cEstoy realizando una tesis sobre las valoraciones y significaciones que tiene la comunidad de Ib\u00e1\u00f1ez sobre el arte rupestre del valle del R\u00edo Ib\u00e1\u00f1ez. He enfocado mi estudio en las alfareras de Puerto Ib\u00e1\u00f1ez, quienes representan en la decoraci\u00f3n de sus cacharros de greda la iconograf\u00eda del arte rupestre que existe en el territorio\u201d.<\/p>\n<p style=\"text-align: justify;\">El arte rupestre alude a las creaciones que se hicieron sobre rocas o piedras. Del lat\u00edn \u201c<em>rupes<\/em>\u201d que significa roca, son dibujos, grabados y hasta pinturas que representan una de las expresiones art\u00edsticas m\u00e1s antiguas del ser humano, y ofrecen una enorme ventana al pasado.<\/p>\n<p style=\"text-align: justify;\">Para la mayor\u00eda de las artesanas que participaron, se trat\u00f3 de una experiencia particular, pues es primera vez que visitan el sitio arqueol\u00f3gico, muestra viva de sus m\u00e1s grandes inspiraciones, motivos ind\u00edgenas que plasman en sus obras, a trav\u00e9s de la pr\u00e1ctica de la alfarer\u00eda.<\/p>\n<p style=\"text-align: justify;\">M\u00e1s tarde se trasladaron a sitios cercanos donde pudieron apreciar la guanaca y su cr\u00eda, y las grecas, importantes hallazgos de la prehistoria aysenina.<\/p>\n<p style=\"text-align: justify;\">El recorrido fue guiado por la arque\u00f3loga de la Oficina T\u00e9cnica Regional del Consejo de Monumentos Nacionales de Ays\u00e9n, Mar\u00eda Luisa G\u00f3mez, quien explic\u00f3 c\u00f3mo se genera este cruce entre historia, arqueolog\u00eda, artesan\u00eda y un relato com\u00fan, entrelazado por este grupo de mujeres: \u201cEsta iniciativa surgi\u00f3 a partir de la misma inquietud de las artesanas de conocer los sitios con arte rupestre porque muchas de ellas usan motivos de arte rupestre propio de la zona, como la guanaca con cr\u00eda, pero pocas de ellas han visitado los sitios. O las que los han visitado lo hicieron cuando eran muy j\u00f3venes. Entonces, consideramos que es muy importante que la gente, que la ciudadan\u00eda en general, conozca y sepa sobre el patrimonio que tienen, sobre las pinturas rupestres, sobre la prehistoria de la regi\u00f3n, como viv\u00edan los antiguos habitantes. Y en particular, en este caso, las artesanas que son ellas mismas las que toman este patrimonio y lo reproducen en las vasijas que ellas hacen. Hacen un trabajo muy importante de reinterpretar estas pinturas, trasladarlas a otro tipo de soporte que no es la roca que uno ve en el arte rupestre. La trasladan a la cer\u00e1mica que tambi\u00e9n es otro elemento importante en la prehistoria, aunque aqu\u00ed en la regi\u00f3n no hubo tanta cer\u00e1mica, sino en tiempos m\u00e1s tard\u00edos. Curiosamente ellas juntan una de las expresiones m\u00e1s antiguas que tiene el ser humano que es el arte rupestre con otra de las expresiones que son m\u00e1s recientes que es la cer\u00e1mica. Juntan estos dos elementos y ponen su identidad en ello\u201d.<\/p>\n<p style=\"text-align: justify;\">A solo d\u00edas de la celebraci\u00f3n del D\u00eda de los Patrimonios en todo el pa\u00eds, la visita fue registrada para la creaci\u00f3n de una pieza audiovisual que narrar\u00e1 este acercamiento in\u00e9dito para las artesanas de Puerto Ib\u00e1\u00f1ez a las piedras donde se escribi\u00f3 nuestra historia m\u00e1s antigua.<\/p>\n<p style=\"text-align: justify;\">El seremi de Cultura Ays\u00e9n, Felipe Quiroz, piensa que \u201ces muy gratificante y emociona poder participar desde las instituciones p\u00fablicas como el Servicio del Patrimonio y la Seremi de las Culturas Ays\u00e9n, en experiencias valiosas y que dejan un significado profundo, en este caso, en cultoras que por d\u00e9cadas han desarrollado un trabajo artesanal de excelencia. Hoy pueden sumar m\u00e1s experiencia y m\u00e1s emoci\u00f3n a cada una de estas obras que manifiestan vestigios de nuestra historia m\u00e1s primaria y forman parte de nuestra identidad. Este cruce patrimonial entre la historia antigua de nuestra tierra y las artesan\u00edas que se fabrican con material extra\u00eddo muy cerquita de esas mismas cuevas, habla de una historia que nos re\u00fane en cada rinc\u00f3n de este Ays\u00e9n\u201d.<\/p>\n<p style=\"text-align: justify;\">La artesana Marfa \u00c1guila ha sacado durante d\u00e9cadas desde la cercan\u00edas del salto del r\u00edo Ib\u00e1\u00f1ez la greda con que moldea sus cacharros y figuras en su taller muy cerca del lago: \u201cNo hay palabras para describirlo, pero estoy feliz y contenta de haber llegado hasta aqu\u00ed porque yo hab\u00eda escuchado muchos comentarios de que estaba la guanaca en esta cueva. Pero nosotros se lo traspas\u00e1bamos a nuestros turistas porque como artesanos llevamos todas las pinturas como la guanaca, las grecas a la artesan\u00eda. Y siempre les decimos a los turistas que ac\u00e1 en Ib\u00e1\u00f1ez hay muchas guanacas en las cuevas, pero no hay acceso. Entonces ahora el estar aqu\u00ed y verlo presencialmente, es diferente porque podemos decir con base que s\u00ed est\u00e1n las guanacas y que s\u00ed hay acceso\u201d.<\/p>\n<p style=\"text-align: justify;\">Angelita Fuentealba qued\u00f3 maravillada: \u201cEstoy impresionada porque es maravilloso, el lugar, la cueva. He conocido otras cuevas m\u00e1s chicas, pero esta es maravillosa\u201d.<\/p>\n<p style=\"text-align: justify;\"><strong>D\u00cd<\/strong><strong>A DE LOS PATRIMONIOS<\/strong><\/p>\n<p style=\"text-align: justify;\">Ya est\u00e1 todo listo y dispuesto para que instituciones p\u00fablicas, privadas y personas naturales participen en la fiesta cultural m\u00e1s multitudinaria de Chile. Este s\u00e1bado 24 y domingo 25 de mayo se celebra el D\u00eda de los Patrimonios., fecha en que nos reencontramos con nuestras historias, sentimos nuestras ra\u00edces y celebramos la diversidad que nos une como pa\u00eds.\u00a0 Es un fin de semana donde las calles, los museos, los archivos, las bibliotecas y los espacios comunitarios se transforman en escenarios vivos de memoria, participaci\u00f3n y alegr\u00eda.<\/p>\n<p style=\"text-align: justify;\">Organizado por el\u00a0Ministerio de las Culturas, las Artes y el Patrimonio, a trav\u00e9s del Servicio Nacional del Patrimonio Cultural, desde 1999 este gran acontecimiento es posible gracias al compromiso de instituciones p\u00fablicas, privadas, comunitarias y ciudadanas.<\/p>\n<p style=\"text-align: justify;\">Puedes revisar la cartelera completa por regi\u00f3n y por comuna en diadelospatrimonios.cl. con casi 3600 opciones en todo Chile.<\/p>\n<p style=\"text-align: justify;\">En la Regi\u00f3n de Ays\u00e9n, en Coyhaique las actividades se concentran en la Biblioteca Regional y el Museo Regional de Ays\u00e9n que abrir\u00e1 sus hist\u00f3ricos espacios con actividades familiares s\u00e1bado y domingo a partir de las 3 de la tarde.<\/p>\n<\/div><\/section><\/div><div  style='height:50px' class='hr hr-invisible   avia-builder-el-6  el_after_av_one_full  el_before_av_social_share '><span class='hr-inner ' ><span class='hr-inner-style'><\/span><\/span><\/div><\/p>\n<div  class='av-social-sharing-box  avia-builder-el-7  el_after_av_hr  el_before_av_hr  '><div class='av-share-box'><h5 class='av-share-link-description av-no-toc '>Compartir esta noticia<\/h5><ul class='av-share-box-list noLightbox'><li class='av-share-link av-social-link-facebook' ><a target=\"_blank\" aria-label=\"Compartir en Facebook\" href='https:\/\/www.facebook.com\/sharer.php?u=https:\/\/radiorevelacionfm.cl\/?p=54318&#038;t=Artesanas%20de%20Ib%C3%A1%C3%B1ez%20visitan%20milenarias%20obras%20de%20arte%20rupestre%20que%20inspiran%20sus%20creaciones' aria-hidden='false' data-av_icon='\ue8f3' data-av_iconfont='entypo-fontello' title='' data-avia-related-tooltip='Compartir en Facebook' rel=\"noopener\"><span class='avia_hidden_link_text'>Compartir en Facebook<\/span><\/a><\/li><li class='av-share-link av-social-link-twitter' ><a target=\"_blank\" aria-label=\"Compartir en Twitter\" href='https:\/\/twitter.com\/share?text=Artesanas%20de%20Ib%C3%A1%C3%B1ez%20visitan%20milenarias%20obras%20de%20arte%20rupestre%20que%20inspiran%20sus%20creaciones&#038;url=https:\/\/radiorevelacionfm.cl\/?p=54318' aria-hidden='false' data-av_icon='\ue8f1' data-av_iconfont='entypo-fontello' title='' data-avia-related-tooltip='Compartir en Twitter' rel=\"noopener\"><span class='avia_hidden_link_text'>Compartir en Twitter<\/span><\/a><\/li><li class='av-share-link av-social-link-whatsapp' ><a target=\"_blank\" aria-label=\"Compartir en Whatsapp\" href='https:\/\/api.whatsapp.com\/send?text=https:\/\/radiorevelacionfm.cl\/?p=54318' aria-hidden='false' data-av_icon='\uf232' data-av_iconfont='entypo-fontello' title='' data-avia-related-tooltip='Compartir en Whatsapp' rel=\"noopener\"><span class='avia_hidden_link_text'>Compartir en Whatsapp<\/span><\/a><\/li><li class='av-share-link av-social-link-linkedin' ><a target=\"_blank\" aria-label=\"Compartir en LinkedIn\" href='https:\/\/linkedin.com\/shareArticle?mini=true&#038;title=Artesanas%20de%20Ib%C3%A1%C3%B1ez%20visitan%20milenarias%20obras%20de%20arte%20rupestre%20que%20inspiran%20sus%20creaciones&#038;url=https:\/\/radiorevelacionfm.cl\/?p=54318' aria-hidden='false' data-av_icon='\ue8fc' data-av_iconfont='entypo-fontello' title='' data-avia-related-tooltip='Compartir en LinkedIn' rel=\"noopener\"><span class='avia_hidden_link_text'>Compartir en LinkedIn<\/span><\/a><\/li><li class='av-share-link av-social-link-mail' ><a  aria-label=\"Compartir por correo\" href='mailto:?subject=Artesanas%20de%20Ib%C3%A1%C3%B1ez%20visitan%20milenarias%20obras%20de%20arte%20rupestre%20que%20inspiran%20sus%20creaciones&#038;body=https:\/\/radiorevelacionfm.cl\/?p=54318' aria-hidden='false' data-av_icon='\ue805' data-av_iconfont='entypo-fontello' title='' data-avia-related-tooltip='Compartir por correo'><span class='avia_hidden_link_text'>Compartir por correo<\/span><\/a><\/li><\/ul><\/div><\/div>\n<div  style='height:50px' class='hr hr-invisible   avia-builder-el-8  el_after_av_social_share  el_before_av_comments_list '><span class='hr-inner ' ><span class='hr-inner-style'><\/span><\/span><\/div>\n<div  class='av-buildercomment  av-blog-meta-html-info-disabled av-blog-meta-tag-disabled  '><\/div>\n","protected":false},"excerpt":{"rendered":"","protected":false},"author":1,"featured_media":54319,"comment_status":"closed","ping_status":"closed","sticky":false,"template":"","format":"standard","meta":{"footnotes":""},"categories":[52],"tags":[],"class_list":["post-54318","post","type-post","status-publish","format-standard","has-post-thumbnail","hentry","category-cultura"],"jetpack_featured_media_url":"https:\/\/radiorevelacionfm.cl\/wp-content\/uploads\/2025\/05\/cueva-rupestre-ibanTHez-1_optimized.jpeg","_links":{"self":[{"href":"https:\/\/radiorevelacionfm.cl\/index.php?rest_route=\/wp\/v2\/posts\/54318","targetHints":{"allow":["GET"]}}],"collection":[{"href":"https:\/\/radiorevelacionfm.cl\/index.php?rest_route=\/wp\/v2\/posts"}],"about":[{"href":"https:\/\/radiorevelacionfm.cl\/index.php?rest_route=\/wp\/v2\/types\/post"}],"author":[{"embeddable":true,"href":"https:\/\/radiorevelacionfm.cl\/index.php?rest_route=\/wp\/v2\/users\/1"}],"replies":[{"embeddable":true,"href":"https:\/\/radiorevelacionfm.cl\/index.php?rest_route=%2Fwp%2Fv2%2Fcomments&post=54318"}],"version-history":[{"count":2,"href":"https:\/\/radiorevelacionfm.cl\/index.php?rest_route=\/wp\/v2\/posts\/54318\/revisions"}],"predecessor-version":[{"id":54321,"href":"https:\/\/radiorevelacionfm.cl\/index.php?rest_route=\/wp\/v2\/posts\/54318\/revisions\/54321"}],"wp:featuredmedia":[{"embeddable":true,"href":"https:\/\/radiorevelacionfm.cl\/index.php?rest_route=\/wp\/v2\/media\/54319"}],"wp:attachment":[{"href":"https:\/\/radiorevelacionfm.cl\/index.php?rest_route=%2Fwp%2Fv2%2Fmedia&parent=54318"}],"wp:term":[{"taxonomy":"category","embeddable":true,"href":"https:\/\/radiorevelacionfm.cl\/index.php?rest_route=%2Fwp%2Fv2%2Fcategories&post=54318"},{"taxonomy":"post_tag","embeddable":true,"href":"https:\/\/radiorevelacionfm.cl\/index.php?rest_route=%2Fwp%2Fv2%2Ftags&post=54318"}],"curies":[{"name":"wp","href":"https:\/\/api.w.org\/{rel}","templated":true}]}}