{"id":54315,"date":"2025-05-23T15:27:23","date_gmt":"2025-05-23T18:27:23","guid":{"rendered":"https:\/\/radiorevelacionfm.cl\/?p=54315"},"modified":"2025-05-23T15:27:23","modified_gmt":"2025-05-23T18:27:23","slug":"en-la-escuela-victor-domingo-silva-de-coyhaique-se-conmemoro-dia-nacional-de-la-memoria-y-educacion-sobre-desastres-socio-naturales","status":"publish","type":"post","link":"https:\/\/radiorevelacionfm.cl\/?p=54315","title":{"rendered":"En la Escuela V\u00edctor Domingo Silva de Coyhaique se conmemor\u00f3 D\u00eda Nacional de la Memoria y Educaci\u00f3n sobre Desastres Socio Naturales"},"content":{"rendered":"<div class=\"flex_column av_one_full  flex_column_div av-zero-column-padding first  avia-builder-el-0  el_before_av_one_full  avia-builder-el-first  \" style='border-radius:0px; '><div  class='avia-image-container  av-styling-    avia-builder-el-1  avia-builder-el-no-sibling  avia-align-center '  itemprop=\"image\" itemscope=\"itemscope\" itemtype=\"https:\/\/schema.org\/ImageObject\"  ><div class='avia-image-container-inner'><div class='avia-image-overlay-wrap'><img decoding=\"async\" class='wp-image-54316 avia-img-lazy-loading-not-54316 avia_image' src=\"https:\/\/radiorevelacionfm.cl\/wp-content\/uploads\/2025\/05\/Esc-VDS-1-1.jpeg\" alt='' title='Esc VDS (1) (1)' height=\"600\" width=\"900\"  itemprop=\"thumbnailUrl\" srcset=\"https:\/\/radiorevelacionfm.cl\/wp-content\/uploads\/2025\/05\/Esc-VDS-1-1.jpeg 900w, https:\/\/radiorevelacionfm.cl\/wp-content\/uploads\/2025\/05\/Esc-VDS-1-1-300x200.jpeg 300w, https:\/\/radiorevelacionfm.cl\/wp-content\/uploads\/2025\/05\/Esc-VDS-1-1-768x512.jpeg 768w, https:\/\/radiorevelacionfm.cl\/wp-content\/uploads\/2025\/05\/Esc-VDS-1-1-705x470.jpeg 705w, https:\/\/radiorevelacionfm.cl\/wp-content\/uploads\/2025\/05\/Esc-VDS-1-1-450x300.jpeg 450w, https:\/\/radiorevelacionfm.cl\/wp-content\/uploads\/2025\/05\/Esc-VDS-1-1-600x400.jpeg 600w\" sizes=\"(max-width: 900px) 100vw, 900px\" \/><\/div><\/div><\/div><\/div><div class=\"flex_column av_one_full  flex_column_div av-zero-column-padding first  avia-builder-el-2  el_after_av_one_full  el_before_av_one_full  column-top-margin\" style='border-radius:0px; '><section class=\"av_textblock_section \"  itemscope=\"itemscope\" itemtype=\"https:\/\/schema.org\/BlogPosting\" itemprop=\"blogPost\" ><div class='avia_textblock  '   itemprop=\"text\" ><p style=\"text-align: center;\"><span style=\"font-size: 18pt;\"><b>En la Escuela V\u00edctor Domingo Silva de Coyhaique se conmemor\u00f3 D\u00eda Nacional de la Memoria y Educaci\u00f3n sobre Desastres Socio Naturales<\/b><\/span><\/p>\n<div id=\"gtx-trans\" style=\"position: absolute; left: -50px; top: 4.31534px;\">\n<div class=\"gtx-trans-icon\"><\/div>\n<\/div>\n<\/div><\/section><\/div><div class=\"flex_column av_one_full  flex_column_div av-zero-column-padding first  avia-builder-el-4  el_after_av_one_full  el_before_av_hr  column-top-margin\" style='border-radius:0px; '><section class=\"av_textblock_section \"  itemscope=\"itemscope\" itemtype=\"https:\/\/schema.org\/BlogPosting\" itemprop=\"blogPost\" ><div class='avia_textblock  '   itemprop=\"text\" ><p class=\"v1MsoNormal\" style=\"text-align: justify;\">El 22 de mayo es la conmemoraci\u00f3n del D\u00eda Nacional de la Memoria y Educaci\u00f3n sobre Desastres Socio-Naturales y durante esa jornada, los establecimientos educacionales hicieron un minuto de silencio a las 15:11 horas.<\/p>\n<p class=\"v1MsoNormal\" style=\"text-align: justify;\">De acuerdo a lo establecido en la ley 21.454\u00a0 cada 22 de mayo se conmemora el terremoto de Valdivia en 1960, el m\u00e1s grande registrado en la historia. Este hito busca generar reflexi\u00f3n en torno a la prevenci\u00f3n y construir comunidades resilientes.<\/p>\n<p class=\"v1MsoNormal\" style=\"text-align: justify;\">En ese contexto, el jueves en la Escuela V\u00edctor Domingo Silva de Coyhaique la Seremi de Educaci\u00f3n de Ays\u00e9n Katherine Miqueles, el Director Regional del Servicio Nacional de Prevenci\u00f3n y Respuesta ante Desastres Senapred Ays\u00e9n Alejandro Solar se reunieron\u00a0 con\u00a0 profesores y estudiantes de Sexto A\u00f1o B\u00e1sico del plantel para reflexionar y conocer sobre la historia de los desastres naturales que han afectado al pa\u00eds y a la Regi\u00f3n de Ays\u00e9n y las medidas para prevenir y mitigar sus efectos.<\/p>\n<p class=\"v1MsoNormal\" style=\"text-align: justify;\">En la oportunidad, los estudiantes, director y autoridades presentes participaron de un respetuoso minuto de silencio en homenaje las v\u00edctimas de terremotos y desastres ocurridos en Chile y en la regi\u00f3n.<\/p>\n<p class=\"v1MsoNormal\" style=\"text-align: justify;\">En la oportunidad, Marco Navarro, director de la escuela anfitriona comparti\u00f3 la experiencia de sus padres que sufrieron los efectos del gran sismo del a\u00f1o 1960 y que alcanzaron a la ciudad de Ancud, Chilo\u00e9.<\/p>\n<p class=\"v1MsoNormal\" style=\"text-align: justify;\"><b>Reacciones<\/b><\/p>\n<p class=\"v1MsoNormal\" style=\"text-align: justify;\">Thiare Hern\u00e1ndez, alumna de Sexto A\u00f1o B\u00e1sico expres\u00f3: \u201cme pareci\u00f3 muy buena esta actividad, especialmente el minuto de silencio con el que recordamos a las personas que fallecieron producto de este terremoto. Tambi\u00e9n recibimos un importante aprendizaje sobre que debemos estar preparados como familias para enfrentar un accidente, un incendio. Ac\u00e1 en nuestra escuela se realizan simulacros de evacuaci\u00f3n por incendio, terremoto y fuga de gas y es muy bueno que eso se haga\u201d.<\/p>\n<p class=\"v1MsoNormal\" style=\"text-align: justify;\">Marco Navarro detall\u00f3 que \u201cRelevamos este hito que nos permite recordar un hecho que caus\u00f3 mucho dolor, destrucci\u00f3n y muerte, pero tambi\u00e9n entrega grandes ense\u00f1anzas acerca de la prevenci\u00f3n principalmente. En ese tenor agradecemos que nos acompa\u00f1en hoy el director de Senapred y la Seremi de Educaci\u00f3n\u201d.<\/p>\n<p class=\"v1MsoNormal\" style=\"text-align: justify;\">El Director Regional de Senapred Alejandro Solar manifest\u00f3 \u201cEste d\u00eda establecido mediante la Ley 21.454 se llama a la comunidad a recordar esta fecha, a reflexionar y tambi\u00e9n al aprendizaje. En todo Chile tenemos que estar preparados apara todo tipo de contingencias: terremotos, inundaciones, incendios, nevadas intensas. Es en los colegios como este donde debemos ense\u00f1arle a ni\u00f1as y ni\u00f1os que deben estar preparados para reaccionar y actuar dentro de su rol frente a estas situaciones de emergencia. El terremoto de Valdivia de 1960 ocurrido hace 65 a\u00f1os fue un hecho terrible que sin embargo nos dej\u00f3 grandes ense\u00f1anzas y a partir de entonces nuestro\u00a0 pa\u00eds ha progresado en materia de prevenci\u00f3n y protecci\u00f3n de las personas\u201d.<\/p>\n<p class=\"v1MsoNormal\" style=\"text-align: justify;\">Katherine Miqueles destac\u00f3 que \u201cEn las escuelas y liceos del pa\u00eds hoy se realiza este acto de memoria en recuerdo de las miles de v\u00edctimas de terremotos y otras cat\u00e1strofes ocurridas en nuestro pa\u00eds; pero esta es una memoria activa que nos mueve a la acci\u00f3n preventiva, a planificar y adoptar medidas que eviten p\u00e9rdidas de vidas y mitiguen los da\u00f1os en emergencias futuras\u201d.<\/p>\n<\/div><\/section><\/div><div  style='height:50px' class='hr hr-invisible   avia-builder-el-6  el_after_av_one_full  el_before_av_social_share '><span class='hr-inner ' ><span class='hr-inner-style'><\/span><\/span><\/div><\/p>\n<div  class='av-social-sharing-box  avia-builder-el-7  el_after_av_hr  el_before_av_hr  '><div class='av-share-box'><h5 class='av-share-link-description av-no-toc '>Compartir esta noticia<\/h5><ul class='av-share-box-list noLightbox'><li class='av-share-link av-social-link-facebook' ><a target=\"_blank\" aria-label=\"Compartir en Facebook\" href='https:\/\/www.facebook.com\/sharer.php?u=https:\/\/radiorevelacionfm.cl\/?p=54315&#038;t=En%20la%20Escuela%20V%C3%ADctor%20Domingo%20Silva%20de%20Coyhaique%20se%20conmemor%C3%B3%20D%C3%ADa%20Nacional%20de%20la%20Memoria%20y%20Educaci%C3%B3n%20sobre%20Desastres%20Socio%20Naturales' aria-hidden='false' data-av_icon='\ue8f3' data-av_iconfont='entypo-fontello' title='' data-avia-related-tooltip='Compartir en Facebook' rel=\"noopener\"><span class='avia_hidden_link_text'>Compartir en Facebook<\/span><\/a><\/li><li class='av-share-link av-social-link-twitter' ><a target=\"_blank\" aria-label=\"Compartir en Twitter\" href='https:\/\/twitter.com\/share?text=En%20la%20Escuela%20V%C3%ADctor%20Domingo%20Silva%20de%20Coyhaique%20se%20conmemor%C3%B3%20D%C3%ADa%20Nacional%20de%20la%20Memoria%20y%20Educaci%C3%B3n%20sobre%20Desastres%20Socio%20Naturales&#038;url=https:\/\/radiorevelacionfm.cl\/?p=54315' aria-hidden='false' data-av_icon='\ue8f1' data-av_iconfont='entypo-fontello' title='' data-avia-related-tooltip='Compartir en Twitter' rel=\"noopener\"><span class='avia_hidden_link_text'>Compartir en Twitter<\/span><\/a><\/li><li class='av-share-link av-social-link-whatsapp' ><a target=\"_blank\" aria-label=\"Compartir en Whatsapp\" href='https:\/\/api.whatsapp.com\/send?text=https:\/\/radiorevelacionfm.cl\/?p=54315' aria-hidden='false' data-av_icon='\uf232' data-av_iconfont='entypo-fontello' title='' data-avia-related-tooltip='Compartir en Whatsapp' rel=\"noopener\"><span class='avia_hidden_link_text'>Compartir en Whatsapp<\/span><\/a><\/li><li class='av-share-link av-social-link-linkedin' ><a target=\"_blank\" aria-label=\"Compartir en LinkedIn\" href='https:\/\/linkedin.com\/shareArticle?mini=true&#038;title=En%20la%20Escuela%20V%C3%ADctor%20Domingo%20Silva%20de%20Coyhaique%20se%20conmemor%C3%B3%20D%C3%ADa%20Nacional%20de%20la%20Memoria%20y%20Educaci%C3%B3n%20sobre%20Desastres%20Socio%20Naturales&#038;url=https:\/\/radiorevelacionfm.cl\/?p=54315' aria-hidden='false' data-av_icon='\ue8fc' data-av_iconfont='entypo-fontello' title='' data-avia-related-tooltip='Compartir en LinkedIn' rel=\"noopener\"><span class='avia_hidden_link_text'>Compartir en LinkedIn<\/span><\/a><\/li><li class='av-share-link av-social-link-mail' ><a  aria-label=\"Compartir por correo\" href='mailto:?subject=En%20la%20Escuela%20V%C3%ADctor%20Domingo%20Silva%20de%20Coyhaique%20se%20conmemor%C3%B3%20D%C3%ADa%20Nacional%20de%20la%20Memoria%20y%20Educaci%C3%B3n%20sobre%20Desastres%20Socio%20Naturales&#038;body=https:\/\/radiorevelacionfm.cl\/?p=54315' aria-hidden='false' data-av_icon='\ue805' data-av_iconfont='entypo-fontello' title='' data-avia-related-tooltip='Compartir por correo'><span class='avia_hidden_link_text'>Compartir por correo<\/span><\/a><\/li><\/ul><\/div><\/div>\n<div  style='height:50px' class='hr hr-invisible   avia-builder-el-8  el_after_av_social_share  el_before_av_comments_list '><span class='hr-inner ' ><span class='hr-inner-style'><\/span><\/span><\/div>\n<div  class='av-buildercomment  av-blog-meta-html-info-disabled av-blog-meta-tag-disabled  '><\/div>\n","protected":false},"excerpt":{"rendered":"","protected":false},"author":1,"featured_media":54316,"comment_status":"closed","ping_status":"closed","sticky":false,"template":"","format":"standard","meta":{"footnotes":""},"categories":[49],"tags":[],"class_list":["post-54315","post","type-post","status-publish","format-standard","has-post-thumbnail","hentry","category-educacion"],"jetpack_featured_media_url":"https:\/\/radiorevelacionfm.cl\/wp-content\/uploads\/2025\/05\/Esc-VDS-1-1.jpeg","_links":{"self":[{"href":"https:\/\/radiorevelacionfm.cl\/index.php?rest_route=\/wp\/v2\/posts\/54315","targetHints":{"allow":["GET"]}}],"collection":[{"href":"https:\/\/radiorevelacionfm.cl\/index.php?rest_route=\/wp\/v2\/posts"}],"about":[{"href":"https:\/\/radiorevelacionfm.cl\/index.php?rest_route=\/wp\/v2\/types\/post"}],"author":[{"embeddable":true,"href":"https:\/\/radiorevelacionfm.cl\/index.php?rest_route=\/wp\/v2\/users\/1"}],"replies":[{"embeddable":true,"href":"https:\/\/radiorevelacionfm.cl\/index.php?rest_route=%2Fwp%2Fv2%2Fcomments&post=54315"}],"version-history":[{"count":2,"href":"https:\/\/radiorevelacionfm.cl\/index.php?rest_route=\/wp\/v2\/posts\/54315\/revisions"}],"predecessor-version":[{"id":54325,"href":"https:\/\/radiorevelacionfm.cl\/index.php?rest_route=\/wp\/v2\/posts\/54315\/revisions\/54325"}],"wp:featuredmedia":[{"embeddable":true,"href":"https:\/\/radiorevelacionfm.cl\/index.php?rest_route=\/wp\/v2\/media\/54316"}],"wp:attachment":[{"href":"https:\/\/radiorevelacionfm.cl\/index.php?rest_route=%2Fwp%2Fv2%2Fmedia&parent=54315"}],"wp:term":[{"taxonomy":"category","embeddable":true,"href":"https:\/\/radiorevelacionfm.cl\/index.php?rest_route=%2Fwp%2Fv2%2Fcategories&post=54315"},{"taxonomy":"post_tag","embeddable":true,"href":"https:\/\/radiorevelacionfm.cl\/index.php?rest_route=%2Fwp%2Fv2%2Ftags&post=54315"}],"curies":[{"name":"wp","href":"https:\/\/api.w.org\/{rel}","templated":true}]}}